{"id":59682,"date":"2024-08-29T17:59:44","date_gmt":"2024-08-29T21:59:44","guid":{"rendered":"https:\/\/inces.gob.ve\/?p=59682"},"modified":"2024-08-29T17:59:44","modified_gmt":"2024-08-29T21:59:44","slug":"barinas-mas-de-60-jovenes-y-adultos-se-graduan-como-bachilleres-en-el-liceo-inces","status":"publish","type":"post","link":"https:\/\/inces.gob.ve\/index.php\/2024\/08\/29\/barinas-mas-de-60-jovenes-y-adultos-se-graduan-como-bachilleres-en-el-liceo-inces\/","title":{"rendered":"BARINAS | M\u00e1s de 60 j\u00f3venes y adultos se grad\u00faan como bachilleres en el Liceo Inces"},"content":{"rendered":"<div>\n<p lang=\"ES-ES\" style=\"text-align: justify;\"><span style=\"font-family: helvetica, arial, sans-serif;\"><em><strong><span lang=\"ES-ES\" style=\"font-size: 14pt;\">** Llenos de sue\u00f1os y esperanzas en un futuro prometedor que inicia con la meta cumplida de ser bachilleres de la Rep\u00fablica<\/span><\/strong><\/em><\/span><\/p>\n<\/div>\n<p style=\"text-align: justify;\"><span style=\"font-family: helvetica, arial, sans-serif;\"><!--more--><\/span><\/p>\n<p lang=\"ES-ES\" style=\"text-align: justify;\">\n<p lang=\"ES-ES\" style=\"text-align: justify;\"><span style=\"font-family: helvetica, arial, sans-serif;\"><strong><span style=\"font-family: helvetica, arial, sans-serif;\"><span style=\"font-size: 18.6667px;\">HIRASYANEL BAYONA<\/span><\/span><\/strong><\/span><\/p>\n<div style=\"text-align: justify;\">\n<p lang=\"ES-ES\"><span style=\"font-family: helvetica, arial, sans-serif; font-size: 14pt;\"><span lang=\"ES-ES\">En una emotiva ceremonia, el Liceo Inces\u00a0Barinas\u00a0llev\u00f3 a cabo el acto de graduaci\u00f3n\u00a0de la XIII promoci\u00f3n de bachilleres con perfil productivo\u00a0de m\u00e1s de 60 estudiantes. La promoci\u00f3n estuvo conformada por j\u00f3venes\u00a0y\u00a0adultos,\u00a0de los ambientes CFS Josefa Camejo, Unidad educativa especial Dr. Rafael Vega S\u00e1nchez,\u00a0base de misiones San\u00a0Silvestre,\u00a0conjuntamente, desde otra instancia,\u00a0con un grupo de privados de libertad del Instituto Judicial Barinas,\u00a0quienes, a trav\u00e9s de su dedicaci\u00f3n y esfuerzo, lograron culminar sus estudios secundarios.<\/span>\u00a0<\/span><\/p>\n<p lang=\"ES-ES\">\n<\/div>\n<div style=\"text-align: justify;\">\n<p lang=\"ES-ES\"><span style=\"font-family: helvetica, arial, sans-serif; font-size: 14pt;\"><span lang=\"ES-ES\">El evento fue presidido por el gerente regional \u00c1lvaro Oviedo, jefe de formaci\u00f3n profesional Alejandro Flores, directora Amelia N\u00fa\u00f1ez y subdirectora Mar\u00eda Montilla, quienes destacaron el esfuerzo y la dedicaci\u00f3n de los graduandos, y adem\u00e1s, cont\u00f3 con el acompa\u00f1amiento de la coral Manos blancas \u00a0de la Unidad educativa especial Dr. Rafael Vega S\u00e1nchez y con una representaci\u00f3n de la orquesta del Liceo Herminio Le\u00f3n Colmenarez, quienes amenizaron majestuosamente la actividad.<\/span><\/span><\/p>\n<\/div>\n<p lang=\"ES-ES\" style=\"text-align: justify;\">\n<div style=\"text-align: justify;\">\n<p lang=\"ES-ES\"><span style=\"font-family: helvetica, arial, sans-serif; font-size: 14pt;\"><span lang=\"ES-ES\">La directora del Liceo, Amelia N\u00fa\u00f1ez, expres\u00f3 su orgullo por los graduandos, resaltando la importancia de la educaci\u00f3n como una herramienta transformadora para el desarrollo personal y profesional. \u201cHoy celebramos no solo un logro acad\u00e9mico, sino tambi\u00e9n la perseverancia y el compromiso de cada uno de ustedes por alcanzar esta meta\u201d, se\u00f1al\u00f3 N\u00fa\u00f1ez durante su discurso.<\/span><\/span><\/p>\n<\/div>\n<p lang=\"ES-ES\" style=\"text-align: justify;\">\n<div style=\"text-align: justify;\">\n<p lang=\"ES-ES\"><span style=\"font-family: helvetica, arial, sans-serif; font-size: 14pt;\"><span lang=\"ES-ES\">Por su parte, \u00c1lvaro Oviedo, gerente regional de\u00a0Inces, felicit\u00f3 a los nuevos bachilleres y les inst\u00f3 a continuar su formaci\u00f3n acad\u00e9mica y profesional. \u201cEste es solo el comienzo de un camino lleno de oportunidades. Sigamos apostando por la educaci\u00f3n y el crecimiento personal\u201d, afirm\u00f3 Oviedo.<\/span><\/span><\/p>\n<\/div>\n<p lang=\"ES-ES\" style=\"text-align: justify;\">\n<div style=\"text-align: justify;\">\n<p lang=\"ES-ES\"><span style=\"font-family: helvetica, arial, sans-serif; font-size: 14pt;\"><span lang=\"ES-ES\">El acto de graduaci\u00f3n fue un reflejo del compromiso del Liceo Inces con la inclusi\u00f3n educativa y el apoyo a aquellos que desean continuar su formaci\u00f3n, sin importar su edad. La ceremonia concluy\u00f3 con la entrega de diplomas y un emotivo reconocimiento al personal docente y administrativo que\u00a0destacaron por su esfuerzo,\u00a0dedicaci\u00f3n\u00a0y apoyo para la consolidaci\u00f3n de esta meta.<\/span><\/span><\/p>\n<\/div>\n<p lang=\"ES-ES\" style=\"text-align: justify;\">\n<div>\n<p lang=\"ES-ES\" style=\"text-align: justify;\"><span style=\"font-family: helvetica, arial, sans-serif; font-size: 14pt;\"><span lang=\"ES-ES\">Este evento marca una etapa\u00a0importante para el Liceo\u00a0Inces\u00a0y sus graduandos, quienes ahora se preparan para enfrentar nuevos desaf\u00edos en sus vidas acad\u00e9micas y laborales.<\/span>\u00a0<\/span><\/p>\n<\/div>\n","protected":false},"excerpt":{"rendered":"<p>** Llenos de sue\u00f1os y esperanzas en un futuro prometedor que inicia con la meta cumplida de ser bachilleres de la Rep\u00fablica<\/p>\n","protected":false},"author":4,"featured_media":59683,"comment_status":"closed","ping_status":"closed","sticky":false,"template":"","format":"standard","meta":{"footnotes":""},"categories":[2],"tags":[],"class_list":["post-59682","post","type-post","status-publish","format-standard","has-post-thumbnail","hentry","category-blog"],"_links":{"self":[{"href":"https:\/\/inces.gob.ve\/index.php\/wp-json\/wp\/v2\/posts\/59682","targetHints":{"allow":["GET"]}}],"collection":[{"href":"https:\/\/inces.gob.ve\/index.php\/wp-json\/wp\/v2\/posts"}],"about":[{"href":"https:\/\/inces.gob.ve\/index.php\/wp-json\/wp\/v2\/types\/post"}],"author":[{"embeddable":true,"href":"https:\/\/inces.gob.ve\/index.php\/wp-json\/wp\/v2\/users\/4"}],"replies":[{"embeddable":true,"href":"https:\/\/inces.gob.ve\/index.php\/wp-json\/wp\/v2\/comments?post=59682"}],"version-history":[{"count":1,"href":"https:\/\/inces.gob.ve\/index.php\/wp-json\/wp\/v2\/posts\/59682\/revisions"}],"predecessor-version":[{"id":59684,"href":"https:\/\/inces.gob.ve\/index.php\/wp-json\/wp\/v2\/posts\/59682\/revisions\/59684"}],"wp:featuredmedia":[{"embeddable":true,"href":"https:\/\/inces.gob.ve\/index.php\/wp-json\/wp\/v2\/media\/59683"}],"wp:attachment":[{"href":"https:\/\/inces.gob.ve\/index.php\/wp-json\/wp\/v2\/media?parent=59682"}],"wp:term":[{"taxonomy":"category","embeddable":true,"href":"https:\/\/inces.gob.ve\/index.php\/wp-json\/wp\/v2\/categories?post=59682"},{"taxonomy":"post_tag","embeddable":true,"href":"https:\/\/inces.gob.ve\/index.php\/wp-json\/wp\/v2\/tags?post=59682"}],"curies":[{"name":"wp","href":"https:\/\/api.w.org\/{rel}","templated":true}]}}