{"id":59733,"date":"2024-09-03T11:44:56","date_gmt":"2024-09-03T15:44:56","guid":{"rendered":"https:\/\/inces.gob.ve\/?p=59733"},"modified":"2024-09-05T15:23:42","modified_gmt":"2024-09-05T19:23:42","slug":"carabobo-programa-bachillerato-productivo-entrego-mas-de-170-titulos-en-carabobo","status":"publish","type":"post","link":"https:\/\/inces.gob.ve\/index.php\/2024\/09\/03\/carabobo-programa-bachillerato-productivo-entrego-mas-de-170-titulos-en-carabobo\/","title":{"rendered":"CARABOBO | Programa Bachillerato Productivo entrego m\u00e1s de 170 t\u00edtulos"},"content":{"rendered":"<div id=\":ra\" class=\"ii gt\">\n<div id=\":n4\" class=\"a3s aiL \">\n<div dir=\"auto\">\n<div dir=\"auto\" style=\"text-align: justify;\"><span style=\"font-family: helvetica, arial, sans-serif; font-size: 14pt;\"><em><strong>** En dos municipios se realizaron actos de forma simult\u00e1nea con los graduandos<\/strong><\/em><\/span><\/div>\n<\/div>\n<\/div>\n<\/div>\n<p style=\"text-align: justify;\"><!--more--><\/p>\n<div dir=\"auto\" style=\"text-align: justify;\"><\/div>\n<div dir=\"auto\" style=\"text-align: justify;\"><strong><span style=\"font-family: helvetica, arial, sans-serif; font-size: 14pt;\">ATILIA CORTEZ<\/span><\/strong><\/div>\n<div dir=\"auto\" style=\"text-align: justify;\"><\/div>\n<div id=\":ra\" class=\"ii gt\">\n<div id=\":n4\" class=\"a3s aiL \">\n<div dir=\"auto\" style=\"text-align: justify;\">\n<div dir=\"auto\"><span style=\"font-family: helvetica, arial, sans-serif; font-size: 14pt;\">Desde el auditorio del Centro de Formaci\u00f3n Luis Beltr\u00e1n Prieto Figueroa, en el sector Los Colorados de Valencia, se realiz\u00f3 el acto principal previa conexi\u00f3n con la sede principal del Inces.<\/span><\/div>\n<div dir=\"auto\"><\/div>\n<div dir=\"auto\"><\/div>\n<div dir=\"auto\"><span style=\"font-family: helvetica, arial, sans-serif; font-size: 14pt;\">Se pudo conocer que j\u00f3venes, adultos y una adulta mayor recibieron su t\u00edtulo de Bachiller Productivo con su respectivo certificado en una ocupaci\u00f3n productiva.<\/span><\/div>\n<div dir=\"auto\"><\/div>\n<div dir=\"auto\"><\/div>\n<div dir=\"auto\"><span style=\"font-family: helvetica, arial, sans-serif; font-size: 14pt;\">La actividad en la regi\u00f3n carabobe\u00f1a estuvo presidida por Yorman Rosal, gerente regional de Inces Carabobo en compa\u00f1\u00eda de Rusbelis S\u00e1nchez, coordinadora regional del Liceo Nacional Inces junto a Rosendo Yllarramendi, jefe de la Divisi\u00f3n de Formaci\u00f3n Profesional.<\/span><\/div>\n<div dir=\"auto\"><\/div>\n<div dir=\"auto\"><\/div>\n<div dir=\"auto\"><span style=\"font-family: helvetica, arial, sans-serif; font-size: 14pt;\">Otros de los municipios donde se otorgaron t\u00edtulos de Bachiller Productivo fue Guacara, actividad bajo la supervisi\u00f3n de Jakeline R\u00edos y la gerencia regional.<\/span><\/div>\n<div dir=\"auto\"><\/div>\n<div dir=\"auto\"><\/div>\n<div dir=\"auto\"><span style=\"font-family: helvetica, arial, sans-serif; font-size: 14pt;\">Finalmente, el joven Eliezer Ricardo, luego de recibir su t\u00edtulo de Bachiller Productivo expres\u00f3: \u00abMe siento muy agradecido al Inces por esta oportunidad; adem\u00e1s de querer seguir avanzando en mi formaci\u00f3n profesional\u00bb.<\/span><\/div>\n<\/div>\n<div class=\"yj6qo\" style=\"text-align: justify;\"><\/div>\n<div class=\"adL\"><\/div>\n<\/div>\n<\/div>\n<div id=\":o3\" class=\"hq gt\"><\/div>\n","protected":false},"excerpt":{"rendered":"<p>** En dos municipios se realizaron actos de forma simult\u00e1nea con los graduandos<\/p>\n","protected":false},"author":4,"featured_media":59734,"comment_status":"closed","ping_status":"closed","sticky":false,"template":"","format":"standard","meta":{"footnotes":""},"categories":[2],"tags":[],"class_list":["post-59733","post","type-post","status-publish","format-standard","has-post-thumbnail","hentry","category-blog"],"_links":{"self":[{"href":"https:\/\/inces.gob.ve\/index.php\/wp-json\/wp\/v2\/posts\/59733","targetHints":{"allow":["GET"]}}],"collection":[{"href":"https:\/\/inces.gob.ve\/index.php\/wp-json\/wp\/v2\/posts"}],"about":[{"href":"https:\/\/inces.gob.ve\/index.php\/wp-json\/wp\/v2\/types\/post"}],"author":[{"embeddable":true,"href":"https:\/\/inces.gob.ve\/index.php\/wp-json\/wp\/v2\/users\/4"}],"replies":[{"embeddable":true,"href":"https:\/\/inces.gob.ve\/index.php\/wp-json\/wp\/v2\/comments?post=59733"}],"version-history":[{"count":2,"href":"https:\/\/inces.gob.ve\/index.php\/wp-json\/wp\/v2\/posts\/59733\/revisions"}],"predecessor-version":[{"id":59759,"href":"https:\/\/inces.gob.ve\/index.php\/wp-json\/wp\/v2\/posts\/59733\/revisions\/59759"}],"wp:featuredmedia":[{"embeddable":true,"href":"https:\/\/inces.gob.ve\/index.php\/wp-json\/wp\/v2\/media\/59734"}],"wp:attachment":[{"href":"https:\/\/inces.gob.ve\/index.php\/wp-json\/wp\/v2\/media?parent=59733"}],"wp:term":[{"taxonomy":"category","embeddable":true,"href":"https:\/\/inces.gob.ve\/index.php\/wp-json\/wp\/v2\/categories?post=59733"},{"taxonomy":"post_tag","embeddable":true,"href":"https:\/\/inces.gob.ve\/index.php\/wp-json\/wp\/v2\/tags?post=59733"}],"curies":[{"name":"wp","href":"https:\/\/api.w.org\/{rel}","templated":true}]}}