{"id":59736,"date":"2024-09-04T17:53:56","date_gmt":"2024-09-04T21:53:56","guid":{"rendered":"https:\/\/inces.gob.ve\/?p=59736"},"modified":"2024-09-04T17:53:56","modified_gmt":"2024-09-04T21:53:56","slug":"bolivar-inces-inicia-el-plan-vacacional-comunitario","status":"publish","type":"post","link":"https:\/\/inces.gob.ve\/index.php\/2024\/09\/04\/bolivar-inces-inicia-el-plan-vacacional-comunitario\/","title":{"rendered":"BOL\u00cdVAR | Inces inicia el Plan Vacacional Comunitario\u00a0"},"content":{"rendered":"<p style=\"text-align: justify;\"><span style=\"font-family: helvetica, arial, sans-serif; font-size: 14pt;\"><em><strong>** Arranca una nueva semana de diversi\u00f3n<\/strong><\/em><!--more--><\/span><\/p>\n<p style=\"text-align: justify;\">\n<p style=\"text-align: justify;\">\n<p style=\"text-align: justify;\"><strong><span style=\"font-family: helvetica, arial, sans-serif; font-size: 14pt;\">JOS\u00c9 SU\u00c1REZ<\/span><\/strong><\/p>\n<p style=\"text-align: justify;\"><span style=\"font-family: helvetica, arial, sans-serif; font-size: 14pt;\">Desde este martes se iniciar\u00e1 una nueva semana de atenci\u00f3n integral a los ni\u00f1os y ni\u00f1as. En esta oportunidad, se tiene previsto recibir a los 112 hijos e hijas del personal del Instituto Nacional de Capacitaci\u00f3n y Educaci\u00f3n Socialista (Inces) Bol\u00edvar.<\/span><\/p>\n<p>&nbsp;<\/p>\n<p style=\"text-align: justify;\"><span style=\"font-family: helvetica, arial, sans-serif; font-size: 14pt;\">Este Plan Vacacional Comunitario es organizado por la Gerencia Regional, Divisi\u00f3n de Administraci\u00f3n y la Divisi\u00f3n de Talento Humano del Inces Bol\u00edvar. Su objetivo es no solo entretener a los ni\u00f1os, ni\u00f1as y adolescentes, sino tambi\u00e9n fomentar su desarrollo integral a trav\u00e9s de diversas actividades. Con una combinaci\u00f3n de educaci\u00f3n, diversi\u00f3n y socializaci\u00f3n, este plan se convierte en una celebraci\u00f3n que coincide con el 65 aniversario de la instituci\u00f3n.<\/span><\/p>\n<p>&nbsp;<\/p>\n<p style=\"text-align: justify;\"><span style=\"font-family: helvetica, arial, sans-serif; font-size: 14pt;\">El objetivo principal del Plan Vacacional Comunitario es proporcionar un espacio seguro donde los ni\u00f1os y ni\u00f1as puedan participar en actividades educativas y recreativas. Esto busca abordar la necesidad de ocupaci\u00f3n de los menores durante el per\u00edodo vacacional, evitando el ocio que podr\u00eda conducir a situaciones indeseadas. Adem\u00e1s, se pretende estimular habilidades sociales, creativas y f\u00edsicas, promoviendo una formaci\u00f3n integral en un entorno adecuado.<\/span><\/p>\n<p>&nbsp;<\/p>\n<p style=\"text-align: justify;\"><span style=\"font-family: helvetica, arial, sans-serif; font-size: 14pt;\">Entre las actividades previstas para la recreaci\u00f3n de los ni\u00f1os y ni\u00f1as, est\u00e1 la visita este mi\u00e9rcoles al centro de diversi\u00f3n y entretenimiento de Ciudad Alta Vista 2, para los ni\u00f1os y ni\u00f1as de entre 3 y 8 a\u00f1os de edad. Adem\u00e1s, de manera simult\u00e1nea, los adolescentes de 9 a 15 a\u00f1os recibir\u00e1n una formaci\u00f3n de mini chef en el Sal\u00f3n Popular del Centro de Formaci\u00f3n Socialista \u00abManuel Piar\u00bb.<\/span><\/p>\n<p>&nbsp;<\/p>\n<p style=\"text-align: justify;\"><span style=\"font-family: helvetica, arial, sans-serif; font-size: 14pt;\">En los d\u00edas consecutivos, los ni\u00f1os y ni\u00f1as tendr\u00e1n un contacto natural en el Parque Nacional \u00abLa Llovizna\u00bb y una actividad en la piscina, junto con los recreadores y facilitadores especializados. Estas actividades buscar\u00e1n promover la creatividad, as\u00ed como el uso y la pr\u00e1ctica en la preservaci\u00f3n ambiental, y que los participantes se identifiquen con el patrimonio cultural y natural de la Patria, logrando desarrollar en ellos su sensibilidad y cualidades ecosocialistas.<\/span><\/p>\n","protected":false},"excerpt":{"rendered":"<p>** Arranca una nueva semana de diversi\u00f3n<\/p>\n","protected":false},"author":4,"featured_media":59737,"comment_status":"closed","ping_status":"closed","sticky":false,"template":"","format":"standard","meta":{"footnotes":""},"categories":[2],"tags":[],"class_list":["post-59736","post","type-post","status-publish","format-standard","has-post-thumbnail","hentry","category-blog"],"_links":{"self":[{"href":"https:\/\/inces.gob.ve\/index.php\/wp-json\/wp\/v2\/posts\/59736","targetHints":{"allow":["GET"]}}],"collection":[{"href":"https:\/\/inces.gob.ve\/index.php\/wp-json\/wp\/v2\/posts"}],"about":[{"href":"https:\/\/inces.gob.ve\/index.php\/wp-json\/wp\/v2\/types\/post"}],"author":[{"embeddable":true,"href":"https:\/\/inces.gob.ve\/index.php\/wp-json\/wp\/v2\/users\/4"}],"replies":[{"embeddable":true,"href":"https:\/\/inces.gob.ve\/index.php\/wp-json\/wp\/v2\/comments?post=59736"}],"version-history":[{"count":1,"href":"https:\/\/inces.gob.ve\/index.php\/wp-json\/wp\/v2\/posts\/59736\/revisions"}],"predecessor-version":[{"id":59738,"href":"https:\/\/inces.gob.ve\/index.php\/wp-json\/wp\/v2\/posts\/59736\/revisions\/59738"}],"wp:featuredmedia":[{"embeddable":true,"href":"https:\/\/inces.gob.ve\/index.php\/wp-json\/wp\/v2\/media\/59737"}],"wp:attachment":[{"href":"https:\/\/inces.gob.ve\/index.php\/wp-json\/wp\/v2\/media?parent=59736"}],"wp:term":[{"taxonomy":"category","embeddable":true,"href":"https:\/\/inces.gob.ve\/index.php\/wp-json\/wp\/v2\/categories?post=59736"},{"taxonomy":"post_tag","embeddable":true,"href":"https:\/\/inces.gob.ve\/index.php\/wp-json\/wp\/v2\/tags?post=59736"}],"curies":[{"name":"wp","href":"https:\/\/api.w.org\/{rel}","templated":true}]}}