{"id":59763,"date":"2024-09-05T15:30:34","date_gmt":"2024-09-05T19:30:34","guid":{"rendered":"https:\/\/inces.gob.ve\/?p=59763"},"modified":"2024-09-05T15:31:24","modified_gmt":"2024-09-05T19:31:24","slug":"aragua-cfs-construccion-la-candelaria-impulsa-formacion-en-refrigeracion-y-electromecanica","status":"publish","type":"post","link":"https:\/\/inces.gob.ve\/index.php\/2024\/09\/05\/aragua-cfs-construccion-la-candelaria-impulsa-formacion-en-refrigeracion-y-electromecanica\/","title":{"rendered":"ARAGUA | CFS Construcci\u00f3n La Candelaria Impulsa Formaci\u00f3n en Refrigeraci\u00f3n y Electromec\u00e1nica"},"content":{"rendered":"<p style=\"text-align: justify;\"><em><strong><span style=\"font-family: helvetica, arial, sans-serif; font-size: 14pt;\">** Un compromiso para revitalizar los m\u00e9todos de formaci\u00f3n<\/span><\/strong><\/em><\/p>\n<p><!--more--><\/p>\n<p>&nbsp;<\/p>\n<p style=\"text-align: justify;\"><strong><span style=\"font-family: helvetica, arial, sans-serif; font-size: 14pt;\">ANA RODR\u00cdGUEZ<\/span><\/strong><\/p>\n<p style=\"text-align: justify;\"><span style=\"font-family: helvetica, arial, sans-serif; font-size: 14pt;\">Henri Gil, jefe del Centro de Formaci\u00f3n Socialista (CFS) Construcci\u00f3n La Candelaria, destac\u00f3 la importancia de rescatar y potenciar las formaciones propias del centro. En una reciente intervenci\u00f3n, mencion\u00f3 que tras a\u00f1os de vandalismo se est\u00e1n revitalizando los espacios educativos, con el apoyo de la Gerencia Regional a cargo Yelitza Rodr\u00edguez, para ofrecer una capacitaci\u00f3n de calidad en \u00e1reas cr\u00edticas como la Refrigeraci\u00f3n y la Electromec\u00e1nica.<\/span><\/p>\n<p style=\"text-align: justify;\">\n<p style=\"text-align: justify;\"><span style=\"font-family: helvetica, arial, sans-serif; font-size: 14pt;\">Gil subray\u00f3 que la formaci\u00f3n continua de los maestros t\u00e9cnicos es esencial para que estos puedan a su vez multiplicar sus conocimientos entre los estudiantes. Actualmente, el CFS\u00a0 cuenta con\u00a0 un grupo consolidado de 26 estudiantes. Entre ellos, se encuentran j\u00f3venes desde los 15 hasta los 81 a\u00f1os, muchos de los cuales ya tienen experiencia pr\u00e1ctica en sus talleres.<\/span><\/p>\n<p style=\"text-align: justify;\">\n<p style=\"text-align: justify;\"><span style=\"font-family: helvetica, arial, sans-serif; font-size: 14pt;\">El programa incluye unidades curriculares de 66 horas, con un total aproximado de 650 horas de formaci\u00f3n. Este esfuerzo busca no solo mejorar las habilidades t\u00e9cnicas de los participantes, sino tambi\u00e9n establecer un programa nacional de formaci\u00f3n en este, as\u00ed como fortalecer los programas de formaci\u00f3n en las a\u00e9reas existentes, con estas iniciativas, el CFS Construcci\u00f3n La Candelaria reafirma su compromiso con la educaci\u00f3n t\u00e9cnica y la formaci\u00f3n integral de profesionales capacitados para enfrentar los desaf\u00edos del sector.<\/span><\/p>\n","protected":false},"excerpt":{"rendered":"<p>** Un compromiso para revitalizar los m\u00e9todos de formaci\u00f3n<\/p>\n","protected":false},"author":4,"featured_media":55103,"comment_status":"closed","ping_status":"closed","sticky":false,"template":"","format":"standard","meta":{"footnotes":""},"categories":[2],"tags":[],"class_list":["post-59763","post","type-post","status-publish","format-standard","has-post-thumbnail","hentry","category-blog"],"_links":{"self":[{"href":"https:\/\/inces.gob.ve\/index.php\/wp-json\/wp\/v2\/posts\/59763","targetHints":{"allow":["GET"]}}],"collection":[{"href":"https:\/\/inces.gob.ve\/index.php\/wp-json\/wp\/v2\/posts"}],"about":[{"href":"https:\/\/inces.gob.ve\/index.php\/wp-json\/wp\/v2\/types\/post"}],"author":[{"embeddable":true,"href":"https:\/\/inces.gob.ve\/index.php\/wp-json\/wp\/v2\/users\/4"}],"replies":[{"embeddable":true,"href":"https:\/\/inces.gob.ve\/index.php\/wp-json\/wp\/v2\/comments?post=59763"}],"version-history":[{"count":2,"href":"https:\/\/inces.gob.ve\/index.php\/wp-json\/wp\/v2\/posts\/59763\/revisions"}],"predecessor-version":[{"id":59765,"href":"https:\/\/inces.gob.ve\/index.php\/wp-json\/wp\/v2\/posts\/59763\/revisions\/59765"}],"wp:featuredmedia":[{"embeddable":true,"href":"https:\/\/inces.gob.ve\/index.php\/wp-json\/wp\/v2\/media\/55103"}],"wp:attachment":[{"href":"https:\/\/inces.gob.ve\/index.php\/wp-json\/wp\/v2\/media?parent=59763"}],"wp:term":[{"taxonomy":"category","embeddable":true,"href":"https:\/\/inces.gob.ve\/index.php\/wp-json\/wp\/v2\/categories?post=59763"},{"taxonomy":"post_tag","embeddable":true,"href":"https:\/\/inces.gob.ve\/index.php\/wp-json\/wp\/v2\/tags?post=59763"}],"curies":[{"name":"wp","href":"https:\/\/api.w.org\/{rel}","templated":true}]}}