{"id":59774,"date":"2024-09-05T16:10:12","date_gmt":"2024-09-05T20:10:12","guid":{"rendered":"https:\/\/inces.gob.ve\/?p=59774"},"modified":"2024-09-05T16:10:12","modified_gmt":"2024-09-05T20:10:12","slug":"san-felipe-inicia-segunda-fase-de-formacion-a-cultores-yaracuyanos","status":"publish","type":"post","link":"https:\/\/inces.gob.ve\/index.php\/2024\/09\/05\/san-felipe-inicia-segunda-fase-de-formacion-a-cultores-yaracuyanos\/","title":{"rendered":"SAN FELIPE | Inicia segunda fase de formaci\u00f3n a cultores yaracuyanos"},"content":{"rendered":"<p style=\"font-weight: 400; text-align: justify;\"><strong><span style=\"font-family: helvetica, arial, sans-serif; font-size: 14pt;\"><em>*** La unidad curricular est\u00e1 enfatizado en el redescubrimiento cultural, explorando las ra\u00edces ancestrales que sustentan la identidad originaria del pa\u00eds<\/em><\/span><\/strong><!--more--><\/p>\n<p style=\"text-align: justify;\">\n<p style=\"text-align: justify;\">\n<p style=\"text-align: justify;\">\n<p style=\"text-align: justify;\">\n<p style=\"text-align: justify;\"><span style=\"font-family: helvetica, arial, sans-serif; font-size: 14pt;\"><b>YOLAICE VARGAS<\/b><\/span><\/p>\n<p style=\"text-align: justify;\"><span style=\"font-weight: 400; font-family: helvetica, arial, sans-serif; font-size: 14pt;\">Dando continuidad a la formaci\u00f3n de los cultores yaracuyanos, se dio inicio a la segunda fase de capacitaci\u00f3n en la unidad curricular Fundamentos de la Cultura y su Acci\u00f3n Descolonizadora en las instalaciones del CFS San Felipe El Fuerte del Instituto Nacional de Capacitaci\u00f3n y Educaci\u00f3n Socialista (Inces).<\/span><\/p>\n<p>&nbsp;<\/p>\n<p style=\"font-weight: 400; text-align: justify;\"><span style=\"font-family: helvetica, arial, sans-serif; font-size: 14pt;\">En el encuentro formativo participaron 30 cultores provenientes de los municipios Ar\u00edstides Bastidas, Veroes, Cocorote, Jos\u00e9 Antonio P\u00e1ez y San Felipe, quienes se mostraron atentos a las orientaciones del maestro t\u00e9cnico voluntario Rolando Ram\u00edrez, encargado de la unidad curricular.<\/span><\/p>\n<p>&nbsp;<\/p>\n<p style=\"font-weight: 400; text-align: justify;\"><span style=\"font-family: helvetica, arial, sans-serif; font-size: 14pt;\">Cabe resaltar que el Inces trabaja de manera articulada con el Centro de Desarrollo de la Calidad Educativa (CDCEY), obedeciendo instrucciones del presidente de la rep\u00fablica Nicol\u00e1s Maduro emanadas a trav\u00e9s de la Gran Misi\u00f3n Viva Venezuela Mi Patria Querida, que naci\u00f3 para visibilizar la identidad de los territorios desde los ambientes de aprendizaje.<\/span><\/p>\n<p>&nbsp;<\/p>\n<p style=\"font-weight: 400; text-align: justify;\"><span style=\"font-family: helvetica, arial, sans-serif; font-size: 14pt;\">En tal sentido el contenido de la unidad curricular est\u00e1 enfatizado en el redescubrimiento cultural, explorando las ra\u00edces ancestrales que sustentan la identidad originaria del pa\u00eds y desafiando los vestigios del colonialismo presentes en nuestra sociedad. A trav\u00e9s de la creaci\u00f3n de juegos tradicionales, cuentos, mitos, leyendas, dramatizaciones y danzas, se dar\u00e1n voz a las diversas formas de vida que han habitado nuestro territorio, visibilizando su riqueza y sabidur\u00eda.<\/span><\/p>\n<p>&nbsp;<\/p>\n<p style=\"font-weight: 400; text-align: justify;\"><span style=\"font-family: helvetica, arial, sans-serif; font-size: 14pt;\">La unidad curricular est\u00e1 estructurada y organizada sistem\u00e1ticamente en tres (3) ejes tem\u00e1ticos: 1. Proceso de Colonizaci\u00f3n, 2. La Cultura Regional como Elemento de la Visibilizaci\u00f3n de las Formas de Vida de Nuestros Pueblos, 3. La Cultura Local Regional como Elemento de la Recreaci\u00f3n y su Acci\u00f3n Descolonizadora, cuyos contenidos han sido dise\u00f1ados por logros, es decir, competencias de lo m\u00e1s simple a los m\u00e1s complejo. Por medio de este m\u00e9todo se propicia la oportunidad de aprender nuevas ocupaciones, de acuerdo a las posibilidades del participante. En este sentido, es importante resaltar que un gran porcentaje del \u00e9xito de esta formaci\u00f3n depender\u00e1 del inter\u00e9s, las pr\u00e1cticas y la autodisciplina del participante.<\/span><\/p>\n","protected":false},"excerpt":{"rendered":"<p>*** La unidad curricular est\u00e1 enfatizado en el redescubrimiento cultural, explorando las ra\u00edces ancestrales que sustentan la identidad originaria del pa\u00eds<\/p>\n","protected":false},"author":4,"featured_media":59775,"comment_status":"closed","ping_status":"closed","sticky":false,"template":"","format":"standard","meta":{"footnotes":""},"categories":[2],"tags":[],"class_list":["post-59774","post","type-post","status-publish","format-standard","has-post-thumbnail","hentry","category-blog"],"_links":{"self":[{"href":"https:\/\/inces.gob.ve\/index.php\/wp-json\/wp\/v2\/posts\/59774","targetHints":{"allow":["GET"]}}],"collection":[{"href":"https:\/\/inces.gob.ve\/index.php\/wp-json\/wp\/v2\/posts"}],"about":[{"href":"https:\/\/inces.gob.ve\/index.php\/wp-json\/wp\/v2\/types\/post"}],"author":[{"embeddable":true,"href":"https:\/\/inces.gob.ve\/index.php\/wp-json\/wp\/v2\/users\/4"}],"replies":[{"embeddable":true,"href":"https:\/\/inces.gob.ve\/index.php\/wp-json\/wp\/v2\/comments?post=59774"}],"version-history":[{"count":1,"href":"https:\/\/inces.gob.ve\/index.php\/wp-json\/wp\/v2\/posts\/59774\/revisions"}],"predecessor-version":[{"id":59776,"href":"https:\/\/inces.gob.ve\/index.php\/wp-json\/wp\/v2\/posts\/59774\/revisions\/59776"}],"wp:featuredmedia":[{"embeddable":true,"href":"https:\/\/inces.gob.ve\/index.php\/wp-json\/wp\/v2\/media\/59775"}],"wp:attachment":[{"href":"https:\/\/inces.gob.ve\/index.php\/wp-json\/wp\/v2\/media?parent=59774"}],"wp:term":[{"taxonomy":"category","embeddable":true,"href":"https:\/\/inces.gob.ve\/index.php\/wp-json\/wp\/v2\/categories?post=59774"},{"taxonomy":"post_tag","embeddable":true,"href":"https:\/\/inces.gob.ve\/index.php\/wp-json\/wp\/v2\/tags?post=59774"}],"curies":[{"name":"wp","href":"https:\/\/api.w.org\/{rel}","templated":true}]}}