{"id":59777,"date":"2024-09-05T16:14:24","date_gmt":"2024-09-05T20:14:24","guid":{"rendered":"https:\/\/inces.gob.ve\/?p=59777"},"modified":"2024-09-05T16:14:24","modified_gmt":"2024-09-05T20:14:24","slug":"bolivar-inces-culmina-con-exito-las-formaciones-de-manicure-pedicure-y-barberia","status":"publish","type":"post","link":"https:\/\/inces.gob.ve\/index.php\/2024\/09\/05\/bolivar-inces-culmina-con-exito-las-formaciones-de-manicure-pedicure-y-barberia\/","title":{"rendered":"BOL\u00cdVAR | Inces culmina con \u00e9xito las formaciones de manicure, pedicure y barber\u00eda."},"content":{"rendered":"<p style=\"text-align: justify;\"><em><strong><span style=\"font-family: helvetica, arial, sans-serif; font-size: 14pt;\">*** El futuro de la est\u00e9tica y la belleza brilla m\u00e1s que nunca, con la nueva imagen del Inces; T\u00e9cnica que Inspira y Esperanza que transforma<\/span><\/strong><\/em><!--more--><\/p>\n<p style=\"text-align: justify;\">\n<p style=\"text-align: justify;\"><strong><span style=\"font-family: helvetica, arial, sans-serif; font-size: 14pt;\">JOS\u00c9 SU\u00c1REZ<\/span><\/strong><\/p>\n<p style=\"text-align: justify;\"><span style=\"font-weight: 400; font-family: helvetica, arial, sans-serif; font-size: 14pt;\">Inces ha culminado con \u00e9xito las formaciones en los perfiles Productivos de Manicure, Pedicure y barber\u00eda en el Centro de formaci\u00f3n socialista \u00abManuel Piar\u00bb de Puerto Ordaz. En total, 40 participantes aprendieron las t\u00e9cnicas de la est\u00e9tica y el arte de la belleza.<\/span><\/p>\n<p style=\"text-align: justify;\">\n<p style=\"text-align: justify;\">\n<p style=\"text-align: justify;\"><span style=\"font-weight: 400; font-family: helvetica, arial, sans-serif; font-size: 14pt;\">Por otra parte, la actividad se realiz\u00f3 en el Sal\u00f3n Popular con la presencia de la jefa del Centro de Formaci\u00f3n Socialista \u00abManuel Piar, Lissette Hern\u00e1ndez; el jefe del Programa Nacional de Aprendizaje (PNA), \u00c1ngel Cordero; Alida Quiroz, jefa de la entidad de trabajo y dem\u00e1s autoridades del Inces Bol\u00edvar.<\/span><\/p>\n<p style=\"text-align: justify;\">\n<p style=\"text-align: justify;\">\n<p style=\"text-align: justify;\"><span style=\"font-weight: 400; font-family: helvetica, arial, sans-serif; font-size: 14pt;\">Adem\u00e1s, Mireya Albarr\u00e1n, participante del perfil Manicure, resalt\u00f3 la esencia del Inces, la trayectoria en sus 65 a\u00f1os y la membres\u00eda internacional, as\u00ed como tambi\u00e9n la ejecuci\u00f3n de los programas educativos y agradeci\u00f3 al Inces por su compromiso y entrega con el pa\u00eds.<\/span><\/p>\n<p style=\"text-align: justify;\">\n<p style=\"text-align: justify;\">\n<p style=\"text-align: justify;\"><span style=\"font-weight: 400; font-family: helvetica, arial, sans-serif; font-size: 14pt;\">Asimismo, el Inces no solo ha inspirado a los participantes a explorar su creatividad y a desarrollar una pasi\u00f3n por el arte del embellecimiento, sino que ha sido la instituci\u00f3n para la transformaci\u00f3n del ser humano, en los diferentes \u00e1mbitos, generando tranquilidad en medio de las dificultades y la aparici\u00f3n de nuevos emprendimientos.<\/span><\/p>\n<p style=\"text-align: justify;\">\n<p style=\"text-align: justify;\">\n<p style=\"text-align: justify;\"><span style=\"font-weight: 400; font-family: helvetica, arial, sans-serif; font-size: 14pt;\">Cabe destacar que los perfiles productivos de manicure, pedicure y barber\u00eda son los m\u00e1s demandados por la poblaci\u00f3n emprendedora.<\/span><\/p>\n","protected":false},"excerpt":{"rendered":"<p>*** El futuro de la est\u00e9tica y la belleza brilla m\u00e1s que nunca, con la nueva imagen del Inces; T\u00e9cnica que Inspira y Esperanza que transforma<\/p>\n","protected":false},"author":4,"featured_media":59778,"comment_status":"closed","ping_status":"closed","sticky":false,"template":"","format":"standard","meta":{"footnotes":""},"categories":[2],"tags":[],"class_list":["post-59777","post","type-post","status-publish","format-standard","has-post-thumbnail","hentry","category-blog"],"_links":{"self":[{"href":"https:\/\/inces.gob.ve\/index.php\/wp-json\/wp\/v2\/posts\/59777","targetHints":{"allow":["GET"]}}],"collection":[{"href":"https:\/\/inces.gob.ve\/index.php\/wp-json\/wp\/v2\/posts"}],"about":[{"href":"https:\/\/inces.gob.ve\/index.php\/wp-json\/wp\/v2\/types\/post"}],"author":[{"embeddable":true,"href":"https:\/\/inces.gob.ve\/index.php\/wp-json\/wp\/v2\/users\/4"}],"replies":[{"embeddable":true,"href":"https:\/\/inces.gob.ve\/index.php\/wp-json\/wp\/v2\/comments?post=59777"}],"version-history":[{"count":2,"href":"https:\/\/inces.gob.ve\/index.php\/wp-json\/wp\/v2\/posts\/59777\/revisions"}],"predecessor-version":[{"id":59780,"href":"https:\/\/inces.gob.ve\/index.php\/wp-json\/wp\/v2\/posts\/59777\/revisions\/59780"}],"wp:featuredmedia":[{"embeddable":true,"href":"https:\/\/inces.gob.ve\/index.php\/wp-json\/wp\/v2\/media\/59778"}],"wp:attachment":[{"href":"https:\/\/inces.gob.ve\/index.php\/wp-json\/wp\/v2\/media?parent=59777"}],"wp:term":[{"taxonomy":"category","embeddable":true,"href":"https:\/\/inces.gob.ve\/index.php\/wp-json\/wp\/v2\/categories?post=59777"},{"taxonomy":"post_tag","embeddable":true,"href":"https:\/\/inces.gob.ve\/index.php\/wp-json\/wp\/v2\/tags?post=59777"}],"curies":[{"name":"wp","href":"https:\/\/api.w.org\/{rel}","templated":true}]}}