{"id":59781,"date":"2024-09-06T14:59:58","date_gmt":"2024-09-06T18:59:58","guid":{"rendered":"https:\/\/inces.gob.ve\/?p=59781"},"modified":"2024-09-06T15:01:02","modified_gmt":"2024-09-06T19:01:02","slug":"la-galeria-evidencia-constructiva-el-inces-de-sanabria-ya-abrio-sus-puertas","status":"publish","type":"post","link":"https:\/\/inces.gob.ve\/index.php\/2024\/09\/06\/la-galeria-evidencia-constructiva-el-inces-de-sanabria-ya-abrio-sus-puertas\/","title":{"rendered":"La galer\u00eda Evidencia constructiva: el Inces de Sanabria ya abri\u00f3 sus puertas"},"content":{"rendered":"<p style=\"text-align: justify;\"><em><strong><span style=\"font-family: helvetica, arial, sans-serif; font-size: 14pt;\">** La Gerencia General de Infraestructura y Servicios quiso poner a disposici\u00f3n del p\u00fablico el deshuese de la obra merecedora del Premio Nacional de Arquitectura en 1970<\/span><\/strong><\/em><!--more--><\/p>\n<p>&nbsp;<\/p>\n<p style=\"text-align: justify;\"><span style=\"font-family: helvetica, arial, sans-serif; font-size: 14pt;\"><strong>LONGINA TOVAR<\/strong><\/span><\/p>\n<p style=\"text-align: justify;\"><span style=\"font-family: helvetica, arial, sans-serif; font-size: 14pt;\">La sede del <span style=\"color: #000080;\"><strong>edificio Inces<\/strong><\/span> fue pensada y dise\u00f1ada por los arquitectos <strong><span style=\"color: #000080;\">Tom\u00e1s Jos\u00e9 \u00a0y Eduardo Sanabria<\/span><\/strong>. Inaugurada el 5 de diciembre de 1969 es acreedora del <span style=\"color: #000080;\"><strong>Premio Municipal de Arquitectura (1970)<\/strong> <\/span>por ser una \u201cobra tan novedosa y de gran calidad art\u00edstica\u201d.<\/span><\/p>\n<p style=\"text-align: justify;\"><span style=\"font-family: helvetica, arial, sans-serif; font-size: 14pt;\"><strong>\u00a0<\/strong><\/span><\/p>\n<p>&nbsp;<\/p>\n<p style=\"text-align: justify;\"><span style=\"font-family: helvetica, arial, sans-serif; font-size: 14pt; color: #000080;\"><strong>LA JUSTIFICACI\u00d3N<\/strong><\/span><\/p>\n<p style=\"text-align: justify;\"><span style=\"font-family: helvetica, arial, sans-serif; font-size: 14pt;\">Lo expuesto y ser herencia de tan celebres creadores fueron motivo suficiente para que la <strong><span style=\"color: #000080;\">Gerencia General de Infraestructura y Servicios<\/span><\/strong> quisiera dar muestras tangibles de la importancia de esta edificaci\u00f3n, su valor art\u00edstico y su historia; por ello, tomaron como excusa el <span style=\"color: #000080;\"><strong>aniversario 65<\/strong><\/span> de la instituci\u00f3n para instalar la galer\u00eda <em><span style=\"color: #000080;\"><strong>Evidencia constructiva: el Inces de Sanabria<\/strong><\/span><\/em>, un espacio que permite ver a este edificio desde sus cimientos y valorarlo como una<span style=\"color: #000080;\"><strong> joya citadina.<\/strong><\/span><\/span><\/p>\n<p>&nbsp;<\/p>\n<p><img loading=\"lazy\" decoding=\"async\" class=\"aligncenter wp-image-59789 size-large\" src=\"https:\/\/inces.gob.ve\/wp-content\/uploads\/2024\/09\/Captura-de-pantalla-2024-09-06-090714-1024x549.png\" alt=\"\" width=\"640\" height=\"343\" srcset=\"https:\/\/inces.gob.ve\/wp-content\/uploads\/2024\/09\/Captura-de-pantalla-2024-09-06-090714-1024x549.png 1024w, https:\/\/inces.gob.ve\/wp-content\/uploads\/2024\/09\/Captura-de-pantalla-2024-09-06-090714-300x161.png 300w, https:\/\/inces.gob.ve\/wp-content\/uploads\/2024\/09\/Captura-de-pantalla-2024-09-06-090714-768x411.png 768w, https:\/\/inces.gob.ve\/wp-content\/uploads\/2024\/09\/Captura-de-pantalla-2024-09-06-090714-1536x823.png 1536w, https:\/\/inces.gob.ve\/wp-content\/uploads\/2024\/09\/Captura-de-pantalla-2024-09-06-090714.png 1639w\" sizes=\"auto, (max-width: 640px) 100vw, 640px\" \/><\/p>\n<p>&nbsp;<\/p>\n<p style=\"text-align: justify;\"><span style=\"font-family: helvetica, arial, sans-serif; font-size: 14pt;\">Durante la inauguraci\u00f3n de la galer\u00eda se conoci\u00f3 que la <span style=\"color: #000080;\"><strong>arquitecta Nugleinis Bastardo,<\/strong><\/span> trabajadora Inces desde 2001, cuenta en su haber intelectual con un <span style=\"color: #000080;\"><strong>trabajo de grado doctoral<\/strong><\/span> que concentr\u00f3 toda la historia y evoluci\u00f3n del edificio; tesis que cuenta con<span style=\"color: #000080;\"><strong> \u00edtems de inter\u00e9s que enriquecen la g\u00e9nesis del actual Inces<\/strong> <\/span>con algunos datos que nos dejan conocer que la casa formativa tuvo sus inicios en una peque\u00f1a oficina dentro del Ministerio del Trabajo, ubicada entre Manduca y Ferrenqu\u00edn, para mudarse m\u00e1s tarde al edificio Luis Fernando, situado en las esquina de Socorro a Calero. De all\u00ed pasa al edificio Fundaci\u00f3n La Salle<\/span><\/p>\n<p>&nbsp;<\/p>\n<p><img loading=\"lazy\" decoding=\"async\" class=\"aligncenter wp-image-59783 size-large\" src=\"https:\/\/inces.gob.ve\/wp-content\/uploads\/2024\/09\/Captura-de-pantalla-2024-09-06-092806-1024x638.png\" alt=\"\" width=\"640\" height=\"399\" srcset=\"https:\/\/inces.gob.ve\/wp-content\/uploads\/2024\/09\/Captura-de-pantalla-2024-09-06-092806-1024x638.png 1024w, https:\/\/inces.gob.ve\/wp-content\/uploads\/2024\/09\/Captura-de-pantalla-2024-09-06-092806-300x187.png 300w, https:\/\/inces.gob.ve\/wp-content\/uploads\/2024\/09\/Captura-de-pantalla-2024-09-06-092806-768x479.png 768w, https:\/\/inces.gob.ve\/wp-content\/uploads\/2024\/09\/Captura-de-pantalla-2024-09-06-092806.png 1359w\" sizes=\"auto, (max-width: 640px) 100vw, 640px\" \/><\/p>\n<p>&nbsp;<\/p>\n<p style=\"text-align: justify;\"><span style=\"font-family: helvetica, arial, sans-serif; font-size: 14pt;\">Pero la instituci\u00f3n crec\u00eda con fuerza vertiginosa y pas\u00f3 a despachar en unas oficinas del edificio Sudam\u00e9rica, en la esquina de Cuj\u00ed, \u00faltima escala antes de mudarse definitivamente a la <span style=\"color: #000080;\"><strong>Nueva Granada, donde permanece despu\u00e9s de 64 a\u00f1os.<\/strong><\/span><\/span><\/p>\n<p>&nbsp;<\/p>\n<p>&nbsp;<\/p>\n<p style=\"text-align: justify;\"><span style=\"font-family: helvetica, arial, sans-serif; font-size: 14pt; color: #000080;\"><strong>EL ACTO<\/strong><\/span><\/p>\n<p style=\"text-align: justify;\"><span style=\"font-family: helvetica, arial, sans-serif; font-size: 14pt;\">Previo a la entrada a la galer\u00eda, se realiz\u00f3 un peque\u00f1o acto que cont\u00f3 con las palabras inaugurales de la <strong><span style=\"color: #000080;\">directora estrat\u00e9gica operativa Nataly Carmona<\/span><\/strong>, quien reconoci\u00f3 el trabajo que realizan a diario m\u00e1s de 300 trabajadores en todo el pa\u00eds, responsables del cuidado y mantenimiento, no solo de la sede del Inces, sino de todos los espacios formativos que pertenecen a la instituci\u00f3n y que est\u00e1n a la disposici\u00f3n del pueblo venezolano.<\/span><\/p>\n<p>&nbsp;<\/p>\n<p style=\"text-align: justify;\"><span style=\"font-family: helvetica, arial, sans-serif; font-size: 14pt;\">\u201cEste homenaje es la evidencia del trabajo que no se ve, del trabajo que rinde resultados y sin el cual no pudi\u00e9ramos estar celebrando primero los 65 a\u00f1os de una <strong><span style=\"color: #000080;\">instituci\u00f3n que es ejemplo en Latinoam\u00e9rica<\/span><\/strong>, y segundo lo que implica la mano amorosa, la mano dedicada de todos los trabajadores del Inces que hacen posible que se mantenga esta instituci\u00f3n y que podamos contar con los servicios necesarios para hacer nuestro trabajo diario\u201d, afirm\u00f3 Carmona.<\/span><\/p>\n<p>&nbsp;<\/p>\n<p><img loading=\"lazy\" decoding=\"async\" class=\"aligncenter wp-image-59788 size-large\" src=\"https:\/\/inces.gob.ve\/wp-content\/uploads\/2024\/09\/Captura-de-pantalla-2024-09-06-091030-1024x656.png\" alt=\"\" width=\"640\" height=\"410\" srcset=\"https:\/\/inces.gob.ve\/wp-content\/uploads\/2024\/09\/Captura-de-pantalla-2024-09-06-091030-1024x656.png 1024w, https:\/\/inces.gob.ve\/wp-content\/uploads\/2024\/09\/Captura-de-pantalla-2024-09-06-091030-300x192.png 300w, https:\/\/inces.gob.ve\/wp-content\/uploads\/2024\/09\/Captura-de-pantalla-2024-09-06-091030-768x492.png 768w, https:\/\/inces.gob.ve\/wp-content\/uploads\/2024\/09\/Captura-de-pantalla-2024-09-06-091030-1536x984.png 1536w, https:\/\/inces.gob.ve\/wp-content\/uploads\/2024\/09\/Captura-de-pantalla-2024-09-06-091030.png 1598w\" sizes=\"auto, (max-width: 640px) 100vw, 640px\" \/><\/p>\n<p>&nbsp;<\/p>\n<p style=\"text-align: justify;\"><span style=\"font-family: helvetica, arial, sans-serif; font-size: 14pt;\">En cuanto a la exposici\u00f3n en s\u00ed, la directora operativa refiri\u00f3: \u201cEl t\u00edtulo (Evidencia constructiva) es muy oportuno porque <span style=\"color: #000080;\">la evidencia es la certeza que no tiene duda,<\/span> y sin embargo, a veces dudamos de todo lo que podemos alcanzar con el trabajo diario y dedicado\u2026 <strong><span style=\"color: #000080;\">quiero invitarles a visibilizar la evidencia de todo lo que sin duda ocurre en el Inces y que son actos de amor profundo por nuestra instituci\u00f3n\u201d.<\/span><\/strong><\/span><\/p>\n<p>&nbsp;<\/p>\n<p style=\"text-align: justify;\"><span style=\"font-family: helvetica, arial, sans-serif; font-size: 14pt;\">Por su parte, el <span style=\"color: #000080;\"><strong>gerente general de Infraestructura y Servicios, Jos\u00e9 Luis Tovar<\/strong><\/span>, coment\u00f3 que junto a todo su equipo quisieron hacer una muestra donde el p\u00fablico en general pudiera conocer y valorar la riqueza de la estructura de la sede del Inces, que es un edificio premiado, con historia y que demanda un mantenimiento diario para poder seguir irgui\u00e9ndose de manera imponente en el suroeste de la ciudad.<\/span><\/p>\n<p>&nbsp;<\/p>\n<p><img loading=\"lazy\" decoding=\"async\" class=\"aligncenter wp-image-59787 size-large\" src=\"https:\/\/inces.gob.ve\/wp-content\/uploads\/2024\/09\/Captura-de-pantalla-2024-09-06-091336-1024x565.png\" alt=\"\" width=\"640\" height=\"353\" srcset=\"https:\/\/inces.gob.ve\/wp-content\/uploads\/2024\/09\/Captura-de-pantalla-2024-09-06-091336-1024x565.png 1024w, https:\/\/inces.gob.ve\/wp-content\/uploads\/2024\/09\/Captura-de-pantalla-2024-09-06-091336-300x166.png 300w, https:\/\/inces.gob.ve\/wp-content\/uploads\/2024\/09\/Captura-de-pantalla-2024-09-06-091336-768x424.png 768w, https:\/\/inces.gob.ve\/wp-content\/uploads\/2024\/09\/Captura-de-pantalla-2024-09-06-091336-1536x848.png 1536w, https:\/\/inces.gob.ve\/wp-content\/uploads\/2024\/09\/Captura-de-pantalla-2024-09-06-091336.png 1612w\" sizes=\"auto, (max-width: 640px) 100vw, 640px\" \/><\/p>\n<p>&nbsp;<\/p>\n<p>&nbsp;<\/p>\n<p style=\"text-align: justify;\"><span style=\"color: #000080;\"><strong><span style=\"font-family: helvetica, arial, sans-serif; font-size: 14pt;\">LA EXPOSICI\u00d3N<\/span><\/strong><\/span><\/p>\n<p style=\"text-align: justify;\"><span style=\"font-family: helvetica, arial, sans-serif; font-size: 14pt;\">Al entrar a la galer\u00eda unos de los objetos m\u00e1s llamativos es la maqueta realizada por el<span style=\"color: #000080;\"><strong> arquitecto Mois\u00e9s Palacio.<\/strong> <\/span>En ella podemos ver a escala 1:1200 a un edificio Inces que evoca grandeza, hermosura, ingenier\u00eda y arte.<\/span><\/p>\n<p>&nbsp;<\/p>\n<p><img loading=\"lazy\" decoding=\"async\" class=\"aligncenter wp-image-59791 size-full\" src=\"https:\/\/inces.gob.ve\/wp-content\/uploads\/2024\/09\/Captura-de-pantalla-2024-09-06-090145.png\" alt=\"\" width=\"1425\" height=\"894\" srcset=\"https:\/\/inces.gob.ve\/wp-content\/uploads\/2024\/09\/Captura-de-pantalla-2024-09-06-090145.png 1425w, https:\/\/inces.gob.ve\/wp-content\/uploads\/2024\/09\/Captura-de-pantalla-2024-09-06-090145-300x188.png 300w, https:\/\/inces.gob.ve\/wp-content\/uploads\/2024\/09\/Captura-de-pantalla-2024-09-06-090145-1024x642.png 1024w, https:\/\/inces.gob.ve\/wp-content\/uploads\/2024\/09\/Captura-de-pantalla-2024-09-06-090145-768x482.png 768w\" sizes=\"auto, (max-width: 1425px) 100vw, 1425px\" \/><\/p>\n<p>&nbsp;<\/p>\n<p style=\"text-align: justify;\"><span style=\"font-family: helvetica, arial, sans-serif; font-size: 14pt;\">Al pie de la maqueta se puede leer:\u00a0<strong><span style=\"color: #000080;\"><em> \u201cEl edificio sede, donde se concentran todas las dependencias administrativas de la instituci\u00f3n, se caracteriza por el uso de las protecciones solares, lo cual, junto con su orientaci\u00f3n con respecto al sol, va en consonancia con la importancia de la obra (\u2026) con una plaza c\u00edvica creada alrededor del edificio que genera un inter\u00e9s dentro del paisaje urbano, con la integraci\u00f3n de las obras de arte\u2026\u201d<\/em><\/span><\/strong><\/span><\/p>\n<p>&nbsp;<\/p>\n<p style=\"text-align: justify;\"><span style=\"font-family: helvetica, arial, sans-serif; font-size: 14pt;\">En la fiesta inaugural los asistentes pudieron escuchar la explicaci\u00f3n del <span style=\"color: #000080;\"><strong>arquitecto Arturo Sosa<\/strong><\/span>, quien hizo un recorrido por los planos exhibidos, los cuales, asever\u00f3, son copia certificada de los originales, rescatando as\u00ed la memoria de los planos del Inces y la t\u00e9cnica de dibujo que predominada en la \u00e9poca, una forma de dibujar que hoy ha sido sustituida por nuevas tecnolog\u00edas.<\/span><\/p>\n<p>&nbsp;<\/p>\n<p style=\"text-align: justify;\"><span style=\"font-family: helvetica, arial, sans-serif; font-size: 14pt;\">\u201cPara mostrar, como dice el t\u00edtulo de esta exposici\u00f3n, la evidencia constructiva de este edificio, se rescataron planos originales (\u2026) <span style=\"color: #000080;\"><strong>Este edificio fue creado por la intenci\u00f3n de ofrecer espacios para la comunidad,<\/strong><\/span> espacio de enlace abiertos, integrados con el entorno, porque este era un espacio bastante deprimido de la ciudad y el maestro<span style=\"color: #000080;\"><strong> Sanabria quiso rescatarlo y darle a la comunidad esos espacios que tanto se necesitan\u201d<\/strong><\/span>, destac\u00f3 Sosa.<\/span><\/p>\n<p>&nbsp;<\/p>\n<p><img loading=\"lazy\" decoding=\"async\" class=\"aligncenter wp-image-59782 size-large\" src=\"https:\/\/inces.gob.ve\/wp-content\/uploads\/2024\/09\/Captura-de-pantalla-2024-09-06-093645-1024x710.png\" alt=\"\" width=\"640\" height=\"444\" srcset=\"https:\/\/inces.gob.ve\/wp-content\/uploads\/2024\/09\/Captura-de-pantalla-2024-09-06-093645-1024x710.png 1024w, https:\/\/inces.gob.ve\/wp-content\/uploads\/2024\/09\/Captura-de-pantalla-2024-09-06-093645-300x208.png 300w, https:\/\/inces.gob.ve\/wp-content\/uploads\/2024\/09\/Captura-de-pantalla-2024-09-06-093645-768x532.png 768w, https:\/\/inces.gob.ve\/wp-content\/uploads\/2024\/09\/Captura-de-pantalla-2024-09-06-093645.png 1264w\" sizes=\"auto, (max-width: 640px) 100vw, 640px\" \/><\/p>\n<p>&nbsp;<\/p>\n<p style=\"text-align: justify;\"><span style=\"font-family: helvetica, arial, sans-serif; font-size: 14pt;\">La exposici\u00f3n, ubicada en la P.B. del Inces Sede en la avenida Nueva Granada, puede ser visitada previa participaci\u00f3n a la Gerencia General de Infraestructura y Servicios quienes pueden programar una visita guiadas con los conocedores de la historia art\u00edstica y cient\u00edfica de este edificio emblema de la capital.<\/span><\/p>\n<p>&nbsp;<\/p>\n<p>&nbsp;<\/p>\n<p><img loading=\"lazy\" decoding=\"async\" class=\"aligncenter wp-image-59784 size-full\" src=\"https:\/\/inces.gob.ve\/wp-content\/uploads\/2024\/09\/Captura-de-pantalla-2024-09-06-092616.png\" alt=\"\" width=\"951\" height=\"819\" srcset=\"https:\/\/inces.gob.ve\/wp-content\/uploads\/2024\/09\/Captura-de-pantalla-2024-09-06-092616.png 951w, https:\/\/inces.gob.ve\/wp-content\/uploads\/2024\/09\/Captura-de-pantalla-2024-09-06-092616-300x258.png 300w, https:\/\/inces.gob.ve\/wp-content\/uploads\/2024\/09\/Captura-de-pantalla-2024-09-06-092616-768x661.png 768w\" sizes=\"auto, (max-width: 951px) 100vw, 951px\" \/><\/p>\n","protected":false},"excerpt":{"rendered":"<p>** La Gerencia General de Infraestructura y Servicios quiso poner a disposici\u00f3n del p\u00fablico el deshuese de la obra merecedora del Premio Nacional de Arquitectura en 1970<\/p>\n","protected":false},"author":4,"featured_media":59790,"comment_status":"closed","ping_status":"closed","sticky":false,"template":"","format":"standard","meta":{"footnotes":""},"categories":[2],"tags":[],"class_list":["post-59781","post","type-post","status-publish","format-standard","has-post-thumbnail","hentry","category-blog"],"_links":{"self":[{"href":"https:\/\/inces.gob.ve\/index.php\/wp-json\/wp\/v2\/posts\/59781","targetHints":{"allow":["GET"]}}],"collection":[{"href":"https:\/\/inces.gob.ve\/index.php\/wp-json\/wp\/v2\/posts"}],"about":[{"href":"https:\/\/inces.gob.ve\/index.php\/wp-json\/wp\/v2\/types\/post"}],"author":[{"embeddable":true,"href":"https:\/\/inces.gob.ve\/index.php\/wp-json\/wp\/v2\/users\/4"}],"replies":[{"embeddable":true,"href":"https:\/\/inces.gob.ve\/index.php\/wp-json\/wp\/v2\/comments?post=59781"}],"version-history":[{"count":2,"href":"https:\/\/inces.gob.ve\/index.php\/wp-json\/wp\/v2\/posts\/59781\/revisions"}],"predecessor-version":[{"id":59793,"href":"https:\/\/inces.gob.ve\/index.php\/wp-json\/wp\/v2\/posts\/59781\/revisions\/59793"}],"wp:featuredmedia":[{"embeddable":true,"href":"https:\/\/inces.gob.ve\/index.php\/wp-json\/wp\/v2\/media\/59790"}],"wp:attachment":[{"href":"https:\/\/inces.gob.ve\/index.php\/wp-json\/wp\/v2\/media?parent=59781"}],"wp:term":[{"taxonomy":"category","embeddable":true,"href":"https:\/\/inces.gob.ve\/index.php\/wp-json\/wp\/v2\/categories?post=59781"},{"taxonomy":"post_tag","embeddable":true,"href":"https:\/\/inces.gob.ve\/index.php\/wp-json\/wp\/v2\/tags?post=59781"}],"curies":[{"name":"wp","href":"https:\/\/api.w.org\/{rel}","templated":true}]}}