{"id":59818,"date":"2024-09-09T16:41:31","date_gmt":"2024-09-09T20:41:31","guid":{"rendered":"https:\/\/inces.gob.ve\/?p=59818"},"modified":"2024-09-09T16:41:52","modified_gmt":"2024-09-09T20:41:52","slug":"nueva-incesapp-permite-la-inscripcion-en-linea-de-627-formaciones","status":"publish","type":"post","link":"https:\/\/inces.gob.ve\/index.php\/2024\/09\/09\/nueva-incesapp-permite-la-inscripcion-en-linea-de-627-formaciones\/","title":{"rendered":"Nueva IncesApp permite la inscripci\u00f3n en l\u00ednea de 627 formaciones"},"content":{"rendered":"<p style=\"text-align: justify;\"><em><strong><span style=\"font-family: helvetica, arial, sans-serif; font-size: 14pt;\">** Dahir Raal: \u201cEs muy intuitiva. Cuando la descargas (IncesApp) es amigable y te lleva a donde quieres llegar\u201d<\/span><\/strong><\/em><!--more--><\/p>\n<p>&nbsp;<\/p>\n<p><span style=\"font-family: helvetica, arial, sans-serif;\"><strong>LONGINA TOVAR<\/strong><\/span><\/p>\n<p style=\"text-align: justify;\">\n<p style=\"text-align: justify;\"><span style=\"font-family: helvetica, arial, sans-serif; font-size: 14pt;\">El Instituto Nacional de Capacitaci\u00f3n y Educaci\u00f3n Socialista (Inces) lanz\u00f3 su IncesApp, una herramienta \u00e1gil, vers\u00e1til y moderna que permite, a trav\u00e9s de un dispositivo telef\u00f3nico, acceder a la oferta formativa presencial o virtual que ofrece el Inces, inscribirse en l\u00ednea y hacer todo el proceso administrativo que conlleva hacer una formaci\u00f3n en esta casa de estudios.<\/span><\/p>\n<p>&nbsp;<\/p>\n<p style=\"text-align: justify;\">\n<p style=\"text-align: justify;\"><span style=\"font-family: helvetica, arial, sans-serif; font-size: 14pt;\">La informaci\u00f3n la dio a conocer el presidente del organismo educativo, Wuikelman Angel, quien fue enf\u00e1tico al afirmar que esta herramienta digital \u201cviene a democratizar, a masificar el acceso a las formaciones, lo cual representa un salto importante ya que no hay una instituci\u00f3n educativa que tenga una APP, lo que nos coloca a la vanguadia en un \u00e1rea que es clave para la diversificaci\u00f3n de la econom\u00eda\u201d.<\/span><\/p>\n<p>&nbsp;<\/p>\n<p style=\"text-align: justify;\"><img loading=\"lazy\" decoding=\"async\" class=\"aligncenter wp-image-59820 size-full\" src=\"https:\/\/inces.gob.ve\/wp-content\/uploads\/2024\/09\/photo_5114090733161262435_y.jpg\" alt=\"\" width=\"1280\" height=\"598\" srcset=\"https:\/\/inces.gob.ve\/wp-content\/uploads\/2024\/09\/photo_5114090733161262435_y.jpg 1280w, https:\/\/inces.gob.ve\/wp-content\/uploads\/2024\/09\/photo_5114090733161262435_y-300x140.jpg 300w, https:\/\/inces.gob.ve\/wp-content\/uploads\/2024\/09\/photo_5114090733161262435_y-1024x478.jpg 1024w, https:\/\/inces.gob.ve\/wp-content\/uploads\/2024\/09\/photo_5114090733161262435_y-768x359.jpg 768w\" sizes=\"auto, (max-width: 1280px) 100vw, 1280px\" \/><\/p>\n<p>&nbsp;<\/p>\n<p style=\"text-align: justify;\"><span style=\"font-family: helvetica, arial, sans-serif; font-size: 14pt;\">Inform\u00f3 Angel que desde el lanzamiento de la IncesApp, el pasado 21 de agosto, ya esta herramienta cuenta con m\u00e1s de 29.000 descargas y 44.000 inscripciones procesadas a trav\u00e9s de ella.<\/span><\/p>\n<p>&nbsp;<\/p>\n<p style=\"text-align: justify;\"><span style=\"font-family: helvetica, arial, sans-serif; font-size: 14pt;\">Disponible en las tiendas de descarga de aplicaciones para Android y iOs, esta app te presenta los cursos disponibles, permite la inscripci\u00f3n del usuario, ver en su interface el progreso de la formaci\u00f3n y finalmente la obtenci\u00f3n del certificado. Asimismo, explic\u00f3 el presidente del Inces que dentro de la aplicaci\u00f3n se puede ver en que parte del territorio se dictan los cursos que desea hacer el usuario, los horarios, videos informativos que especifican de que se trata cada unidad curricular, entre otras bondades.<\/span><\/p>\n<p>&nbsp;<\/p>\n<p style=\"text-align: justify;\"><img loading=\"lazy\" decoding=\"async\" class=\"aligncenter wp-image-59821 size-large\" src=\"https:\/\/inces.gob.ve\/wp-content\/uploads\/2024\/09\/photo_5114090733161262427_y-1024x478.jpg\" alt=\"\" width=\"640\" height=\"299\" srcset=\"https:\/\/inces.gob.ve\/wp-content\/uploads\/2024\/09\/photo_5114090733161262427_y-1024x478.jpg 1024w, https:\/\/inces.gob.ve\/wp-content\/uploads\/2024\/09\/photo_5114090733161262427_y-300x140.jpg 300w, https:\/\/inces.gob.ve\/wp-content\/uploads\/2024\/09\/photo_5114090733161262427_y-768x359.jpg 768w, https:\/\/inces.gob.ve\/wp-content\/uploads\/2024\/09\/photo_5114090733161262427_y.jpg 1280w\" sizes=\"auto, (max-width: 640px) 100vw, 640px\" \/><\/p>\n<p>&nbsp;<\/p>\n<p style=\"text-align: justify;\"><span style=\"font-family: helvetica, arial, sans-serif; font-size: 14pt;\">Angel enriqueci\u00f3 la entrevista con algunos datos importantes, por ejemplo, que el Inces cuenta con fuertes alianzas con todas las c\u00e1maras de comercio, industria y servicio del pa\u00eds; que las formaciones m\u00e1s demandadas tienen que ver con las \u00e1reas de emprendimiento, turismo y textil, y que si bien el acento de la instituci\u00f3n est\u00e1 en lo t\u00e9cnico, lo administrativo siempre estar\u00e1 presente \u201cporque la formaci\u00f3n t\u00e9cnica profesional est\u00e1 destinada a garantizar que usted se pueda desempe\u00f1ar como trabajador en la ocupaci\u00f3n que desempe\u00f1a\u201d, dijo.<\/span><\/p>\n<p>&nbsp;<\/p>\n<p style=\"text-align: justify;\">\n<p style=\"text-align: justify;\"><span style=\"font-family: helvetica, arial, sans-serif; font-size: 14pt;\">Adicionalmente explic\u00f3 que el Inces cuenta en su haber son 627 formaciones que dejaron de ser cursos para evolucionar a unidades curriculares que se agrupan en torno a una ocupaci\u00f3n espec\u00edfica, haciendo de cada experiencia formativa un espacio profesional y stricto para el desarrollo de las habilidades y destrezas necesarias para el desempe\u00f1o de una ocupaci\u00f3n.<\/span><\/p>\n<p>&nbsp;<\/p>\n<p><span style=\"font-family: helvetica, arial, sans-serif;\"><strong>VE AQU\u00cd TODA LA ENTREVISTA\u00a0<\/strong><\/span><\/p>\n<p><iframe loading=\"lazy\" title=\"Entrevista a Wuikelman Angel, presidente del Inces en: Al Aire (VTV) con Dahir Raal y Pedro Yajure\" width=\"640\" height=\"360\" src=\"https:\/\/www.youtube.com\/embed\/WkYEiCXo_YU?feature=oembed\" frameborder=\"0\" allow=\"accelerometer; autoplay; clipboard-write; encrypted-media; gyroscope; picture-in-picture; web-share\" referrerpolicy=\"strict-origin-when-cross-origin\" allowfullscreen><\/iframe><\/p>\n<p>&nbsp;<\/p>\n","protected":false},"excerpt":{"rendered":"<p>** Dahir Raal: \u201cEs muy intuitiva. Cuando la descargas (IncesApp) es amigable y te lleva a donde quieres llegar\u201d<\/p>\n","protected":false},"author":4,"featured_media":59819,"comment_status":"closed","ping_status":"closed","sticky":false,"template":"","format":"standard","meta":{"footnotes":""},"categories":[2],"tags":[],"class_list":["post-59818","post","type-post","status-publish","format-standard","has-post-thumbnail","hentry","category-blog"],"_links":{"self":[{"href":"https:\/\/inces.gob.ve\/index.php\/wp-json\/wp\/v2\/posts\/59818","targetHints":{"allow":["GET"]}}],"collection":[{"href":"https:\/\/inces.gob.ve\/index.php\/wp-json\/wp\/v2\/posts"}],"about":[{"href":"https:\/\/inces.gob.ve\/index.php\/wp-json\/wp\/v2\/types\/post"}],"author":[{"embeddable":true,"href":"https:\/\/inces.gob.ve\/index.php\/wp-json\/wp\/v2\/users\/4"}],"replies":[{"embeddable":true,"href":"https:\/\/inces.gob.ve\/index.php\/wp-json\/wp\/v2\/comments?post=59818"}],"version-history":[{"count":1,"href":"https:\/\/inces.gob.ve\/index.php\/wp-json\/wp\/v2\/posts\/59818\/revisions"}],"predecessor-version":[{"id":59822,"href":"https:\/\/inces.gob.ve\/index.php\/wp-json\/wp\/v2\/posts\/59818\/revisions\/59822"}],"wp:featuredmedia":[{"embeddable":true,"href":"https:\/\/inces.gob.ve\/index.php\/wp-json\/wp\/v2\/media\/59819"}],"wp:attachment":[{"href":"https:\/\/inces.gob.ve\/index.php\/wp-json\/wp\/v2\/media?parent=59818"}],"wp:term":[{"taxonomy":"category","embeddable":true,"href":"https:\/\/inces.gob.ve\/index.php\/wp-json\/wp\/v2\/categories?post=59818"},{"taxonomy":"post_tag","embeddable":true,"href":"https:\/\/inces.gob.ve\/index.php\/wp-json\/wp\/v2\/tags?post=59818"}],"curies":[{"name":"wp","href":"https:\/\/api.w.org\/{rel}","templated":true}]}}