{"id":59978,"date":"2024-09-16T14:29:10","date_gmt":"2024-09-16T18:29:10","guid":{"rendered":"https:\/\/inces.gob.ve\/?p=59978"},"modified":"2024-09-16T14:29:10","modified_gmt":"2024-09-16T18:29:10","slug":"yaracuy-con-mucha-diversion-arranco-plan-vacacional-inces-2024","status":"publish","type":"post","link":"https:\/\/inces.gob.ve\/index.php\/2024\/09\/16\/yaracuy-con-mucha-diversion-arranco-plan-vacacional-inces-2024\/","title":{"rendered":"YARACUY | Con mucha diversi\u00f3n arranc\u00f3 plan vacacional Inces 2024"},"content":{"rendered":"<p style=\"font-weight: 400; text-align: justify;\"><strong><span style=\"font-family: helvetica, arial, sans-serif; font-size: 14pt;\">***<em>Los ni\u00f1os y ni\u00f1as disfrutaron de un d\u00eda especial teniendo un primer encuentro en el Parque Arqueol\u00f3gico San Felipe El Fuerte y la segunda visita el Cine Yaracuy<\/em><\/span><\/strong><!--more--><\/p>\n<p>&nbsp;<\/p>\n<p style=\"text-align: justify;\"><strong><span style=\"font-family: helvetica, arial, sans-serif; font-size: 14pt;\">YOLAICE VARGAS<\/span><\/strong><\/p>\n<p style=\"font-weight: 400; text-align: justify;\"><span style=\"font-family: helvetica, arial, sans-serif; font-size: 14pt;\">Para el disfrute de los hijos e hijas de los trabajadores del Instituto Nacional de Capacitaci\u00f3n y Educaci\u00f3n Socialista (Inces), arranc\u00f3 el Plan Vacacional Inces 2024.<\/span><\/p>\n<p>&nbsp;<\/p>\n<p style=\"font-weight: 400; text-align: justify;\"><span style=\"font-family: helvetica, arial, sans-serif; font-size: 14pt;\">ni\u00f1os y ni\u00f1as iniciaron un d\u00eda de aventuras en las inmediaciones del Parque Arqueol\u00f3gico San Felipe El Fuerte, en donde fueron recibidos por los recreadores del Instituto de deporte del estado Yaracuy, quienes realizaron diversas din\u00e1micas y actividades para que los chicos entraran en ambiente.<\/span><\/p>\n<p>&nbsp;<\/p>\n<p style=\"font-weight: 400; text-align: justify;\"><span style=\"font-family: helvetica, arial, sans-serif; font-size: 14pt;\">Con sus particulares juegos, los recreadores crearon grupos por edades, a los cuales identificaron por nombres y colores para as\u00ed iniciar las competencias sanas entre los equipos.<\/span><\/p>\n<p>&nbsp;<\/p>\n<p style=\"font-weight: 400; text-align: justify;\"><span style=\"font-family: helvetica, arial, sans-serif; font-size: 14pt;\">Luego hicieron un stop para desayunar, posteriormente emprendieron la caminata hasta la segunda estaci\u00f3n del d\u00eda, Cine Yaracuy, en donde los ni\u00f1os fueron recibidos de manera amistosa por los responsables de la sala de cine.<\/span><\/p>\n<p>&nbsp;<\/p>\n<p style=\"font-weight: 400; text-align: justify;\"><span style=\"font-family: helvetica, arial, sans-serif; font-size: 14pt;\">Una vez dentro del lugar conocieron las normas a trav\u00e9s de una proyecci\u00f3n creativa, para as\u00ed empezar a disfrutar de ricas palomitas de ma\u00edz acompa\u00f1adas de una refrescante bebida mientras ve\u00edan la pel\u00edcula\u00a0\u00a0animada &#8216;Mi Villano Favorito 4&#8217;<\/span><\/p>\n<p>&nbsp;<\/p>\n<p style=\"font-weight: 400; text-align: justify;\"><span style=\"font-family: helvetica, arial, sans-serif; font-size: 14pt;\">De esta manera\u00a0\u00a0inici\u00f3 el Plan Vacacional Inces 2024, el cual se desarrolla gracias a la extraordinaria gesti\u00f3n del presidente de la instituci\u00f3n Wuikelman Angel Paredes, y de la articulaci\u00f3n del gerente regional del Inces en Yaracuy, Dalvi Torrealba con los institutos de deporte y cultura del estado, los cuales son aliados del Inces.\u00a0\u00a0<\/span><\/p>\n","protected":false},"excerpt":{"rendered":"<p>***Los ni\u00f1os y ni\u00f1as disfrutaron de un d\u00eda especial teniendo un primer encuentro en el Parque Arqueol\u00f3gico San Felipe El Fuerte y la segunda visita el Cine Yaracuy<\/p>\n","protected":false},"author":4,"featured_media":59976,"comment_status":"closed","ping_status":"closed","sticky":false,"template":"","format":"standard","meta":{"footnotes":""},"categories":[2],"tags":[],"class_list":["post-59978","post","type-post","status-publish","format-standard","has-post-thumbnail","hentry","category-blog"],"_links":{"self":[{"href":"https:\/\/inces.gob.ve\/index.php\/wp-json\/wp\/v2\/posts\/59978","targetHints":{"allow":["GET"]}}],"collection":[{"href":"https:\/\/inces.gob.ve\/index.php\/wp-json\/wp\/v2\/posts"}],"about":[{"href":"https:\/\/inces.gob.ve\/index.php\/wp-json\/wp\/v2\/types\/post"}],"author":[{"embeddable":true,"href":"https:\/\/inces.gob.ve\/index.php\/wp-json\/wp\/v2\/users\/4"}],"replies":[{"embeddable":true,"href":"https:\/\/inces.gob.ve\/index.php\/wp-json\/wp\/v2\/comments?post=59978"}],"version-history":[{"count":1,"href":"https:\/\/inces.gob.ve\/index.php\/wp-json\/wp\/v2\/posts\/59978\/revisions"}],"predecessor-version":[{"id":59979,"href":"https:\/\/inces.gob.ve\/index.php\/wp-json\/wp\/v2\/posts\/59978\/revisions\/59979"}],"wp:featuredmedia":[{"embeddable":true,"href":"https:\/\/inces.gob.ve\/index.php\/wp-json\/wp\/v2\/media\/59976"}],"wp:attachment":[{"href":"https:\/\/inces.gob.ve\/index.php\/wp-json\/wp\/v2\/media?parent=59978"}],"wp:term":[{"taxonomy":"category","embeddable":true,"href":"https:\/\/inces.gob.ve\/index.php\/wp-json\/wp\/v2\/categories?post=59978"},{"taxonomy":"post_tag","embeddable":true,"href":"https:\/\/inces.gob.ve\/index.php\/wp-json\/wp\/v2\/tags?post=59978"}],"curies":[{"name":"wp","href":"https:\/\/api.w.org\/{rel}","templated":true}]}}