{"id":59982,"date":"2024-09-16T14:43:40","date_gmt":"2024-09-16T18:43:40","guid":{"rendered":"https:\/\/inces.gob.ve\/?p=59982"},"modified":"2024-09-16T14:43:40","modified_gmt":"2024-09-16T18:43:40","slug":"coro-en-inces-celebraron-la-cultura-y-la-tradicion-falconiana","status":"publish","type":"post","link":"https:\/\/inces.gob.ve\/index.php\/2024\/09\/16\/coro-en-inces-celebraron-la-cultura-y-la-tradicion-falconiana\/","title":{"rendered":"CORO | En Inces celebraron la cultura y la tradici\u00f3n Falconiana"},"content":{"rendered":"<p style=\"text-align: justify;\" align=\"center\"><strong><em><span style=\"font-family: arial, helvetica, sans-serif; font-size: 14pt;\">** En un acto organizado por la instituci\u00f3n y los docentes y promotores culturales que se forman a trav\u00e9s del perfil productivo laboral: Cultores Populares<\/span><\/em><\/strong><!--more--><\/p>\n<p align=\"center\">\n<p align=\"center\">\n<p style=\"text-align: justify;\"><span style=\"font-family: arial, helvetica, sans-serif; font-size: 14pt;\"><b>MIRIAM GONZ\u00c1LEZ VILLARROEL<\/b><\/span><\/p>\n<p style=\"text-align: justify;\" align=\"justify\"><span style=\"font-family: arial, helvetica, sans-serif; font-size: 14pt;\">Con una extraordinaria\u00a0<b>socializaci\u00f3n de saberes denominada \u201cFalc\u00f3n Tierra de Cultura y Tradiciones\u201d<\/b>, se celebr\u00f3 en los espacios de la gerencia regional del Inces en Falc\u00f3n el cierre de la\u00a0<b>unidad curricular: Fundamentos Culturales y su Acci\u00f3n Descolonizadora<\/b>, protagonizada por 119 participantes, docentes del Ministerio del Poder Popular para la Educaci\u00f3n (Mppe) quienes cumplen funciones como voceros culturales y docentes especialistas en las diferentes \u00e1reas creadoras: Danza, Teatro, M\u00fasica, Artes Visuales y Gastronom\u00eda que se forman en el perfil productivo laboral: Promotor Cultural.<\/span><\/p>\n<p align=\"justify\">\n<p style=\"text-align: justify;\" align=\"justify\">\n<p style=\"text-align: justify;\" align=\"justify\"><span style=\"font-family: arial, helvetica, sans-serif; font-size: 14pt;\">En este evento, la profesora Olga Noguera, dio la bienvenida en nombre de la gerente regional del Inces, Eneyda Mart\u00ednez Rodr\u00edguez, resaltando la importancia del amor por el acervo popular y cultural, \u00absomos seres culturales, desde aquellas cosas sencillas que nos unen\u00bb, expres\u00f3.<\/span><\/p>\n<p style=\"text-align: justify;\" align=\"justify\">\n<p align=\"justify\">\n<p style=\"text-align: justify;\" align=\"justify\"><span style=\"font-family: arial, helvetica, sans-serif; font-size: 14pt;\">En este contexto, Marvelis Chirinos, vocera cultural del Cdce y maestra t\u00e9cnico voluntario (MTV) del Inces, manifest\u00f3: \u201cEl Inces cuenta con este gran equipo, vinimos a aprender y la parte humana, la humildad del personal de esta noble instituci\u00f3n, se puso de manifiesto en cada aprendizaje obtenido\u00bb, \u201cestamos demostrando de que estamos hecho, es una socializaci\u00f3n de saberes y como promotores culturales seguiremos resaltando lo propio, lo aut\u00f3ctono de nuestra regi\u00f3n\u00bb.<\/span><\/p>\n<p align=\"justify\">\n<p style=\"text-align: justify;\" align=\"justify\">\n<p style=\"text-align: justify;\" align=\"justify\"><span style=\"font-family: arial, helvetica, sans-serif; font-size: 14pt;\">Resalt\u00f3, en el \u00e9xito de esta experiencia gratificante, se ha contado tambi\u00e9n, con el apoyo de los maestros voluntarios: Sheila Petit e Himilse Noguera.<\/span><\/p>\n<p align=\"justify\">\n<p style=\"text-align: justify;\" align=\"justify\"><img loading=\"lazy\" decoding=\"async\" class=\"aligncenter wp-image-59983 size-full\" src=\"https:\/\/inces.gob.ve\/wp-content\/uploads\/2024\/09\/cultura-10.jpg\" alt=\"\" width=\"800\" height=\"502\" srcset=\"https:\/\/inces.gob.ve\/wp-content\/uploads\/2024\/09\/cultura-10.jpg 800w, https:\/\/inces.gob.ve\/wp-content\/uploads\/2024\/09\/cultura-10-300x188.jpg 300w, https:\/\/inces.gob.ve\/wp-content\/uploads\/2024\/09\/cultura-10-768x482.jpg 768w\" sizes=\"auto, (max-width: 800px) 100vw, 800px\" \/><\/p>\n<p align=\"justify\">\n<p style=\"text-align: justify;\" align=\"justify\"><span style=\"font-family: arial, helvetica, sans-serif; font-size: 14pt;\">En este sentido, Adriana Acosta, agradeci\u00f3 a Dios por la oportunidad de este encuentro cultural y reconoci\u00f3 el esfuerzo del personal del Inces y del Centro de desarrollo de la Cdce del estado Falc\u00f3n, comparti\u00f3 su experiencia positiva en los procesos formativos recientes, destacando el papel fundamental de la MTV Marvelis Chirinos, quien proporcion\u00f3 herramientas valiosas que deben ser multiplicadas en cada uno de los espacios educativos con el fin \u00fanico, de mantener vivas las tradiciones, cultura y el acervo cultural falconiano.<\/span><\/p>\n<p align=\"justify\">\n<p style=\"text-align: justify;\" align=\"center\"><span style=\"font-family: arial, helvetica, sans-serif; font-size: 14pt;\"><b>Actividades Culturales<\/b><\/span><\/p>\n<p style=\"text-align: justify;\" align=\"justify\"><span style=\"font-family: arial, helvetica, sans-serif; font-size: 14pt;\">Posteriormente, el espacio cultural, inici\u00f3 con la obra de teatro: La rebeli\u00f3n de los negros de Coro, que evoc\u00f3 momentos hist\u00f3ricos significativos; para luego dar paso, a la maravillosa muestra gastron\u00f3mica entre \u201cGustos y sabores\u201d, donde destac\u00f3 el trabajo en equipo de gestores culturales y cultores populares.<\/span><\/p>\n<p style=\"text-align: justify;\" align=\"justify\">\n<p style=\"text-align: justify;\" align=\"justify\"><span style=\"font-family: arial, helvetica, sans-serif; font-size: 14pt;\">Luego, el grupo musical magisterial del Centro de Desarrollo de la Calidad Educativa del estado Falc\u00f3n present\u00f3 un popurr\u00ed de m\u00fasica falconiana tradicional; de igual forma, el club de la tercera edad, mostr\u00f3 talento y creatividad en cada baile presentado.<\/span><\/p>\n<p align=\"justify\">\n<p style=\"text-align: justify;\" align=\"justify\"><img loading=\"lazy\" decoding=\"async\" class=\"aligncenter wp-image-59985 size-full\" src=\"https:\/\/inces.gob.ve\/wp-content\/uploads\/2024\/09\/cultura-4.jpg\" alt=\"\" width=\"800\" height=\"294\" srcset=\"https:\/\/inces.gob.ve\/wp-content\/uploads\/2024\/09\/cultura-4.jpg 800w, https:\/\/inces.gob.ve\/wp-content\/uploads\/2024\/09\/cultura-4-300x110.jpg 300w, https:\/\/inces.gob.ve\/wp-content\/uploads\/2024\/09\/cultura-4-768x282.jpg 768w\" sizes=\"auto, (max-width: 800px) 100vw, 800px\" \/><\/p>\n<p align=\"justify\">\n<p style=\"text-align: justify;\" align=\"justify\"><span style=\"font-family: arial, helvetica, sans-serif; font-size: 14pt;\">De igual forma, la cultura y tradici\u00f3n del estado Falc\u00f3n estuvieron presentes en las muestras visuales gastron\u00f3micas, mu\u00f1ecas de trapo, pinturas, textiles, trajes, bases para lapiceros, evidenci\u00e1ndose la creatividad en cada pieza de la socializaci\u00f3n y lo tradicional del estado Falc\u00f3n.<\/span><\/p>\n<p style=\"text-align: justify;\" align=\"justify\">\n<p style=\"text-align: justify;\" align=\"justify\"><span style=\"font-family: arial, helvetica, sans-serif; font-size: 14pt;\">Finalmente todos los participantes resaltaron: \u00abEstamos demostrando de qu\u00e9 estamos hechos, con esta socializaci\u00f3n de saberes, y como promotores culturales, estamos asegurando continuaremos resaltando los valores de la cultura falconiana\u201d.<\/span><\/p>\n","protected":false},"excerpt":{"rendered":"<p>** En un acto organizado por la instituci\u00f3n y los docentes y promotores culturales que se forman a trav\u00e9s del perfil productivo laboral: Cultores Populares<\/p>\n","protected":false},"author":4,"featured_media":59984,"comment_status":"closed","ping_status":"closed","sticky":false,"template":"","format":"standard","meta":{"footnotes":""},"categories":[2],"tags":[],"class_list":["post-59982","post","type-post","status-publish","format-standard","has-post-thumbnail","hentry","category-blog"],"_links":{"self":[{"href":"https:\/\/inces.gob.ve\/index.php\/wp-json\/wp\/v2\/posts\/59982","targetHints":{"allow":["GET"]}}],"collection":[{"href":"https:\/\/inces.gob.ve\/index.php\/wp-json\/wp\/v2\/posts"}],"about":[{"href":"https:\/\/inces.gob.ve\/index.php\/wp-json\/wp\/v2\/types\/post"}],"author":[{"embeddable":true,"href":"https:\/\/inces.gob.ve\/index.php\/wp-json\/wp\/v2\/users\/4"}],"replies":[{"embeddable":true,"href":"https:\/\/inces.gob.ve\/index.php\/wp-json\/wp\/v2\/comments?post=59982"}],"version-history":[{"count":1,"href":"https:\/\/inces.gob.ve\/index.php\/wp-json\/wp\/v2\/posts\/59982\/revisions"}],"predecessor-version":[{"id":59986,"href":"https:\/\/inces.gob.ve\/index.php\/wp-json\/wp\/v2\/posts\/59982\/revisions\/59986"}],"wp:featuredmedia":[{"embeddable":true,"href":"https:\/\/inces.gob.ve\/index.php\/wp-json\/wp\/v2\/media\/59984"}],"wp:attachment":[{"href":"https:\/\/inces.gob.ve\/index.php\/wp-json\/wp\/v2\/media?parent=59982"}],"wp:term":[{"taxonomy":"category","embeddable":true,"href":"https:\/\/inces.gob.ve\/index.php\/wp-json\/wp\/v2\/categories?post=59982"},{"taxonomy":"post_tag","embeddable":true,"href":"https:\/\/inces.gob.ve\/index.php\/wp-json\/wp\/v2\/tags?post=59982"}],"curies":[{"name":"wp","href":"https:\/\/api.w.org\/{rel}","templated":true}]}}