{"id":60032,"date":"2024-09-19T18:24:08","date_gmt":"2024-09-19T22:24:08","guid":{"rendered":"https:\/\/inces.gob.ve\/?p=60032"},"modified":"2024-09-19T18:28:28","modified_gmt":"2024-09-19T22:28:28","slug":"el-impacto-de-las-redes-sociales-una-vision-critica-y-constructiva","status":"publish","type":"post","link":"https:\/\/inces.gob.ve\/index.php\/2024\/09\/19\/el-impacto-de-las-redes-sociales-una-vision-critica-y-constructiva\/","title":{"rendered":"El impacto de las redes sociales: una visi\u00f3n cr\u00edtica y constructiva desde la visi\u00f3n de @ricardokonducta"},"content":{"rendered":"<p><strong><em><span style=\"font-family: helvetica, arial, sans-serif; font-size: 14pt;\">** El Inces cuenta con la Escuela de Medios y Comunicaci\u00f3n, fundada con el objetivo de educar para el consumo de redes sociales y la creaci\u00f3n de contenidos conscientes<\/span><\/em><\/strong><!--more--><\/p>\n<p>&nbsp;<\/p>\n<p style=\"text-align: justify;\" data-sourcepos=\"5:1-5:275\"><span style=\"font-family: helvetica, arial, sans-serif; font-size: 14pt;\">En la m\u00e1s reciente edici\u00f3n del programa \u00abLa Hora del Inces\u00bb, transmitido por YVKE, el diputado Ricardo Gonz\u00e1lez, experto en redes sociales, marketing digital y an\u00e1lisis del discurso, ofreci\u00f3 una profunda reflexi\u00f3n sobre el impacto de estas plataformas en la sociedad venezolana.<\/span><\/p>\n<p data-sourcepos=\"5:1-5:275\">\n<p style=\"text-align: justify;\" data-sourcepos=\"7:1-7:309\"><span style=\"font-family: helvetica, arial, sans-serif; font-size: 14pt;\">Durante la entrevista, moderada por el presidente del Inces, Wuikelman Angel Paredes y Longina Tovar, el diputado Gonz\u00e1lez destac\u00f3 c\u00f3mo las redes sociales han transformado la interacci\u00f3n humana y c\u00f3mo iniciativas como la IncesApp buscan aprovechar este potencial para fomentar el intercambio de conocimiento.<\/span><\/p>\n<p data-sourcepos=\"7:1-7:309\">\n<p style=\"text-align: justify;\" data-sourcepos=\"9:1-9:394\"><span style=\"font-family: helvetica, arial, sans-serif; font-size: 14pt;\">Sin embargo, Gonz\u00e1lez alert\u00f3 sobre los riesgos asociados al uso indiscriminado de estas plataformas. \u00abEl problema radica en que la vida se est\u00e1 digitalizando por completo, y los algoritmos est\u00e1n controlando cada vez m\u00e1s lo que consumimos\u00bb, afirm\u00f3. El diputado explic\u00f3 c\u00f3mo estos algoritmos crean \u00abburbujas tem\u00e1ticas\u00bb que limitan la exposici\u00f3n a diversas perspectivas y fomentan la polarizaci\u00f3n; tesis que denunci\u00f3 ante el presidente de la Asamblea Nacional, Jorge Rodr\u00edguez.<\/span><\/p>\n<p data-sourcepos=\"9:1-9:394\">\n<p style=\"text-align: justify;\" data-sourcepos=\"11:1-11:297\"><span style=\"font-family: helvetica, arial, sans-serif; font-size: 14pt;\">\u00abImag\u00ednense que solo puedan tocar tres o cuatro temas en toda su vida\u00bb, ilustr\u00f3 Gonz\u00e1lez. \u00abEso es lo que ocurre en las redes sociales. Una vez que la plataforma identifica tus preferencias, te muestra contenido que refuerza esas mismas ideas, sin darte la oportunidad de explorar otras opiniones\u00bb.<\/span><\/p>\n<p data-sourcepos=\"11:1-11:297\">\n<p style=\"text-align: justify;\" data-sourcepos=\"13:1-13:286\"><span style=\"font-family: helvetica, arial, sans-serif; font-size: 14pt;\">El diputado tambi\u00e9n expres\u00f3 su preocupaci\u00f3n por el uso de los datos personales por parte de las empresas tecnol\u00f3gicas. \u00abEstas empresas tienen la capacidad de recopilar informaci\u00f3n sobre nuestros h\u00e1bitos y preferencias, y utilizarla para fines comerciales o incluso pol\u00edticos\u00bb, advirti\u00f3.<\/span><\/p>\n<p data-sourcepos=\"13:1-13:286\">\n<p style=\"text-align: justify;\" data-sourcepos=\"15:1-15:286\"><span style=\"font-family: helvetica, arial, sans-serif; font-size: 14pt;\">Gonz\u00e1lez concluy\u00f3 se\u00f1alando que las redes sociales se han convertido en un terreno f\u00e9rtil para la propagaci\u00f3n del odio y la desinformaci\u00f3n. \u00abLa manipulaci\u00f3n de los algoritmos y la creaci\u00f3n de &#8216;burbujas&#8217; ideol\u00f3gicas permiten silenciar voces disidentes y polarizar a la sociedad\u00bb, afirm\u00f3.<\/span><\/p>\n<p data-sourcepos=\"15:1-15:286\">\n<p style=\"text-align: justify;\" data-sourcepos=\"17:1-17:215\"><span style=\"font-family: helvetica, arial, sans-serif; font-size: 14pt;\">En este contexto, el diputado destac\u00f3 la importancia de la Ley contra el Fascismo, el Neofacismo y Expresiones Similares, como una herramienta para combatir la propagaci\u00f3n del discurso de odio en las redes sociales.<\/span><\/p>\n","protected":false},"excerpt":{"rendered":"<p>** El Inces cuenta con la Escuela de Medios y Comunicaci\u00f3n, fundada con el objetivo de educar para el consumo de redes sociales y la creaci\u00f3n de contenidos conscientes<\/p>\n","protected":false},"author":4,"featured_media":60037,"comment_status":"closed","ping_status":"closed","sticky":false,"template":"","format":"standard","meta":{"footnotes":""},"categories":[2],"tags":[],"class_list":["post-60032","post","type-post","status-publish","format-standard","has-post-thumbnail","hentry","category-blog"],"_links":{"self":[{"href":"https:\/\/inces.gob.ve\/index.php\/wp-json\/wp\/v2\/posts\/60032","targetHints":{"allow":["GET"]}}],"collection":[{"href":"https:\/\/inces.gob.ve\/index.php\/wp-json\/wp\/v2\/posts"}],"about":[{"href":"https:\/\/inces.gob.ve\/index.php\/wp-json\/wp\/v2\/types\/post"}],"author":[{"embeddable":true,"href":"https:\/\/inces.gob.ve\/index.php\/wp-json\/wp\/v2\/users\/4"}],"replies":[{"embeddable":true,"href":"https:\/\/inces.gob.ve\/index.php\/wp-json\/wp\/v2\/comments?post=60032"}],"version-history":[{"count":3,"href":"https:\/\/inces.gob.ve\/index.php\/wp-json\/wp\/v2\/posts\/60032\/revisions"}],"predecessor-version":[{"id":60040,"href":"https:\/\/inces.gob.ve\/index.php\/wp-json\/wp\/v2\/posts\/60032\/revisions\/60040"}],"wp:featuredmedia":[{"embeddable":true,"href":"https:\/\/inces.gob.ve\/index.php\/wp-json\/wp\/v2\/media\/60037"}],"wp:attachment":[{"href":"https:\/\/inces.gob.ve\/index.php\/wp-json\/wp\/v2\/media?parent=60032"}],"wp:term":[{"taxonomy":"category","embeddable":true,"href":"https:\/\/inces.gob.ve\/index.php\/wp-json\/wp\/v2\/categories?post=60032"},{"taxonomy":"post_tag","embeddable":true,"href":"https:\/\/inces.gob.ve\/index.php\/wp-json\/wp\/v2\/tags?post=60032"}],"curies":[{"name":"wp","href":"https:\/\/api.w.org\/{rel}","templated":true}]}}