{"id":60194,"date":"2024-10-03T16:11:38","date_gmt":"2024-10-03T20:11:38","guid":{"rendered":"https:\/\/inces.gob.ve\/?p=60194"},"modified":"2024-10-03T16:11:38","modified_gmt":"2024-10-03T20:11:38","slug":"falcon-aprendices-inces-celebraron-su-dia","status":"publish","type":"post","link":"https:\/\/inces.gob.ve\/index.php\/2024\/10\/03\/falcon-aprendices-inces-celebraron-su-dia\/","title":{"rendered":"FALC\u00d3N | Aprendices Inces celebraron\u00a0su\u00a0d\u00eda"},"content":{"rendered":"<div><\/div>\n<div><em><strong><span style=\"font-family: helvetica, arial, sans-serif; font-size: 16px;\">**Son j\u00f3venes que a trav\u00e9s del Programa Nacional de Aprendizaje tienen la oportunidad del primer empleo de formarse en una ocupaci\u00f3n productiva<\/span><\/strong><\/em><\/p>\n<p align=\"justify\">\n<\/div>\n<p><!--more--><\/p>\n<p align=\"justify\">\n<p align=\"justify\"><b style=\"font-family: helvetica, arial, sans-serif;\">MIRIAM GONZ\u00c1LEZ VILLAROEL<\/b><\/p>\n<div>\n<p align=\"justify\"><span style=\"font-family: helvetica, arial, sans-serif; font-size: 16px;\">Como todos los a\u00f1os desde 1965, el 1 de octubre se celebra el\u00a0<b>D\u00eda del Aprendiz Inces<\/b> y en el Centro de Formaci\u00f3n Socialista (CFS) Jos\u00e9 Leonardo Chirino del Instituto Nacional de Capacitaci\u00f3n y Educaci\u00f3n Socialista (Inces) aprendices realizaron un compartir donde estuvieron acompa\u00f1ados por la gerente regional del Inces, Eneyda Mart\u00ednez Rodr\u00edguez, el jefe de Formaci\u00f3n Profesional; la jefe del CFS, formadores de la agrupaci\u00f3n interempresas y por los maestros t\u00e9cnicos voluntarios que acompa\u00f1an el proceso de formaci\u00f3n de estos j\u00f3venes.<\/span><\/p>\n<p align=\"justify\">\n<p align=\"justify\"><span style=\"font-family: helvetica, arial, sans-serif; font-size: 16px;\">Este evento del Programa Nacional de Aprendizaje (PNA) re\u00fane en esta ocasi\u00f3n a los aprendices, instructores y autoridades para resaltar la importancia de la educaci\u00f3n y la formaci\u00f3n profesional en el desarrollo del pa\u00eds.<\/span><\/p>\n<p align=\"justify\">\n<p align=\"justify\"><span style=\"font-family: helvetica, arial, sans-serif; font-size: 16px;\">Durante la celebraci\u00f3n la gerente regional, Eneyda Mart\u00ednez Rodr\u00edguez, ratific\u00f3 su compromiso con la formaci\u00f3n de los nuevos talentos.<\/span><\/p>\n<p align=\"center\">\n<p style=\"text-align: left;\" align=\"center\"><span style=\"font-family: helvetica, arial, sans-serif; font-size: 16px;\"><b>Opinan los aprendices<\/b><\/span><\/p>\n<p align=\"justify\"><span style=\"font-family: helvetica, arial, sans-serif; font-size: 16px;\">Frank Manuel Leal Chirino, uno de los aprendices presentes, expres\u00f3: \u201cEste d\u00eda es muy especial para nosotros, ya que nos motiva a seguir aprendiendo y a superarnos en nuestras profesiones. Agradecemos a todos por su dedicaci\u00f3n y compromiso en el proceso de formaci\u00f3n\u201d.<\/span><\/p>\n<p align=\"justify\">\n<p align=\"justify\"><span style=\"font-family: helvetica, arial, sans-serif; font-size: 16px;\"><br \/>\nPor su parte, Adrianny Chirino, aprendiz, a\u00f1adi\u00f3: \u201cCelebrar el D\u00eda del Aprendiz es un reconocimiento a nuestro esfuerzo y un impulso para seguir adelante. Cada uno de nosotros tiene un sue\u00f1o, y aqu\u00ed nos est\u00e1n ayudando a construirlo\u201d.<\/span><\/p>\n<p align=\"justify\"><span style=\"font-family: helvetica, arial, sans-serif; font-size: 16px;\"><\/p>\n<p>La celebraci\u00f3n no solo fue un momento de reflexi\u00f3n, sino tambi\u00e9n una fiesta donde los aprendices pudieron compartir sus experiencias, trayectoria y aprendizajes, reafirmando el compromiso institucional de seguir formando profesionales competentes y comprometidos con el desarrollo del pa\u00eds.<\/span><\/p>\n<\/div>\n","protected":false},"excerpt":{"rendered":"<p>**Son j\u00f3venes que a trav\u00e9s del Programa Nacional de Aprendizaje tienen la oportunidad del primer empleo de formarse en una ocupaci\u00f3n productiva<\/p>\n","protected":false},"author":4,"featured_media":60195,"comment_status":"closed","ping_status":"closed","sticky":false,"template":"","format":"standard","meta":{"footnotes":""},"categories":[2],"tags":[],"class_list":["post-60194","post","type-post","status-publish","format-standard","has-post-thumbnail","hentry","category-blog"],"_links":{"self":[{"href":"https:\/\/inces.gob.ve\/index.php\/wp-json\/wp\/v2\/posts\/60194","targetHints":{"allow":["GET"]}}],"collection":[{"href":"https:\/\/inces.gob.ve\/index.php\/wp-json\/wp\/v2\/posts"}],"about":[{"href":"https:\/\/inces.gob.ve\/index.php\/wp-json\/wp\/v2\/types\/post"}],"author":[{"embeddable":true,"href":"https:\/\/inces.gob.ve\/index.php\/wp-json\/wp\/v2\/users\/4"}],"replies":[{"embeddable":true,"href":"https:\/\/inces.gob.ve\/index.php\/wp-json\/wp\/v2\/comments?post=60194"}],"version-history":[{"count":1,"href":"https:\/\/inces.gob.ve\/index.php\/wp-json\/wp\/v2\/posts\/60194\/revisions"}],"predecessor-version":[{"id":60196,"href":"https:\/\/inces.gob.ve\/index.php\/wp-json\/wp\/v2\/posts\/60194\/revisions\/60196"}],"wp:featuredmedia":[{"embeddable":true,"href":"https:\/\/inces.gob.ve\/index.php\/wp-json\/wp\/v2\/media\/60195"}],"wp:attachment":[{"href":"https:\/\/inces.gob.ve\/index.php\/wp-json\/wp\/v2\/media?parent=60194"}],"wp:term":[{"taxonomy":"category","embeddable":true,"href":"https:\/\/inces.gob.ve\/index.php\/wp-json\/wp\/v2\/categories?post=60194"},{"taxonomy":"post_tag","embeddable":true,"href":"https:\/\/inces.gob.ve\/index.php\/wp-json\/wp\/v2\/tags?post=60194"}],"curies":[{"name":"wp","href":"https:\/\/api.w.org\/{rel}","templated":true}]}}