{"id":60203,"date":"2024-10-03T16:37:00","date_gmt":"2024-10-03T20:37:00","guid":{"rendered":"https:\/\/inces.gob.ve\/?p=60203"},"modified":"2024-10-03T16:38:39","modified_gmt":"2024-10-03T20:38:39","slug":"de-regreso-a-clases-50-participantes-de-la-fundacion-musical-simon-bolivar-modulo-inces","status":"publish","type":"post","link":"https:\/\/inces.gob.ve\/index.php\/2024\/10\/03\/de-regreso-a-clases-50-participantes-de-la-fundacion-musical-simon-bolivar-modulo-inces\/","title":{"rendered":"De regreso a clases 50 participantes de la Fundaci\u00f3n Musical Sim\u00f3n Bol\u00edvar m\u00f3dulo Inces"},"content":{"rendered":"<p><span style=\"font-family: helvetica, arial, sans-serif; font-size: 16px;\"><em>** Canta siempre con amor<\/em><strong><em> y no dejes que nadie te quite la ilusi\u00f3n por cantar<\/em><\/strong><\/span><!--more--><\/p>\n<p>&nbsp;<\/p>\n<p><span style=\"font-family: helvetica, arial, sans-serif;\"><strong>DIMAS P\u00c0EZ<\/strong><\/span><\/p>\n<p>&nbsp;<\/p>\n<p><span style=\"font-family: helvetica, arial, sans-serif; font-size: 16px;\">Gracias al convenio entre El Sistema Nacional de Orquestas y Coros Juveniles e Infantiles de Venezuela y el Instituto Nacional de Capacitaci\u00f3n y Educaci\u00f3n Socialista (Inces), los hijos e hijas de los trabajadores del ente y del punto y c\u00edrculo est\u00e1n de regreso a clases en el m\u00f3dulo Inces.<\/span><\/p>\n<p>&nbsp;<\/p>\n<p><span style=\"font-family: helvetica, arial, sans-serif; font-size: 16px;\">Los ni\u00f1os y j\u00f3venes, entre siete y diecis\u00e9is a\u00f1os, est\u00e1n recibiendo una formaci\u00f3n musical por parte del personal de Fundamusical, en el tercer piso, edificio sede del Inces, gerencia general de Cultura, Deporte, Recreaci\u00f3n y Participaci\u00f3n Comunal.<\/span><\/p>\n<p>&nbsp;<\/p>\n<p><img loading=\"lazy\" decoding=\"async\" class=\"aligncenter wp-image-60205 size-full\" src=\"https:\/\/inces.gob.ve\/wp-content\/uploads\/2024\/10\/fundamusical-8.jpeg\" alt=\"\" width=\"992\" height=\"744\" srcset=\"https:\/\/inces.gob.ve\/wp-content\/uploads\/2024\/10\/fundamusical-8.jpeg 992w, https:\/\/inces.gob.ve\/wp-content\/uploads\/2024\/10\/fundamusical-8-300x225.jpeg 300w, https:\/\/inces.gob.ve\/wp-content\/uploads\/2024\/10\/fundamusical-8-768x576.jpeg 768w, https:\/\/inces.gob.ve\/wp-content\/uploads\/2024\/10\/fundamusical-8-136x102.jpeg 136w\" sizes=\"auto, (max-width: 992px) 100vw, 992px\" \/><\/p>\n<p>&nbsp;<\/p>\n<p><span style=\"font-family: helvetica, arial, sans-serif; font-size: 16px;\">Para impulsar la formaci\u00f3n musical de los ni\u00f1os, ni\u00f1as y j\u00f3venes, Fundamusical aporta los conocimientos necesarios para su desarrollo musical a trav\u00e9s de los profesores Miguel Flores y Victor Brice\u00f1o quienes imparten Canto Coral y Lenguaje Musical respectivamente.<\/span><\/p>\n<p>&nbsp;<\/p>\n<p><span style=\"font-family: helvetica, arial, sans-serif; font-size: 16px;\">Al respecto, el profesor Miguel Flores nos explic\u00f3 el avance que han tenido los participantes desde su llegada: \u201cEstos j\u00f3venes se iniciaron con nosotros en el mes de mayo, al principio se dio la parte te\u00f3rica como fueron los signos musicales, afinaci\u00f3n de los o\u00eddos, empezaron entonando canciones sencillas y han ido realizando varias presentaciones dentro de la instituci\u00f3n\u201d.<\/span><\/p>\n<p>&nbsp;<\/p>\n<p><img loading=\"lazy\" decoding=\"async\" class=\"aligncenter wp-image-60207 size-large\" src=\"https:\/\/inces.gob.ve\/wp-content\/uploads\/2024\/10\/WhatsApp-Image-2024-10-03-at-12.15.46-PM-1024x1024.jpeg\" alt=\"\" width=\"640\" height=\"640\" srcset=\"https:\/\/inces.gob.ve\/wp-content\/uploads\/2024\/10\/WhatsApp-Image-2024-10-03-at-12.15.46-PM-1024x1024.jpeg 1024w, https:\/\/inces.gob.ve\/wp-content\/uploads\/2024\/10\/WhatsApp-Image-2024-10-03-at-12.15.46-PM-300x300.jpeg 300w, https:\/\/inces.gob.ve\/wp-content\/uploads\/2024\/10\/WhatsApp-Image-2024-10-03-at-12.15.46-PM-150x150.jpeg 150w, https:\/\/inces.gob.ve\/wp-content\/uploads\/2024\/10\/WhatsApp-Image-2024-10-03-at-12.15.46-PM-768x768.jpeg 768w, https:\/\/inces.gob.ve\/wp-content\/uploads\/2024\/10\/WhatsApp-Image-2024-10-03-at-12.15.46-PM.jpeg 1080w\" sizes=\"auto, (max-width: 640px) 100vw, 640px\" \/><\/p>\n<p>&nbsp;<\/p>\n<p><span style=\"font-family: helvetica, arial, sans-serif; font-size: 16px;\">Los participantes tienen un nivel tipo 2, que es un nivel aceptable y se le puede asignar, en estos momentos, un instrumento musical y continuar sus estudios acad\u00e9micos dentro del n\u00facleo, finaliz\u00f3\u00a0 Flores.<\/span><\/p>\n<p>&nbsp;<\/p>\n<p><span style=\"font-family: helvetica, arial, sans-serif; font-size: 16px;\">La trabajadora Airam Silva, del Inces Militar, madre del ni\u00f1o Isa\u00edas Guill\u00e9n, nos revel\u00f3 los cambios que ha venido obteniendo su hijo desde que est\u00e1 participando en el m\u00f3dulo del sistema, la misma nos expuso: \u201cMi hijo se muestra m\u00e1s dedicado a sus estudios desde que est\u00e1 participando en el m\u00f3dulo y se dedica a cuidarse la voz. \u00c9l se muestra muy motivado por aprenderse las canciones, para estar al d\u00eda junto a sus compa\u00f1eros\u201d.<\/span><\/p>\n<p>&nbsp;<\/p>\n<p><span style=\"font-family: helvetica, arial, sans-serif; font-size: 16px;\">La participante Cosette Gonz\u00e1lez comparti\u00f3 la experiencia que ha obtenido durante se estancia en Fundamusical: \u201cHe aprendido a leer m\u00fasica, armon\u00eda, r\u00edtmica, a perder el miedo esc\u00e9nico, a compartir con mis compa\u00f1eros. Para m\u00ed ha sido una bella experiencia\u201d.<\/span><\/p>\n<p>&nbsp;<\/p>\n<p><img loading=\"lazy\" decoding=\"async\" class=\"alignnone size-medium wp-image-60206\" src=\"https:\/\/inces.gob.ve\/wp-content\/uploads\/2024\/10\/fundamusical-7-e1727987807474-300x226.jpeg\" alt=\"\" width=\"300\" height=\"226\" srcset=\"https:\/\/inces.gob.ve\/wp-content\/uploads\/2024\/10\/fundamusical-7-e1727987807474-300x226.jpeg 300w, https:\/\/inces.gob.ve\/wp-content\/uploads\/2024\/10\/fundamusical-7-e1727987807474-136x102.jpeg 136w, https:\/\/inces.gob.ve\/wp-content\/uploads\/2024\/10\/fundamusical-7-e1727987807474.jpeg 643w\" sizes=\"auto, (max-width: 300px) 100vw, 300px\" \/><\/p>\n","protected":false},"excerpt":{"rendered":"<p>** Canta siempre con amor y no dejes que nadie te quite la ilusi\u00f3n por cantar<\/p>\n","protected":false},"author":4,"featured_media":60204,"comment_status":"closed","ping_status":"closed","sticky":false,"template":"","format":"standard","meta":{"footnotes":""},"categories":[2],"tags":[],"class_list":["post-60203","post","type-post","status-publish","format-standard","has-post-thumbnail","hentry","category-blog"],"_links":{"self":[{"href":"https:\/\/inces.gob.ve\/index.php\/wp-json\/wp\/v2\/posts\/60203","targetHints":{"allow":["GET"]}}],"collection":[{"href":"https:\/\/inces.gob.ve\/index.php\/wp-json\/wp\/v2\/posts"}],"about":[{"href":"https:\/\/inces.gob.ve\/index.php\/wp-json\/wp\/v2\/types\/post"}],"author":[{"embeddable":true,"href":"https:\/\/inces.gob.ve\/index.php\/wp-json\/wp\/v2\/users\/4"}],"replies":[{"embeddable":true,"href":"https:\/\/inces.gob.ve\/index.php\/wp-json\/wp\/v2\/comments?post=60203"}],"version-history":[{"count":2,"href":"https:\/\/inces.gob.ve\/index.php\/wp-json\/wp\/v2\/posts\/60203\/revisions"}],"predecessor-version":[{"id":60209,"href":"https:\/\/inces.gob.ve\/index.php\/wp-json\/wp\/v2\/posts\/60203\/revisions\/60209"}],"wp:featuredmedia":[{"embeddable":true,"href":"https:\/\/inces.gob.ve\/index.php\/wp-json\/wp\/v2\/media\/60204"}],"wp:attachment":[{"href":"https:\/\/inces.gob.ve\/index.php\/wp-json\/wp\/v2\/media?parent=60203"}],"wp:term":[{"taxonomy":"category","embeddable":true,"href":"https:\/\/inces.gob.ve\/index.php\/wp-json\/wp\/v2\/categories?post=60203"},{"taxonomy":"post_tag","embeddable":true,"href":"https:\/\/inces.gob.ve\/index.php\/wp-json\/wp\/v2\/tags?post=60203"}],"curies":[{"name":"wp","href":"https:\/\/api.w.org\/{rel}","templated":true}]}}