{"id":60229,"date":"2024-10-08T15:55:39","date_gmt":"2024-10-08T19:55:39","guid":{"rendered":"https:\/\/inces.gob.ve\/?p=60229"},"modified":"2024-10-08T15:55:39","modified_gmt":"2024-10-08T19:55:39","slug":"yaracuy-inces-incorpora-47-jovenes-a-dos-ocupaciones-cualificadas-del-pna","status":"publish","type":"post","link":"https:\/\/inces.gob.ve\/index.php\/2024\/10\/08\/yaracuy-inces-incorpora-47-jovenes-a-dos-ocupaciones-cualificadas-del-pna\/","title":{"rendered":"YARACUY | Inces incorpora 47 j\u00f3venes a dos ocupaciones cualificadas del PNA"},"content":{"rendered":"<p style=\"font-weight: 400; text-align: justify;\"><strong><span style=\"font-family: helvetica, arial, sans-serif; font-size: 16px;\">***<em>Los aprendices disponen de tres centros formativos; instituto de acci\u00f3n delegada Inces Manual y T\u00e9cnico Lisseth Rodr\u00edguez, centro de adiestramiento t\u00e9cnico empresas Polar y el CFS San Felipe El Fuerte<\/em><\/span><\/strong><!--more--><\/p>\n<p style=\"text-align: justify;\">\n<p style=\"text-align: justify;\">\n<p style=\"font-weight: 400; text-align: justify;\"><span style=\"font-family: helvetica, arial, sans-serif; font-size: 16px;\"><b>YOLAICE VARGAS<\/b><\/span><\/p>\n<p style=\"font-weight: 400; text-align: justify;\"><span style=\"font-family: helvetica, arial, sans-serif; font-size: 16px;\">El Instituto Nacional de Capacitaci\u00f3n y Educaci\u00f3n Socialista (Inces), cierra el ciclo de incorporaci\u00f3n al Programa Nacional de Aprendizaje (PNA), con 47 nuevos aprendices en las ocupaciones Electromec\u00e1nico Industrial y Secretariado Administrativo.<\/span><\/p>\n<p>&nbsp;<\/p>\n<p style=\"font-weight: 400; text-align: justify;\"><span style=\"font-family: helvetica, arial, sans-serif; font-size: 16px;\">En la primera ocupaci\u00f3n son incorporados 30 j\u00f3venes con edades comprendidas entre los 16 y 18 a\u00f1os, un primer grupo de 15 aprendices recibir\u00e1 formaci\u00f3n en el Centro de Adiestramiento T\u00e9cnico Empresas Polar, en la planta Chivacoa, y un segundo grupo de otros 15 j\u00f3venes en el Instituto de Acci\u00f3n Delegada Inces T\u00e9cnico y Manual Lisseth Rodr\u00edguez.<\/span><\/p>\n<p>&nbsp;<\/p>\n<p style=\"font-weight: 400; text-align: justify;\"><span style=\"font-family: helvetica, arial, sans-serif; font-size: 16px;\">Mientras que el centro de formaci\u00f3n socialista San Felipe El Fuerte recibe a 17 bachilleres quienes se incorporan a la ocupaci\u00f3n Secretariado Administrativo. Estos j\u00f3venes se suman a los m\u00e1s de 400 aprendices que se encuentran actualmente en formaci\u00f3n tanto te\u00f3rica como pr\u00e1ctica.<\/span><\/p>\n<p>&nbsp;<\/p>\n<p style=\"font-weight: 400; text-align: justify;\"><span style=\"font-family: helvetica, arial, sans-serif; font-size: 16px;\">Durante la bienvenida el gerente regional del Inces en Yaracuy, Dalvi Torrealba, dio a conocer las normativas y reglas que rigen el PNA, destac\u00f3 la importancia de cumplirlas para evitar sanciones que puedan ocasionar la desincorporaci\u00f3n del programa.<\/span><\/p>\n<p>&nbsp;<\/p>\n<p style=\"font-weight: 400; text-align: justify;\"><span style=\"font-family: helvetica, arial, sans-serif; font-size: 16px;\">Asimismo, exhort\u00f3 a los j\u00f3venes a qu\u00e9 aprovechen al m\u00e1ximo la formaci\u00f3n t\u00e9cnica profesional que inician, asegur\u00f3 que la capacitaci\u00f3n del Inces es muy distinta a la pedagog\u00eda de los liceos, o de cualquier universidad<\/span><\/p>\n<p>&nbsp;<\/p>\n<p style=\"font-weight: 400; text-align: justify;\"><span style=\"font-family: helvetica, arial, sans-serif; font-size: 16px;\">En tal sentido explic\u00f3 que la modalidad de estudio del PNA es formar a futuros trabajadores de las empresas que cumplen con la responsabilidad civil y tributaria del Inces.<\/span><\/p>\n<p>&nbsp;<\/p>\n<p style=\"font-weight: 400; text-align: justify;\"><span style=\"font-family: helvetica, arial, sans-serif; font-size: 16px;\">Para finalizar Torrealba felicit\u00f3 a los j\u00f3venes quienes pasaron por un proceso de selecci\u00f3n para llegar a ser parte del PNA, demostrando que fueron los m\u00e1s destacados.<strong><br \/>\n<\/strong><\/span><\/p>\n<p style=\"font-weight: 400; text-align: justify;\"><span style=\"font-family: helvetica, arial, sans-serif; font-size: 16px;\"><strong>\u00a0<\/strong><\/span><\/p>\n<p style=\"font-weight: 400; text-align: justify;\"><span style=\"font-family: helvetica, arial, sans-serif; font-size: 16px;\"><strong>Balance general<\/strong><\/span><\/p>\n<p style=\"font-weight: 400; text-align: justify;\"><span style=\"font-family: helvetica, arial, sans-serif; font-size: 16px;\">El titular del Inces en Yaracuy, aprovech\u00f3 la visita de los medios de comunicaci\u00f3n para ofrecer un balance de la gesti\u00f3n del Inces hasta la fecha, precis\u00f3 que en la actualidad van m\u00e1s de 49 mil participantes atendidos en las diferentes ofertas formativas de la instituci\u00f3n.<\/span><\/p>\n<p style=\"font-weight: 400; text-align: justify;\"><span style=\"font-family: helvetica, arial, sans-serif; font-size: 16px;\">De igual manera, se\u00f1al\u00f3 que el d\u00eda viernes 04 de octubre inicia el periodo 2024-2025\u00a0\u00a0en la modalidad de j\u00f3venes y adultos del Liceo Inces.<\/span><\/p>\n<p style=\"font-weight: 400; text-align: justify;\"><span style=\"font-family: helvetica, arial, sans-serif; font-size: 16px;\">Detall\u00f3 que gracias al convenio del Inces con Fundamusical m\u00e1s de ciento veinte ni\u00f1os, ni\u00f1as y adolescentes se forman en la instituci\u00f3n en los programas de Alma Llanera y El Sistema\u00a0\u00a0Nacional de Orquestas y Coros Juveniles e Infantiles.\u00a0\u00a0<\/span><\/p>\n","protected":false},"excerpt":{"rendered":"<p>***Los aprendices disponen de tres centros formativos; instituto de acci\u00f3n delegada Inces Manual y T\u00e9cnico Lisseth Rodr\u00edguez, centro de adiestramiento t\u00e9cnico empresas Polar y el CFS San Felipe El Fuerte<\/p>\n","protected":false},"author":4,"featured_media":60230,"comment_status":"closed","ping_status":"closed","sticky":false,"template":"","format":"standard","meta":{"footnotes":""},"categories":[2],"tags":[],"class_list":["post-60229","post","type-post","status-publish","format-standard","has-post-thumbnail","hentry","category-blog"],"_links":{"self":[{"href":"https:\/\/inces.gob.ve\/index.php\/wp-json\/wp\/v2\/posts\/60229","targetHints":{"allow":["GET"]}}],"collection":[{"href":"https:\/\/inces.gob.ve\/index.php\/wp-json\/wp\/v2\/posts"}],"about":[{"href":"https:\/\/inces.gob.ve\/index.php\/wp-json\/wp\/v2\/types\/post"}],"author":[{"embeddable":true,"href":"https:\/\/inces.gob.ve\/index.php\/wp-json\/wp\/v2\/users\/4"}],"replies":[{"embeddable":true,"href":"https:\/\/inces.gob.ve\/index.php\/wp-json\/wp\/v2\/comments?post=60229"}],"version-history":[{"count":1,"href":"https:\/\/inces.gob.ve\/index.php\/wp-json\/wp\/v2\/posts\/60229\/revisions"}],"predecessor-version":[{"id":60231,"href":"https:\/\/inces.gob.ve\/index.php\/wp-json\/wp\/v2\/posts\/60229\/revisions\/60231"}],"wp:featuredmedia":[{"embeddable":true,"href":"https:\/\/inces.gob.ve\/index.php\/wp-json\/wp\/v2\/media\/60230"}],"wp:attachment":[{"href":"https:\/\/inces.gob.ve\/index.php\/wp-json\/wp\/v2\/media?parent=60229"}],"wp:term":[{"taxonomy":"category","embeddable":true,"href":"https:\/\/inces.gob.ve\/index.php\/wp-json\/wp\/v2\/categories?post=60229"},{"taxonomy":"post_tag","embeddable":true,"href":"https:\/\/inces.gob.ve\/index.php\/wp-json\/wp\/v2\/tags?post=60229"}],"curies":[{"name":"wp","href":"https:\/\/api.w.org\/{rel}","templated":true}]}}