{"id":60249,"date":"2024-10-09T16:17:16","date_gmt":"2024-10-09T20:17:16","guid":{"rendered":"https:\/\/inces.gob.ve\/?p=60249"},"modified":"2024-10-09T16:17:16","modified_gmt":"2024-10-09T20:17:16","slug":"iniciamos-las-navidades-con-cantos-villancicos-y-aguinaldos","status":"publish","type":"post","link":"https:\/\/inces.gob.ve\/index.php\/2024\/10\/09\/iniciamos-las-navidades-con-cantos-villancicos-y-aguinaldos\/","title":{"rendered":"Iniciamos las navidades con cantos, villancicos y aguinaldos"},"content":{"rendered":"<p style=\"text-align: justify;\"><span style=\"font-family: helvetica, arial, sans-serif; font-size: 16px;\"><i><b>** Trabajadores festejan inicio de navidad con almuerzo y cantos de villancicos<\/b><\/i><!--more--><\/span><\/p>\n<div>\n<div style=\"text-align: justify;\"><\/div>\n<div style=\"text-align: justify;\"><\/div>\n<div style=\"text-align: justify;\"><strong><span style=\"font-family: helvetica, arial, sans-serif; font-size: 16px;\">FELIX RUIZ<\/span><\/strong><\/div>\n<div style=\"text-align: justify;\"><span style=\"font-family: helvetica, arial, sans-serif; font-size: 16px;\">Desde tempranas horas los trabajadores, empleados, obreros, jubilados y \u00a0maestros t\u00e9cnicos productivos (MTP) que hacen vida en nuestra instituci\u00f3n se dieron cita para darle la bienvenida a las Navidades Felices 2024. La jornada inici\u00f3 con las palabras de la gerente regional de Inces Amazonas, Adriana Medina: \u00abLa Navidad es la \u00a0\u00e9poca m\u00e1s linda del a\u00f1o, pues se busca impulsar la reconciliaci\u00f3n, la paz, la armon\u00eda, la hermandad y la concordia entre todos los venezolanos\u00bb, mencion\u00f3.<\/span><\/p>\n<p><span style=\"font-family: helvetica, arial, sans-serif; font-size: 16px;\">Para continuar con los canto de villancicos los cuales estuvieron a cargo de la agrupaci\u00f3n Mis Ra\u00edces, quienes entonaron diversas canciones particular de esta \u00e9poca decembrina \u00a0deleitando al p\u00fablico presente, cabe mencionar que desde muy temprano los trabajadores iniciaron con la decoraci\u00f3n de los espacios con guirnaldas, bambalinas, afiches y luces que alegran la temporada navide\u00f1a. <\/span><\/div>\n<div><\/div>\n<div style=\"text-align: justify;\"><span style=\"font-family: helvetica, arial, sans-serif; font-size: 16px;\">La actividad estuvo cargada de alegr\u00eda para los m\u00e1s peque\u00f1os, los cuales se les obsequiaron juguetes esto por \u00a0la llegada de la \u00e9poca m\u00e1s bonita del a\u00f1o que inspira uni\u00f3n familiar, fe y esperanza. Para finalizar la actividad los trabajadores de las diferentes divisiones y coordinaciones disfrutaron de un almuerzo navide\u00f1o compuesto por: hallaca, ensalada, pan, plato navide\u00f1o caracter\u00edstico de esta \u00e9poca.<\/span><\/div>\n<div style=\"text-align: justify;\">\n<p><span style=\"font-family: helvetica, arial, sans-serif; font-size: 16px;\">Dicha actividad fue realizada gracias a las orientaciones de nuestro presidente obrero Nicol\u00e1s Maduro y el titular del Inces Wuilkeman Angel en espacios del centro de formaci\u00f3n socialista (CFS) Casique Aramare.<\/span><\/div>\n<\/div>\n","protected":false},"excerpt":{"rendered":"<p>** Trabajadores festejan inicio de navidad con almuerzo y cantos de villancicos<\/p>\n","protected":false},"author":4,"featured_media":60250,"comment_status":"closed","ping_status":"closed","sticky":false,"template":"","format":"standard","meta":{"footnotes":""},"categories":[2],"tags":[],"class_list":["post-60249","post","type-post","status-publish","format-standard","has-post-thumbnail","hentry","category-blog"],"_links":{"self":[{"href":"https:\/\/inces.gob.ve\/index.php\/wp-json\/wp\/v2\/posts\/60249","targetHints":{"allow":["GET"]}}],"collection":[{"href":"https:\/\/inces.gob.ve\/index.php\/wp-json\/wp\/v2\/posts"}],"about":[{"href":"https:\/\/inces.gob.ve\/index.php\/wp-json\/wp\/v2\/types\/post"}],"author":[{"embeddable":true,"href":"https:\/\/inces.gob.ve\/index.php\/wp-json\/wp\/v2\/users\/4"}],"replies":[{"embeddable":true,"href":"https:\/\/inces.gob.ve\/index.php\/wp-json\/wp\/v2\/comments?post=60249"}],"version-history":[{"count":1,"href":"https:\/\/inces.gob.ve\/index.php\/wp-json\/wp\/v2\/posts\/60249\/revisions"}],"predecessor-version":[{"id":60251,"href":"https:\/\/inces.gob.ve\/index.php\/wp-json\/wp\/v2\/posts\/60249\/revisions\/60251"}],"wp:featuredmedia":[{"embeddable":true,"href":"https:\/\/inces.gob.ve\/index.php\/wp-json\/wp\/v2\/media\/60250"}],"wp:attachment":[{"href":"https:\/\/inces.gob.ve\/index.php\/wp-json\/wp\/v2\/media?parent=60249"}],"wp:term":[{"taxonomy":"category","embeddable":true,"href":"https:\/\/inces.gob.ve\/index.php\/wp-json\/wp\/v2\/categories?post=60249"},{"taxonomy":"post_tag","embeddable":true,"href":"https:\/\/inces.gob.ve\/index.php\/wp-json\/wp\/v2\/tags?post=60249"}],"curies":[{"name":"wp","href":"https:\/\/api.w.org\/{rel}","templated":true}]}}