{"id":60308,"date":"2024-10-14T08:50:34","date_gmt":"2024-10-14T12:50:34","guid":{"rendered":"https:\/\/inces.gob.ve\/?p=60308"},"modified":"2024-10-14T09:00:04","modified_gmt":"2024-10-14T13:00:04","slug":"inces-y-el-cdce-impulsan-el-plan-de-formacion-para-el-mundo-del-trabajo-bachilleres-2024-2025","status":"publish","type":"post","link":"https:\/\/inces.gob.ve\/index.php\/2024\/10\/14\/inces-y-el-cdce-impulsan-el-plan-de-formacion-para-el-mundo-del-trabajo-bachilleres-2024-2025\/","title":{"rendered":"TRUJILLO | Inces\u00a0 y el CDCE impulsan el Plan de Formaci\u00f3n para el Mundo del Trabajo Bachilleres 2024-202  5"},"content":{"rendered":"<p style=\"text-align: justify;\"><em><strong><span style=\"font-family: helvetica, arial, sans-serif; font-size: 16px;\">** Desde el \u00e1mbito Unidades Educativas, el Instituto Nacional de Capacitaci\u00f3n y Educaci\u00f3n Socialista (Inces) regi\u00f3n Trujillo est\u00e1 dando pasos significativos en la implementaci\u00f3n de la primera fase del Plan de Formaci\u00f3n para el Mundo del Trabajo, bachilleres 2025<\/span><\/strong><\/em><\/p>\n<p style=\"text-align: justify;\"><span style=\"font-family: helvetica, arial, sans-serif; font-size: 16px;\"><!--more--><\/span><\/p>\n<p>&nbsp;<\/p>\n<p style=\"text-align: justify;\"><span style=\"font-family: helvetica, arial, sans-serif; font-size: 16px;\">En articulaci\u00f3n con el Centro de Desarrollo de la Calidad Educativa del estado Trujillo (CDCE), el Inces en su primera fase orienta y socializa el plan de formaci\u00f3n para el mundo del trabajo dirigido a bachilleres, donde se ha dise\u00f1ado un programa que enlazan los motores productivos, en los sectores considerados con alta demanda por los j\u00f3venes.<\/span><\/p>\n<p>&nbsp;<\/p>\n<p><span style=\"font-family: helvetica, arial, sans-serif; font-size: 16px;\">Hasta la fecha, se est\u00e1n ofertando m\u00e1s de 600 unidades curriculares como parte de este plan, el compromiso del Inces es el de certificar a m\u00e1s de 14.000 estudiantes de cuarto y quinto a\u00f1o de educaci\u00f3n media, en cada uno de los perfiles productivos con sus unidades curriculares, en los 221 planteles que egresan bachilleres en el estado. La metodolog\u00eda de formaci\u00f3n, combina la teor\u00eda con la pr\u00e1ctica. Esto permite a los bachilleres adquirir habilidades destrezas, t\u00e9cnicas y competencias productivas, lo cual en su proceso incluye talleres pr\u00e1cticos, pasant\u00edas y su capacitaci\u00f3n continua, con el fin de formar a una generaci\u00f3n de j\u00f3venes comprometidos y listos para contribuir al desarrollo del pa\u00eds.<\/span><\/p>\n<p>&nbsp;<\/p>\n<p><span style=\"font-family: helvetica, arial, sans-serif; font-size: 16px;\">Alexis Brice\u00f1o, gerente regional del Inces Trujillo, ha demostrado su compromiso con la educaci\u00f3n y la formaci\u00f3n de los j\u00f3venes dirigiendo estas palabras; \u00abLa educaci\u00f3n es una herramienta transformadora, por ende asumir la conducci\u00f3n del Inces a trav\u00e9s de este programa es m\u00e1s que una responsabilidad. Estamos aqu\u00ed para formar a los bachilleres, impulsar la transformaci\u00f3n y contribuir para su bienestar, fomentando para enfrentar los desaf\u00edos del mundo real\u00bb.<\/span><\/p>\n<p>&nbsp;<\/p>\n<p><span style=\"font-family: helvetica, arial, sans-serif; font-size: 16px;\">El Plan de Formaci\u00f3n para el Mundo del Trabajo: Bachilleres 2024-2025, es fundamental para garantizar una educaci\u00f3n de calidad y orientada al mundo laboral. La formaci\u00f3n integral de los j\u00f3venes trujillanos se convierte as\u00ed en un pilar para su futuro \u00e9xito y desarrollo personal.<\/span><\/p>\n<div class=\"yj6qo\" style=\"text-align: justify;\"><\/div>\n<div class=\"adL\" style=\"text-align: justify;\"><\/div>\n","protected":false},"excerpt":{"rendered":"<p>** Desde el \u00e1mbito Unidades Educativas, el Instituto Nacional de Capacitaci\u00f3n y Educaci\u00f3n Socialista (Inces) regi\u00f3n Trujillo est\u00e1 dando pasos significativos en la implementaci\u00f3n de la primera fase del Plan de Formaci\u00f3n para el Mundo del Trabajo, bachilleres 2025<\/p>\n","protected":false},"author":4,"featured_media":60309,"comment_status":"closed","ping_status":"closed","sticky":false,"template":"","format":"standard","meta":{"footnotes":""},"categories":[2],"tags":[],"class_list":["post-60308","post","type-post","status-publish","format-standard","has-post-thumbnail","hentry","category-blog"],"_links":{"self":[{"href":"https:\/\/inces.gob.ve\/index.php\/wp-json\/wp\/v2\/posts\/60308","targetHints":{"allow":["GET"]}}],"collection":[{"href":"https:\/\/inces.gob.ve\/index.php\/wp-json\/wp\/v2\/posts"}],"about":[{"href":"https:\/\/inces.gob.ve\/index.php\/wp-json\/wp\/v2\/types\/post"}],"author":[{"embeddable":true,"href":"https:\/\/inces.gob.ve\/index.php\/wp-json\/wp\/v2\/users\/4"}],"replies":[{"embeddable":true,"href":"https:\/\/inces.gob.ve\/index.php\/wp-json\/wp\/v2\/comments?post=60308"}],"version-history":[{"count":4,"href":"https:\/\/inces.gob.ve\/index.php\/wp-json\/wp\/v2\/posts\/60308\/revisions"}],"predecessor-version":[{"id":60314,"href":"https:\/\/inces.gob.ve\/index.php\/wp-json\/wp\/v2\/posts\/60308\/revisions\/60314"}],"wp:featuredmedia":[{"embeddable":true,"href":"https:\/\/inces.gob.ve\/index.php\/wp-json\/wp\/v2\/media\/60309"}],"wp:attachment":[{"href":"https:\/\/inces.gob.ve\/index.php\/wp-json\/wp\/v2\/media?parent=60308"}],"wp:term":[{"taxonomy":"category","embeddable":true,"href":"https:\/\/inces.gob.ve\/index.php\/wp-json\/wp\/v2\/categories?post=60308"},{"taxonomy":"post_tag","embeddable":true,"href":"https:\/\/inces.gob.ve\/index.php\/wp-json\/wp\/v2\/tags?post=60308"}],"curies":[{"name":"wp","href":"https:\/\/api.w.org\/{rel}","templated":true}]}}