{"id":60329,"date":"2024-09-24T15:35:33","date_gmt":"2024-09-24T19:35:33","guid":{"rendered":"https:\/\/inces.gob.ve\/?p=60329"},"modified":"2024-10-15T09:56:43","modified_gmt":"2024-10-15T13:56:43","slug":"aragua-se-realizo-la-promocion-y-masificacion-de-la-inces-app","status":"publish","type":"post","link":"https:\/\/inces.gob.ve\/index.php\/2024\/09\/24\/aragua-se-realizo-la-promocion-y-masificacion-de-la-inces-app\/","title":{"rendered":"ARAGUA |\u00a0 Se realiz\u00f3 la Promoci\u00f3n y masificaci\u00f3n de la Inces APP"},"content":{"rendered":"<div dir=\"auto\" style=\"text-align: justify;\"><span style=\"font-family: helvetica, arial, sans-serif; font-size: 16px;\"><em><strong>** Todos los Centros de Formaci\u00f3n Socialista del estado invitaron a una sola voz: \u00a1Desc\u00e1rgala y Ponte IN!<\/strong><\/em><\/span><\/div>\n<p style=\"text-align: justify;\"><span style=\"font-family: helvetica, arial, sans-serif; font-size: 16px;\"><!--more--><\/span><\/p>\n<div dir=\"auto\" style=\"text-align: justify;\"><\/div>\n<div dir=\"auto\" style=\"text-align: justify;\"><\/div>\n<div dir=\"auto\" style=\"text-align: justify;\"><span style=\"font-family: helvetica, arial, sans-serif; font-size: 16px;\"><strong>NINOSKA PATRIZ\u00a0<\/strong><\/span><\/div>\n<div dir=\"auto\" style=\"text-align: justify;\"><\/div>\n<div dir=\"auto\" style=\"text-align: justify;\"><\/div>\n<div dir=\"auto\" style=\"text-align: justify;\"><span style=\"font-family: helvetica, arial, sans-serif; font-size: 16px;\">\u00abEn cada ambiente de Formaci\u00f3n Inces Aragua cada formador,en compa\u00f1\u00eda de los participantes, estuvieron haciendo una jornada de descarga masiva de la Inces APP\u00bb, explic\u00f3 el jefe de Formaci\u00f3n Profesional Inces Aragua, Sim\u00f3n Navarro.<\/span><\/div>\n<div dir=\"auto\" style=\"text-align: justify;\"><\/div>\n<div dir=\"auto\" style=\"text-align: justify;\"><\/div>\n<div dir=\"auto\" style=\"text-align: justify;\"><span style=\"font-family: helvetica, arial, sans-serif; font-size: 16px;\">\u00abEl objetivo es la descarga, registro e inscripci\u00f3n a trav\u00e9s de \u00e9sta innovaci\u00f3n tecnol\u00f3gica de la cual el Inces es nuevamente punta de lanza\u00bb, agreg\u00f3.<\/span><\/div>\n<div dir=\"auto\" style=\"text-align: justify;\"><\/div>\n<div dir=\"auto\" style=\"text-align: justify;\"><\/div>\n<div dir=\"auto\" style=\"text-align: justify;\"><span style=\"font-family: helvetica, arial, sans-serif; font-size: 16px;\">La actividad se llev\u00f3 a cabo entre las 9:00 y las 11:30 am, un espacio donde los maestros e instructores se abocaron a la promoci\u00f3n de dicha App.<\/span><\/div>\n<div dir=\"auto\" style=\"text-align: justify;\"><\/div>\n<div dir=\"auto\" style=\"text-align: justify;\"><\/div>\n<div dir=\"auto\" style=\"text-align: justify;\"><span style=\"font-family: helvetica, arial, sans-serif; font-size: 16px;\">As\u00ed mismo, por medio de conversatorios estuvieron aclarando las dudas a la par de las respectivas descargas. Adem\u00e1s, en entrevista con los medios regionales Radio Tormenta 93.5 FM, Preventiva Girardot, Amor y El Periodiquito. Sim\u00f3n Navarro tambi\u00e9n inform\u00f3 de las bondades de la aplicaci\u00f3n e invit\u00f3 a la colectividad a disfrutar de esta sencilla y pr\u00e1ctica herramienta formativa.<\/span><\/div>\n<div class=\"yj6qo\" style=\"text-align: justify;\"><\/div>\n<div class=\"adL\" dir=\"auto\" style=\"text-align: justify;\"><\/div>\n","protected":false},"excerpt":{"rendered":"<p>** Todos los Centros de Formaci\u00f3n Socialista del estado invitaron a una sola voz: \u00a1Desc\u00e1rgala y Ponte IN!<\/p>\n","protected":false},"author":4,"featured_media":60330,"comment_status":"closed","ping_status":"closed","sticky":false,"template":"","format":"standard","meta":{"footnotes":""},"categories":[2],"tags":[],"class_list":["post-60329","post","type-post","status-publish","format-standard","has-post-thumbnail","hentry","category-blog"],"_links":{"self":[{"href":"https:\/\/inces.gob.ve\/index.php\/wp-json\/wp\/v2\/posts\/60329","targetHints":{"allow":["GET"]}}],"collection":[{"href":"https:\/\/inces.gob.ve\/index.php\/wp-json\/wp\/v2\/posts"}],"about":[{"href":"https:\/\/inces.gob.ve\/index.php\/wp-json\/wp\/v2\/types\/post"}],"author":[{"embeddable":true,"href":"https:\/\/inces.gob.ve\/index.php\/wp-json\/wp\/v2\/users\/4"}],"replies":[{"embeddable":true,"href":"https:\/\/inces.gob.ve\/index.php\/wp-json\/wp\/v2\/comments?post=60329"}],"version-history":[{"count":1,"href":"https:\/\/inces.gob.ve\/index.php\/wp-json\/wp\/v2\/posts\/60329\/revisions"}],"predecessor-version":[{"id":60331,"href":"https:\/\/inces.gob.ve\/index.php\/wp-json\/wp\/v2\/posts\/60329\/revisions\/60331"}],"wp:featuredmedia":[{"embeddable":true,"href":"https:\/\/inces.gob.ve\/index.php\/wp-json\/wp\/v2\/media\/60330"}],"wp:attachment":[{"href":"https:\/\/inces.gob.ve\/index.php\/wp-json\/wp\/v2\/media?parent=60329"}],"wp:term":[{"taxonomy":"category","embeddable":true,"href":"https:\/\/inces.gob.ve\/index.php\/wp-json\/wp\/v2\/categories?post=60329"},{"taxonomy":"post_tag","embeddable":true,"href":"https:\/\/inces.gob.ve\/index.php\/wp-json\/wp\/v2\/tags?post=60329"}],"curies":[{"name":"wp","href":"https:\/\/api.w.org\/{rel}","templated":true}]}}