{"id":60406,"date":"2024-10-17T08:19:36","date_gmt":"2024-10-17T12:19:36","guid":{"rendered":"https:\/\/inces.gob.ve\/?p=60406"},"modified":"2024-10-17T08:19:36","modified_gmt":"2024-10-17T12:19:36","slug":"merida-maestros-y-trabajadores-reparan-aires-acondicionados-del-inces","status":"publish","type":"post","link":"https:\/\/inces.gob.ve\/index.php\/2024\/10\/17\/merida-maestros-y-trabajadores-reparan-aires-acondicionados-del-inces\/","title":{"rendered":"M\u00c9RIDA | Maestros y trabajadores reparan aires acondicionados del Inces"},"content":{"rendered":"<p style=\"text-align: justify;\"><em><strong><span style=\"font-family: helvetica, arial, sans-serif; font-size: 16px;\">*** El trabajo consisti\u00f3 en mantenimiento, reparaci\u00f3n y sustituci\u00f3n de piezas de los aires acondicionados<\/span><\/strong><\/em><\/p>\n<p><!--more--><\/p>\n<p style=\"text-align: justify;\"><span style=\"font-family: helvetica, arial, sans-serif; font-size: 16px;\">\u00a0<\/span><\/p>\n<p style=\"text-align: justify;\"><strong><span style=\"font-family: helvetica, arial, sans-serif; font-size: 16px;\">NADIA LOBO<\/span><\/strong><\/p>\n<p style=\"text-align: justify;\"><span style=\"font-family: helvetica, arial, sans-serif; font-size: 16px;\">En un trabajo conjunto, entre trabajadores adscritos a la Divisi\u00f3n de Infraestructura y el maestro t\u00e9cnico productivo (MTP) Gustavo Rond\u00f3n, se culminaron los trabajos de reparaci\u00f3n y mantenimiento de los aires acondicionados del edificio administrativo de la gerencia regional de M\u00e9rida.<\/span><\/p>\n<p>&nbsp;<\/p>\n<p style=\"text-align: justify;\"><span style=\"font-family: helvetica, arial, sans-serif; font-size: 16px;\">As\u00ed lo inform\u00f3 el gerente regional, Geldrit Roca, quien destac\u00f3 que los trabajos se realizaron gracias a la colaboraci\u00f3n del maestro Gustavo Rond\u00f3n, especialista\u00a0 en refrigeraci\u00f3n y el personal del Inces, como parte del trabajo que se viene desarrollando en cuanto al mantenimiento y reparaciones en la infraestructura de cada centro de formaci\u00f3n ubicado a lo largo y ancho de la entidad meride\u00f1a.<\/span><\/p>\n<p>&nbsp;<\/p>\n<p style=\"text-align: justify;\"><span style=\"font-family: helvetica, arial, sans-serif; font-size: 16px;\">El trabajo consisti\u00f3 en mantenimiento, reparaci\u00f3n y sustituci\u00f3n de piezas de los aires acondicionados de las oficinas de Talento Humano, Administraci\u00f3n y Gerencia regional.<\/span><\/p>\n","protected":false},"excerpt":{"rendered":"<p>*** El trabajo consisti\u00f3 en mantenimiento, reparaci\u00f3n y sustituci\u00f3n de piezas de los aires acondicionados<\/p>\n","protected":false},"author":4,"featured_media":60407,"comment_status":"closed","ping_status":"closed","sticky":false,"template":"","format":"standard","meta":{"footnotes":""},"categories":[2],"tags":[],"class_list":["post-60406","post","type-post","status-publish","format-standard","has-post-thumbnail","hentry","category-blog"],"_links":{"self":[{"href":"https:\/\/inces.gob.ve\/index.php\/wp-json\/wp\/v2\/posts\/60406","targetHints":{"allow":["GET"]}}],"collection":[{"href":"https:\/\/inces.gob.ve\/index.php\/wp-json\/wp\/v2\/posts"}],"about":[{"href":"https:\/\/inces.gob.ve\/index.php\/wp-json\/wp\/v2\/types\/post"}],"author":[{"embeddable":true,"href":"https:\/\/inces.gob.ve\/index.php\/wp-json\/wp\/v2\/users\/4"}],"replies":[{"embeddable":true,"href":"https:\/\/inces.gob.ve\/index.php\/wp-json\/wp\/v2\/comments?post=60406"}],"version-history":[{"count":1,"href":"https:\/\/inces.gob.ve\/index.php\/wp-json\/wp\/v2\/posts\/60406\/revisions"}],"predecessor-version":[{"id":60408,"href":"https:\/\/inces.gob.ve\/index.php\/wp-json\/wp\/v2\/posts\/60406\/revisions\/60408"}],"wp:featuredmedia":[{"embeddable":true,"href":"https:\/\/inces.gob.ve\/index.php\/wp-json\/wp\/v2\/media\/60407"}],"wp:attachment":[{"href":"https:\/\/inces.gob.ve\/index.php\/wp-json\/wp\/v2\/media?parent=60406"}],"wp:term":[{"taxonomy":"category","embeddable":true,"href":"https:\/\/inces.gob.ve\/index.php\/wp-json\/wp\/v2\/categories?post=60406"},{"taxonomy":"post_tag","embeddable":true,"href":"https:\/\/inces.gob.ve\/index.php\/wp-json\/wp\/v2\/tags?post=60406"}],"curies":[{"name":"wp","href":"https:\/\/api.w.org\/{rel}","templated":true}]}}