{"id":60419,"date":"2024-10-17T08:46:32","date_gmt":"2024-10-17T12:46:32","guid":{"rendered":"https:\/\/inces.gob.ve\/?p=60419"},"modified":"2024-10-17T08:46:32","modified_gmt":"2024-10-17T12:46:32","slug":"margarita-reconocen-a-costureras-en-el-inces-nueva-esparta","status":"publish","type":"post","link":"https:\/\/inces.gob.ve\/index.php\/2024\/10\/17\/margarita-reconocen-a-costureras-en-el-inces-nueva-esparta\/","title":{"rendered":"MARGARITA | Reconocen a costureras en el Inces Nueva Esparta"},"content":{"rendered":"<p style=\"text-align: justify;\"><em><strong><span style=\"font-family: helvetica, arial, sans-serif; font-size: 16px;\">*** Thiris Hern\u00e1ndez costurera de profesi\u00f3n y maestra Inces resalt\u00f3 la importancia de la fecha mencionando la vida y obra de Josefa Joaquina S\u00e1nchez, conocida como \u201cLa bordadora de la primera bandera de Venezuela\u201d<\/span><\/strong><\/em><!--more--><\/p>\n<p style=\"text-align: justify;\">\n<p style=\"text-align: justify;\"><span style=\"font-family: helvetica, arial, sans-serif; font-size: 16px;\">Desde el Centro de Formaci\u00f3n Socialista (CFS) San Juan Bautista, ubicado en la poblaci\u00f3n de El Espinal, municipio D\u00edaz, \u00a0se homenaje\u00f3 \u00a0por primera vez a las costureras \u00a0que se desempe\u00f1an como maestras t\u00e9cnicas productivas (MTP) en el Inces Nueva Esparta, en el\u00a0 marco de su d\u00eda mundial y el mes rosa (octubre) el cual busca la\u00a0\u00a0concientizaci\u00f3n\u00a0 sobre el c\u00e1ncer de mama.<\/span><\/p>\n<p style=\"text-align: justify;\">\n<p style=\"text-align: justify;\"><span style=\"font-family: helvetica, arial, sans-serif; font-size: 16px;\">La gerente regional Laurie Zabala, entreg\u00f3 los reconocimientos con la presencia de Dannybel\u00a0 Ortega, coordinadora del V\u00e9rtice 2 de la Gran Misi\u00f3n Venezuela Mujer; Coromoto Pacheco, coordinadora Estadal de FEMSUR; Kenia Rodr\u00edguez, Comit\u00e9 al Servicio del Paciente Oncol\u00f3gico y dem\u00e1s autoridades del Inces Nueva Esparta.<\/span><\/p>\n<p style=\"text-align: justify;\">\n<p style=\"text-align: justify;\"><span style=\"font-family: helvetica, arial, sans-serif; font-size: 16px;\">\u201cEste d\u00eda de la costurera, lo celebr\u00f3 tambi\u00e9n como una costurera m\u00e1s, porque uno se mete en esa m\u00e1quina, libera los pensamientos y se olvida que tiene un mundo alrededor\u201d, dijo Zabala.<\/span><\/p>\n<p style=\"text-align: justify;\">\n<p style=\"text-align: justify;\"><span style=\"font-family: helvetica, arial, sans-serif; font-size: 16px;\">Por su parte Thiris Hern\u00e1ndez costurera de profesi\u00f3n y MTP resalt\u00f3 la importancia de la fecha mencionando la vida y obra de Josefa Joaquina S\u00e1nchez, conocida como \u201cLa bordadora de la primera bandera de Venezuela\u201d, \u00a0asimismo la experiencia que ha tenido como formadora al recibir a mujeres que visualizan la costura como una terapia.<\/span><\/p>\n","protected":false},"excerpt":{"rendered":"<p>*** Thiris Hern\u00e1ndez costurera de profesi\u00f3n y maestra Inces resalt\u00f3 la importancia de la fecha mencionando la vida y obra de Josefa Joaquina S\u00e1nchez, conocida como \u201cLa bordadora de la primera bandera de Venezuela\u201d<\/p>\n","protected":false},"author":4,"featured_media":60421,"comment_status":"closed","ping_status":"closed","sticky":false,"template":"","format":"standard","meta":{"footnotes":""},"categories":[2],"tags":[],"class_list":["post-60419","post","type-post","status-publish","format-standard","has-post-thumbnail","hentry","category-blog"],"_links":{"self":[{"href":"https:\/\/inces.gob.ve\/index.php\/wp-json\/wp\/v2\/posts\/60419","targetHints":{"allow":["GET"]}}],"collection":[{"href":"https:\/\/inces.gob.ve\/index.php\/wp-json\/wp\/v2\/posts"}],"about":[{"href":"https:\/\/inces.gob.ve\/index.php\/wp-json\/wp\/v2\/types\/post"}],"author":[{"embeddable":true,"href":"https:\/\/inces.gob.ve\/index.php\/wp-json\/wp\/v2\/users\/4"}],"replies":[{"embeddable":true,"href":"https:\/\/inces.gob.ve\/index.php\/wp-json\/wp\/v2\/comments?post=60419"}],"version-history":[{"count":1,"href":"https:\/\/inces.gob.ve\/index.php\/wp-json\/wp\/v2\/posts\/60419\/revisions"}],"predecessor-version":[{"id":60422,"href":"https:\/\/inces.gob.ve\/index.php\/wp-json\/wp\/v2\/posts\/60419\/revisions\/60422"}],"wp:featuredmedia":[{"embeddable":true,"href":"https:\/\/inces.gob.ve\/index.php\/wp-json\/wp\/v2\/media\/60421"}],"wp:attachment":[{"href":"https:\/\/inces.gob.ve\/index.php\/wp-json\/wp\/v2\/media?parent=60419"}],"wp:term":[{"taxonomy":"category","embeddable":true,"href":"https:\/\/inces.gob.ve\/index.php\/wp-json\/wp\/v2\/categories?post=60419"},{"taxonomy":"post_tag","embeddable":true,"href":"https:\/\/inces.gob.ve\/index.php\/wp-json\/wp\/v2\/tags?post=60419"}],"curies":[{"name":"wp","href":"https:\/\/api.w.org\/{rel}","templated":true}]}}