{"id":60674,"date":"2024-10-28T17:06:30","date_gmt":"2024-10-28T21:06:30","guid":{"rendered":"https:\/\/inces.gob.ve\/?p=60674"},"modified":"2024-10-28T17:22:00","modified_gmt":"2024-10-28T21:22:00","slug":"aragua-el-inces-desde-el-programa-movil-en-revenga-endulza-sus-jornadas-formativas-con-deliciosas-tortas-imperiales-para-la-epoca-navidena","status":"publish","type":"post","link":"https:\/\/inces.gob.ve\/index.php\/2024\/10\/28\/aragua-el-inces-desde-el-programa-movil-en-revenga-endulza-sus-jornadas-formativas-con-deliciosas-tortas-imperiales-para-la-epoca-navidena\/","title":{"rendered":"ARAGUA | El Inces desde el Programa M\u00f3vil en Revenga endulza sus jornadas formativas con deliciosas tortas imperiales para la \u00e9poca navide\u00f1a"},"content":{"rendered":"<p style=\"text-align: justify;\"><span style=\"font-family: helvetica, arial, sans-serif;\"><em><strong>** Los participantes se sumergieron entre los mejores aromas y sabores para acompa\u00f1ar con alegr\u00eda un nuevo a\u00f1o de luz y esperanza<\/strong><\/em><\/span><\/p>\n<p style=\"text-align: justify;\"><span style=\"font-family: helvetica, arial, sans-serif;\"><!--more--><\/span><\/p>\n<p>&nbsp;<\/p>\n<p style=\"text-align: justify;\"><span style=\"font-family: helvetica, arial, sans-serif;\"><b>NINOSKA PATRIZ<\/b><\/span><\/p>\n<p style=\"text-align: justify;\"><span style=\"font-family: helvetica, arial, sans-serif;\">El Programa Inces M\u00f3viles est\u00e1 activo junto a sus participantes con formaciones pr\u00e1cticas de pasteler\u00eda y reposter\u00eda en funci\u00f3n de deleitar a las familias arag\u00fce\u00f1as con sus mejores tortas desde el municipio Jos\u00e9 Rafael Revenga.<\/span><\/p>\n<p><img loading=\"lazy\" decoding=\"async\" class=\"aligncenter wp-image-60678 size-large\" src=\"https:\/\/inces.gob.ve\/wp-content\/uploads\/2024\/10\/IMG_20241021_095749-1024x1024.jpg\" alt=\"\" width=\"640\" height=\"640\" \/><\/p>\n<p style=\"text-align: justify;\"><span style=\"font-family: helvetica, arial, sans-serif;\">En esta sentido, los destacados chefs y maestros t\u00e9cnicos productivos Jackson Torres y Jessana Cruz, en conjunto con la Gran Misi\u00f3n Chamba Juvenil, guiaron a los asistentes en la elaboraci\u00f3n de exquisitas tortas imperiales con cobertura de fresa y melocot\u00f3n.<\/span><\/p>\n<p style=\"text-align: justify;\"><span style=\"font-family: helvetica, arial, sans-serif;\">Durante la jornada, los participantes pusieron a prueba sus habilidades culinarias disfrutando de la preparaci\u00f3n de una variedad de elementos esenciales para sus respectivas tortas a la manera tradicional.<\/span><\/p>\n<p style=\"text-align: justify;\"><span style=\"font-family: helvetica, arial, sans-serif;\">En este aspecto se destacaron las preparaciones realizadas de: bizcocho liviano, crema pastelera, el infaltable y delicioso alm\u00edbar, fresas y melocotones cortados y la exquisita crema chantill\u00ed.<\/span><\/p>\n<p style=\"text-align: justify;\"><span style=\"font-family: helvetica, arial, sans-serif;\">Con cada paso a paso, los participantes de la mano de los expertos vivenciaron la experiencia con una excelente pr\u00e1ctica de sus conocimientos y t\u00e9cnicas reci\u00e9n adquiridos y fijando el uso correcto de las herramientas necesarias para lograr resultados profesionales combinando la precisi\u00f3n y paciencia, con resultados\u00a0 verdaderamente impresionantes y atractivos.<\/span><\/p>\n","protected":false},"excerpt":{"rendered":"<p>** Los participantes se sumergieron entre los mejores aromas y sabores para acompa\u00f1ar con alegr\u00eda un nuevo a\u00f1o de luz y esperanza<\/p>\n","protected":false},"author":15,"featured_media":60679,"comment_status":"closed","ping_status":"closed","sticky":false,"template":"","format":"standard","meta":{"footnotes":""},"categories":[2],"tags":[],"class_list":["post-60674","post","type-post","status-publish","format-standard","has-post-thumbnail","hentry","category-blog"],"_links":{"self":[{"href":"https:\/\/inces.gob.ve\/index.php\/wp-json\/wp\/v2\/posts\/60674","targetHints":{"allow":["GET"]}}],"collection":[{"href":"https:\/\/inces.gob.ve\/index.php\/wp-json\/wp\/v2\/posts"}],"about":[{"href":"https:\/\/inces.gob.ve\/index.php\/wp-json\/wp\/v2\/types\/post"}],"author":[{"embeddable":true,"href":"https:\/\/inces.gob.ve\/index.php\/wp-json\/wp\/v2\/users\/15"}],"replies":[{"embeddable":true,"href":"https:\/\/inces.gob.ve\/index.php\/wp-json\/wp\/v2\/comments?post=60674"}],"version-history":[{"count":6,"href":"https:\/\/inces.gob.ve\/index.php\/wp-json\/wp\/v2\/posts\/60674\/revisions"}],"predecessor-version":[{"id":60683,"href":"https:\/\/inces.gob.ve\/index.php\/wp-json\/wp\/v2\/posts\/60674\/revisions\/60683"}],"wp:featuredmedia":[{"embeddable":true,"href":"https:\/\/inces.gob.ve\/index.php\/wp-json\/wp\/v2\/media\/60679"}],"wp:attachment":[{"href":"https:\/\/inces.gob.ve\/index.php\/wp-json\/wp\/v2\/media?parent=60674"}],"wp:term":[{"taxonomy":"category","embeddable":true,"href":"https:\/\/inces.gob.ve\/index.php\/wp-json\/wp\/v2\/categories?post=60674"},{"taxonomy":"post_tag","embeddable":true,"href":"https:\/\/inces.gob.ve\/index.php\/wp-json\/wp\/v2\/tags?post=60674"}],"curies":[{"name":"wp","href":"https:\/\/api.w.org\/{rel}","templated":true}]}}