{"id":60816,"date":"2024-10-31T16:05:41","date_gmt":"2024-10-31T20:05:41","guid":{"rendered":"https:\/\/inces.gob.ve\/?p=60816"},"modified":"2024-10-31T16:09:13","modified_gmt":"2024-10-31T20:09:13","slug":"lara-inces-otorga-ascensos-y-titularidad-de-cargos-a-su-personal","status":"publish","type":"post","link":"https:\/\/inces.gob.ve\/index.php\/2024\/10\/31\/lara-inces-otorga-ascensos-y-titularidad-de-cargos-a-su-personal\/","title":{"rendered":"LARA | Inces otorga ascensos y titularidad de cargos a su personal"},"content":{"rendered":"<p style=\"text-align: justify;\"><span style=\"font-family: helvetica, arial, sans-serif;\"><strong>** Esta misma acci\u00f3n se replica en la sede principal del Inces y en los 24 estados del pa\u00eds<\/strong><\/span><!--more--><\/p>\n<p>&nbsp;<\/p>\n<p style=\"text-align: justify;\"><span style=\"font-family: helvetica, arial, sans-serif;\">En un acto que reconoce la trayectoria y dedicaci\u00f3n de sus trabajadores, el Instituto Nacional de Capacitaci\u00f3n y Educaci\u00f3n Socialista (Inces) Lara llev\u00f3 a cabo la entrega de ascensos y titularidad de cargos. El evento, organizado por el Consejo de Gesti\u00f3n Regional, la Gerencia General de Talento Humano y la Gerencia Regional del Inces Lara, cont\u00f3 con la participaci\u00f3n de trabajadores de diversas \u00e1reas y centros de formaci\u00f3n.<\/span><\/p>\n<p>&nbsp;<\/p>\n<p><img loading=\"lazy\" decoding=\"async\" class=\"aligncenter wp-image-60818 size-full\" src=\"https:\/\/inces.gob.ve\/wp-content\/uploads\/2024\/10\/WhatsApp-Image-2024-10-31-at-2.30.55-PM-e1730405046824.jpeg\" alt=\"\" width=\"800\" height=\"551\" \/><\/p>\n<p style=\"text-align: justify;\"><span style=\"font-family: helvetica, arial, sans-serif;\">En representaci\u00f3n de sus compa\u00f1eros, Orlando Ramos expres\u00f3 su agradecimiento a las autoridades del Inces, destacando la importancia de este reconocimiento. Por su parte, la gerente regional, Iriana Gonz\u00e1lez, resalt\u00f3 el compromiso de la instituci\u00f3n con sus trabajadores y agradeci\u00f3 el apoyo de las autoridades nacionales.<\/span><\/p>\n<p style=\"text-align: justify;\"><span style=\"font-family: helvetica, arial, sans-serif;\">Nielsy Cabrera, secretaria del Consejo de Gesti\u00f3n Regional y gerente general de Talento Humano\u00a0 enfatiz\u00f3 la relevancia de esta acci\u00f3n para los trabajadores, quienes, despu\u00e9s de m\u00e1s de 20 a\u00f1os de servicio, ven reconocida su trayectoria y esfuerzo.<\/span><\/p>\n","protected":false},"excerpt":{"rendered":"<p>** Esta misma acci\u00f3n se replica en la sede principal del Inces y en los 24 estados del pa\u00eds<\/p>\n","protected":false},"author":15,"featured_media":60817,"comment_status":"closed","ping_status":"closed","sticky":false,"template":"","format":"standard","meta":{"footnotes":""},"categories":[2],"tags":[],"class_list":["post-60816","post","type-post","status-publish","format-standard","has-post-thumbnail","hentry","category-blog"],"_links":{"self":[{"href":"https:\/\/inces.gob.ve\/index.php\/wp-json\/wp\/v2\/posts\/60816","targetHints":{"allow":["GET"]}}],"collection":[{"href":"https:\/\/inces.gob.ve\/index.php\/wp-json\/wp\/v2\/posts"}],"about":[{"href":"https:\/\/inces.gob.ve\/index.php\/wp-json\/wp\/v2\/types\/post"}],"author":[{"embeddable":true,"href":"https:\/\/inces.gob.ve\/index.php\/wp-json\/wp\/v2\/users\/15"}],"replies":[{"embeddable":true,"href":"https:\/\/inces.gob.ve\/index.php\/wp-json\/wp\/v2\/comments?post=60816"}],"version-history":[{"count":1,"href":"https:\/\/inces.gob.ve\/index.php\/wp-json\/wp\/v2\/posts\/60816\/revisions"}],"predecessor-version":[{"id":60819,"href":"https:\/\/inces.gob.ve\/index.php\/wp-json\/wp\/v2\/posts\/60816\/revisions\/60819"}],"wp:featuredmedia":[{"embeddable":true,"href":"https:\/\/inces.gob.ve\/index.php\/wp-json\/wp\/v2\/media\/60817"}],"wp:attachment":[{"href":"https:\/\/inces.gob.ve\/index.php\/wp-json\/wp\/v2\/media?parent=60816"}],"wp:term":[{"taxonomy":"category","embeddable":true,"href":"https:\/\/inces.gob.ve\/index.php\/wp-json\/wp\/v2\/categories?post=60816"},{"taxonomy":"post_tag","embeddable":true,"href":"https:\/\/inces.gob.ve\/index.php\/wp-json\/wp\/v2\/tags?post=60816"}],"curies":[{"name":"wp","href":"https:\/\/api.w.org\/{rel}","templated":true}]}}