{"id":60820,"date":"2024-10-31T16:15:18","date_gmt":"2024-10-31T20:15:18","guid":{"rendered":"https:\/\/inces.gob.ve\/?p=60820"},"modified":"2024-10-31T16:15:26","modified_gmt":"2024-10-31T20:15:26","slug":"yaracuy-trabajadores-del-inces-son-honrados-al-recibir-ascenso-y-titularidad-de-cargos","status":"publish","type":"post","link":"https:\/\/inces.gob.ve\/index.php\/2024\/10\/31\/yaracuy-trabajadores-del-inces-son-honrados-al-recibir-ascenso-y-titularidad-de-cargos\/","title":{"rendered":"YARACUY | Trabajadores del Inces son honrados al recibir ascenso y titularidad de cargos"},"content":{"rendered":"<p style=\"font-weight: 400; text-align: justify;\"><strong><span style=\"font-family: helvetica, arial, sans-serif; font-size: 16px;\"><em>**La actividad de entrega cont\u00f3 con la participaci\u00f3n de representantes de Talento Humano de Inces sede<\/em><\/span><\/strong><!--more--><\/p>\n<p>&nbsp;<\/p>\n<p style=\"font-weight: 400; text-align: justify;\"><span style=\"font-family: helvetica, arial, sans-serif; font-size: 16px;\"><strong>YOLAIC VARGAS |\u00a0<\/strong><\/span><\/p>\n<p style=\"font-weight: 400; text-align: justify;\"><span style=\"font-family: helvetica, arial, sans-serif; font-size: 16px;\">Como un acto de justicia social fue calificada la entrega de ascensos y titularidades de cargos a veinte trabajadores del Instituto Nacional de Capacitaci\u00f3n y Educaci\u00f3n Socialista (Inces), regi\u00f3n Yaracuy.<\/span><\/p>\n<p style=\"font-weight: 400; text-align: justify;\"><span style=\"font-family: helvetica, arial, sans-serif; font-size: 16px;\">El acto de entrega estuvo encabezado por el gerente regional del Inces, Dalvi Torrealba, acompa\u00f1ado por; Angi Escobar y Gistaily Castillo en\u00a0\u00a0representaci\u00f3n de la gerente general de Talento Humano, Nielsy Cabrera, as\u00ed como de la Jefa de Divisi\u00f3n de Talento Humano, Maigualida M\u00e9ndez y el gerente de Inces Militar, Cnel. Berm\u00fadez.<\/span><\/p>\n<p>&nbsp;<\/p>\n<p><img loading=\"lazy\" decoding=\"async\" class=\"aligncenter wp-image-60821 size-full\" src=\"https:\/\/inces.gob.ve\/wp-content\/uploads\/2024\/10\/IMG_20241030_095514_054-scaled-e1730405544200.jpg\" alt=\"\" width=\"800\" height=\"454\" \/><\/p>\n<p style=\"font-weight: 400; text-align: justify;\"><span style=\"font-family: helvetica, arial, sans-serif; font-size: 16px;\">El titular del Inces en el estado, de manera breve hizo un recuento de los avances que ha tenido la instituci\u00f3n, resaltando que todos los objetivos y metas alcanzadas han sido gracias a los empleados que conforman el equipo de trabajo.<\/span><\/p>\n<p style=\"font-weight: 400; text-align: justify;\"><span style=\"font-family: helvetica, arial, sans-serif; font-size: 16px;\">Torrealba expres\u00f3 palabras de felicitaciones a cada uno de los trabajadores quienes fueron honrados con la entrega de titularidad de cargos y ascensos, exhort\u00e1ndoles a continuar realizando con amor, empe\u00f1o y dedicaci\u00f3n las funciones correspondientes a sus espacios de trabajo, a fin de seguir cumpliendo con las metas asignadas.<\/span><\/p>\n<p>&nbsp;<\/p>\n<p><img loading=\"lazy\" decoding=\"async\" class=\"aligncenter wp-image-60824 size-full\" src=\"https:\/\/inces.gob.ve\/wp-content\/uploads\/2024\/10\/IMG-20241030-WA0038-e1730405573120.jpg\" alt=\"\" width=\"800\" height=\"600\" \/><\/p>\n<p style=\"font-weight: 400; text-align: justify;\"><span style=\"font-family: helvetica, arial, sans-serif; font-size: 16px;\">Por su parte Cesar M\u00e9ndez, quien fue ascendido al nivel m\u00e1ximo de maestro productivo expres\u00f3 su agradecimiento al presidente del Inces Wuikelman Angel Paredes y al gerente de la instituci\u00f3n en la entidad yaracuyana.<\/span><\/p>\n<p style=\"font-weight: 400; text-align: justify;\"><span style=\"font-family: helvetica, arial, sans-serif; font-size: 16px;\">Entretanto Mar\u00eda Garc\u00eda, jefe del centro de formaci\u00f3n socialista Prudencio V\u00e1zquez, manifest\u00f3 regocijo por haber recibido el ascenso, lo que calific\u00f3 como un acto de justicia social, agradeciendo adem\u00e1s a todo el equipo de trabajo que cumplen funciones bajo su cargo.<\/span><\/p>\n<p>&nbsp;<\/p>\n<p><img loading=\"lazy\" decoding=\"async\" class=\"aligncenter wp-image-60823 size-full\" src=\"https:\/\/inces.gob.ve\/wp-content\/uploads\/2024\/10\/IMG-20241030-WA0049-e1730405616842.jpg\" alt=\"\" width=\"800\" height=\"546\" \/><\/p>\n<p style=\"font-weight: 400; text-align: justify;\"><span style=\"font-family: helvetica, arial, sans-serif; font-size: 16px;\">Cabe destacar que el personal de Inces Sede se encuentra desplegado en todos los estados del pa\u00eds reconociendo el trabajo del personal de la instituci\u00f3n, al otorgar titularidad de cargos y ascensos.\u00a0\u00a0\u00a0<\/span><\/p>\n<p style=\"font-weight: 400; text-align: justify;\">\n","protected":false},"excerpt":{"rendered":"<p>**La actividad de entrega cont\u00f3 con la participaci\u00f3n de representantes de Talento Humano de Inces sede<\/p>\n","protected":false},"author":15,"featured_media":60822,"comment_status":"closed","ping_status":"closed","sticky":false,"template":"","format":"standard","meta":{"footnotes":""},"categories":[2],"tags":[],"class_list":["post-60820","post","type-post","status-publish","format-standard","has-post-thumbnail","hentry","category-blog"],"_links":{"self":[{"href":"https:\/\/inces.gob.ve\/index.php\/wp-json\/wp\/v2\/posts\/60820","targetHints":{"allow":["GET"]}}],"collection":[{"href":"https:\/\/inces.gob.ve\/index.php\/wp-json\/wp\/v2\/posts"}],"about":[{"href":"https:\/\/inces.gob.ve\/index.php\/wp-json\/wp\/v2\/types\/post"}],"author":[{"embeddable":true,"href":"https:\/\/inces.gob.ve\/index.php\/wp-json\/wp\/v2\/users\/15"}],"replies":[{"embeddable":true,"href":"https:\/\/inces.gob.ve\/index.php\/wp-json\/wp\/v2\/comments?post=60820"}],"version-history":[{"count":1,"href":"https:\/\/inces.gob.ve\/index.php\/wp-json\/wp\/v2\/posts\/60820\/revisions"}],"predecessor-version":[{"id":60825,"href":"https:\/\/inces.gob.ve\/index.php\/wp-json\/wp\/v2\/posts\/60820\/revisions\/60825"}],"wp:featuredmedia":[{"embeddable":true,"href":"https:\/\/inces.gob.ve\/index.php\/wp-json\/wp\/v2\/media\/60822"}],"wp:attachment":[{"href":"https:\/\/inces.gob.ve\/index.php\/wp-json\/wp\/v2\/media?parent=60820"}],"wp:term":[{"taxonomy":"category","embeddable":true,"href":"https:\/\/inces.gob.ve\/index.php\/wp-json\/wp\/v2\/categories?post=60820"},{"taxonomy":"post_tag","embeddable":true,"href":"https:\/\/inces.gob.ve\/index.php\/wp-json\/wp\/v2\/tags?post=60820"}],"curies":[{"name":"wp","href":"https:\/\/api.w.org\/{rel}","templated":true}]}}