{"id":61107,"date":"2024-11-11T10:35:44","date_gmt":"2024-11-11T14:35:44","guid":{"rendered":"https:\/\/inces.gob.ve\/?p=61107"},"modified":"2024-11-11T10:39:27","modified_gmt":"2024-11-11T14:39:27","slug":"falcon-entregan-titularidades-de-cargos-y-ascensos-a-22-trabajadores-del-inces","status":"publish","type":"post","link":"https:\/\/inces.gob.ve\/index.php\/2024\/11\/11\/falcon-entregan-titularidades-de-cargos-y-ascensos-a-22-trabajadores-del-inces\/","title":{"rendered":"FALC\u00d3N | Entregan titularidades de cargos y ascensos a 22 trabajadores del Inces"},"content":{"rendered":"<p style=\"font-weight: 400;\"><span style=\"font-family: helvetica, arial, sans-serif;\">** Esta reivindicaci\u00f3n se ve concretada como un gran derecho de la clase trabajadora, un gran reconocimiento, por parte de\u00a0la\u00a0gesti\u00f3n del Inces que preside Wuikelman \u00c1ngel Paredes.<!--more--><\/span><\/p>\n<p>&nbsp;<\/p>\n<p style=\"font-weight: 400;\"><span style=\"font-family: helvetica, arial, sans-serif;\">\u00a0MIRIAM GONZ\u00c1LEZ VILLAROEL<\/span><\/p>\n<p style=\"font-weight: 400;\"><span style=\"font-family: helvetica, arial, sans-serif;\">El Instituto Nacional de Capacitaci\u00f3n y Educaci\u00f3n Socialista (Inces), como parte de las pol\u00edticas de bienestar, justicia social y dignificaci\u00f3n laboral de los servidores p\u00fablicos, entreg\u00f3 titularidad de cargos y ascensos a 22 trabajadores de la Gerencia Regional de la instituci\u00f3n en el estado Falc\u00f3n, entre empleados, maestros t\u00e9cnicos productivos (MTP), contratados y personal de alto nivel.<\/span><\/p>\n<p style=\"font-weight: 400;\"><span style=\"font-family: helvetica, arial, sans-serif;\">En\u00a0el\u00a0emotivo acto que se realiz\u00f3 en el\u00a0sal\u00f3n de usos m\u00faltiples del centro de formaci\u00f3n socialista (CFS) \u201cJos\u00e9 Leonardo Chirino\u201d de la gerencia regional del Inces Falc\u00f3n, se\u00a0dieron cita trabajadores de Coro y Punto Fijo que fueron notificados por la Gerencia General de Talento Humano para recibir sus titularidades\u00a0de cargos\u00a0y ascensos que fueron entregados por el presidio constituido\u00a0por: la gerente regional del Inces, Eneyda Mart\u00ednez Rodr\u00edguez;\u00a0Gistaily Castillo y Angi Escobar de la gerencia general de Talento Humano del Inces Sede, quienes estuvieron en representaci\u00f3n de Nielsy Cabrera, gerente general de esta instancia y\u00a0Liliana Vargas Salgueiro, Jefe de la Divisi\u00f3n de Talento Humano\u00a0en Falc\u00f3n.<\/span><\/p>\n<p>&nbsp;<\/p>\n<p><span style=\"font-family: helvetica, arial, sans-serif;\"><img loading=\"lazy\" decoding=\"async\" class=\"aligncenter wp-image-61110 \" src=\"https:\/\/inces.gob.ve\/wp-content\/uploads\/2024\/11\/TITULARIDADES-8.jpg\" alt=\"\" width=\"575\" height=\"509\" srcset=\"https:\/\/inces.gob.ve\/wp-content\/uploads\/2024\/11\/TITULARIDADES-8.jpg 800w, https:\/\/inces.gob.ve\/wp-content\/uploads\/2024\/11\/TITULARIDADES-8-300x266.jpg 300w, https:\/\/inces.gob.ve\/wp-content\/uploads\/2024\/11\/TITULARIDADES-8-768x680.jpg 768w\" sizes=\"auto, (max-width: 575px) 100vw, 575px\" \/><\/span><\/p>\n<p style=\"font-weight: 400;\"><span style=\"font-family: helvetica, arial, sans-serif;\">En esta acci\u00f3n, se entregaron 10 titularidades a maestros t\u00e9cnicos productivos (MTP), personal contratado y personal de alto nivel; igualmente recibieron ascensos 12 empleados de las diferentes divisiones.<\/span><\/p>\n<p style=\"font-weight: 400;\"><span style=\"font-family: helvetica, arial, sans-serif;\">Conscientes del significado de este acto de reivindicaci\u00f3n<\/span><\/p>\n<p style=\"font-weight: 400;\"><span style=\"font-family: helvetica, arial, sans-serif;\">En el acto, Masly Nazaret Espinoza, directora del Liceo Inces Falc\u00f3n y quien recibi\u00f3 titularidad como Especialista III, dijo durante su intervenci\u00f3n: \u201cHoy una vez mas se hace reconocimiento a la constancia del trabajo que realizan los trabajadores, los logros no son solo el resultado del trabajo individual, sino del trabajo en equipo\u201d.<\/span><\/p>\n<p style=\"font-weight: 400;\"><span style=\"font-family: helvetica, arial, sans-serif;\">Resalt\u00f3 Espinoza, la valiosa labor que realiza actualmente el Inces, para fomentar el emprendimiento, para apoyar y animar a los j\u00f3venes a formarse por un futuro mejor, donde todos los integrantes de esta noble instituci\u00f3n tienen una acci\u00f3n vital, llena de voluntad, de consciencia y donde se concibe al trabajo como una actividad humana que transforma al hombre y a la mujer para que sean capaces de producir.<\/span><\/p>\n<p>&nbsp;<\/p>\n<p><span style=\"font-family: helvetica, arial, sans-serif;\"><img loading=\"lazy\" decoding=\"async\" class=\"wp-image-61112 aligncenter\" src=\"https:\/\/inces.gob.ve\/wp-content\/uploads\/2024\/11\/TITULARIDADES-1.1.jpg\" alt=\"\" width=\"367\" height=\"571\" srcset=\"https:\/\/inces.gob.ve\/wp-content\/uploads\/2024\/11\/TITULARIDADES-1.1.jpg 514w, https:\/\/inces.gob.ve\/wp-content\/uploads\/2024\/11\/TITULARIDADES-1.1-193x300.jpg 193w\" sizes=\"auto, (max-width: 367px) 100vw, 367px\" \/><\/span><\/p>\n<p style=\"font-weight: 400;\"><span style=\"font-family: helvetica, arial, sans-serif;\">\u201cLa vida es lucha, la vida son proyectos e ilusiones, quienes no tienen proyectos, aspiraciones o motivos para continuar luchando, est\u00e1n en descenso, y un emprendedor es aquel capaz de valorar el cambio y espero que sigamos trabajando juntos hacia un futuro a\u00fan mas brillante, la pasi\u00f3n y dedicaci\u00f3n de cada uno, a los cuales hoy se nos hace reconocimiento, pone de manifiesto las responsabilidades laborales diarias, que no solo contribuyen a nuestros \u00e9xitos colectivos, sino que tambi\u00e9n crean un ambiente laboral en el cual es un placer trabajar y ese es nuestro Inces\u201d, puntualiz\u00f3 Masly Espinoza<\/span><\/p>\n<p style=\"font-weight: 400;\"><span style=\"font-family: helvetica, arial, sans-serif;\">Es un acto reivindicativo laboral<\/span><\/p>\n<p style=\"font-weight: 400;\"><span style=\"font-family: helvetica, arial, sans-serif;\">En este ambiente de celebraci\u00f3n, la gerente regional Eneyda Mart\u00ednez Rodr\u00edguez, manifest\u00f3, el acto de entrega de titularidades y ascensos es un acto reivindicativo laboral que se realiza por segundo a\u00f1o consecutivo en Falc\u00f3n, gracias al presidente del Inces, Wuikelman \u00c1ngel Paredes, \u201cEl baluarte principal de la instituci\u00f3n es su talento humano, sin la presencia humana la instituci\u00f3n no existiera\u201d.<\/span><\/p>\n<p><span style=\"font-family: helvetica, arial, sans-serif;\"><img loading=\"lazy\" decoding=\"async\" class=\"aligncenter wp-image-61109 size-full\" src=\"https:\/\/inces.gob.ve\/wp-content\/uploads\/2024\/11\/TITULARIDADES-14.jpg\" alt=\"\" width=\"800\" height=\"557\" srcset=\"https:\/\/inces.gob.ve\/wp-content\/uploads\/2024\/11\/TITULARIDADES-14.jpg 800w, https:\/\/inces.gob.ve\/wp-content\/uploads\/2024\/11\/TITULARIDADES-14-300x209.jpg 300w, https:\/\/inces.gob.ve\/wp-content\/uploads\/2024\/11\/TITULARIDADES-14-768x535.jpg 768w\" sizes=\"auto, (max-width: 800px) 100vw, 800px\" \/><\/span><\/p>\n<p style=\"font-weight: 400;\"><span style=\"font-family: helvetica, arial, sans-serif;\">Dijo Mart\u00ednez, \u201cel Inces a pesar de las vicisitudes, nos ha hecho crecer, la crisis nos ha permitido reconocer cuando nos equivocamos y actualmente estamos enfrentando grandes desaf\u00edos como la transformaci\u00f3n curricular, lo que se hace con el coraz\u00f3n deja huellas y todos han sido parte importante en este desaf\u00edo\u201d.<\/span><\/p>\n<p style=\"font-weight: 400;\"><span style=\"font-family: helvetica, arial, sans-serif;\">En este acto estuvieron presentes acompa\u00f1ando a la clase trabajadora los jefes de las divisiones de Formaci\u00f3n y Autoformaci\u00f3n, Planificaci\u00f3n, Mantenimiento y Servicios, Administraci\u00f3n; jefes de los CFS \u201cJosefa Camejo\u201d, \u201cAli Primera\u201d, coordinadores de los programas Agr\u00edcola, Turismo, Curr\u00edculo y Did\u00e1ctica y la Unidad Estatal de Ingresos Tributarios, entre otros..<\/span><\/p>\n<p><span style=\"font-family: helvetica, arial, sans-serif;\"><img loading=\"lazy\" decoding=\"async\" class=\"aligncenter wp-image-61111 size-full\" src=\"https:\/\/inces.gob.ve\/wp-content\/uploads\/2024\/11\/TITULARIDADES-2.jpg\" alt=\"\" width=\"800\" height=\"235\" srcset=\"https:\/\/inces.gob.ve\/wp-content\/uploads\/2024\/11\/TITULARIDADES-2.jpg 800w, https:\/\/inces.gob.ve\/wp-content\/uploads\/2024\/11\/TITULARIDADES-2-300x88.jpg 300w, https:\/\/inces.gob.ve\/wp-content\/uploads\/2024\/11\/TITULARIDADES-2-768x226.jpg 768w\" sizes=\"auto, (max-width: 800px) 100vw, 800px\" \/><\/span><\/p>\n<p style=\"font-weight: 400;\"><span style=\"font-family: helvetica, arial, sans-serif;\">Prensa Inces Falc\u00f3n<\/span><\/p>\n","protected":false},"excerpt":{"rendered":"<p>** Esta reivindicaci\u00f3n se ve concretada como un gran derecho de la clase trabajadora, un gran reconocimiento, por parte de\u00a0la\u00a0gesti\u00f3n del Inces que preside Wuikelman \u00c1ngel Paredes.<\/p>\n","protected":false},"author":15,"featured_media":61112,"comment_status":"closed","ping_status":"closed","sticky":false,"template":"","format":"standard","meta":{"footnotes":""},"categories":[2],"tags":[],"class_list":["post-61107","post","type-post","status-publish","format-standard","has-post-thumbnail","hentry","category-blog"],"_links":{"self":[{"href":"https:\/\/inces.gob.ve\/index.php\/wp-json\/wp\/v2\/posts\/61107","targetHints":{"allow":["GET"]}}],"collection":[{"href":"https:\/\/inces.gob.ve\/index.php\/wp-json\/wp\/v2\/posts"}],"about":[{"href":"https:\/\/inces.gob.ve\/index.php\/wp-json\/wp\/v2\/types\/post"}],"author":[{"embeddable":true,"href":"https:\/\/inces.gob.ve\/index.php\/wp-json\/wp\/v2\/users\/15"}],"replies":[{"embeddable":true,"href":"https:\/\/inces.gob.ve\/index.php\/wp-json\/wp\/v2\/comments?post=61107"}],"version-history":[{"count":4,"href":"https:\/\/inces.gob.ve\/index.php\/wp-json\/wp\/v2\/posts\/61107\/revisions"}],"predecessor-version":[{"id":61115,"href":"https:\/\/inces.gob.ve\/index.php\/wp-json\/wp\/v2\/posts\/61107\/revisions\/61115"}],"wp:featuredmedia":[{"embeddable":true,"href":"https:\/\/inces.gob.ve\/index.php\/wp-json\/wp\/v2\/media\/61112"}],"wp:attachment":[{"href":"https:\/\/inces.gob.ve\/index.php\/wp-json\/wp\/v2\/media?parent=61107"}],"wp:term":[{"taxonomy":"category","embeddable":true,"href":"https:\/\/inces.gob.ve\/index.php\/wp-json\/wp\/v2\/categories?post=61107"},{"taxonomy":"post_tag","embeddable":true,"href":"https:\/\/inces.gob.ve\/index.php\/wp-json\/wp\/v2\/tags?post=61107"}],"curies":[{"name":"wp","href":"https:\/\/api.w.org\/{rel}","templated":true}]}}