{"id":61194,"date":"2024-11-12T14:03:20","date_gmt":"2024-11-12T18:03:20","guid":{"rendered":"https:\/\/inces.gob.ve\/?p=61194"},"modified":"2024-11-13T09:49:46","modified_gmt":"2024-11-13T13:49:46","slug":"aragua-cierre-de-unidades-curriculares-con-exitosa-exposicion-en-el-cfs-textil","status":"publish","type":"post","link":"https:\/\/inces.gob.ve\/index.php\/2024\/11\/12\/aragua-cierre-de-unidades-curriculares-con-exitosa-exposicion-en-el-cfs-textil\/","title":{"rendered":"ARAGUA  | Cierre de unidades curriculares con exitosa exposici\u00f3n en el CFS Textil"},"content":{"rendered":"<div dir=\"auto\" style=\"text-align: justify;\"><span style=\"font-family: helvetica, arial, sans-serif;\"><em><strong>***Participantes muestran sus logros en diversas unidades curriculares\u00a0<\/strong><\/em><\/span><\/div>\n<div dir=\"auto\" style=\"text-align: justify;\"><\/div>\n<p style=\"text-align: justify;\"><span style=\"font-family: helvetica, arial, sans-serif;\"><!--more--><\/span><\/p>\n<div dir=\"auto\" style=\"text-align: justify;\"><\/div>\n<div dir=\"auto\" style=\"text-align: justify;\"><\/div>\n<div style=\"text-align: justify;\"><span style=\"font-family: helvetica, arial, sans-serif;\">ANA RODR\u00cdGUEZ\u00a0<\/span><\/div>\n<div dir=\"auto\" style=\"text-align: justify;\"><\/div>\n<div dir=\"auto\" style=\"text-align: justify;\"><\/div>\n<div dir=\"auto\" style=\"text-align: justify;\"><span style=\"font-family: helvetica, arial, sans-serif;\">Participantes de trece unidades curriculares culminaron su proceso de formaci\u00f3n con una exposici\u00f3n que destac\u00f3 el esfuerzo y la dedicaci\u00f3n de cada uno de ellos. Las unidades curriculares abarcadas incluyeron Panader\u00eda y Reposter\u00eda, Patronaje y Confecci\u00f3n de Prendas de Vestir, Manejo de M\u00e1quina Recta, Ingl\u00e9s con Prop\u00f3sito General, Elaboraci\u00f3n de Cojines, \u00c9tica para la Vida, Seguridad y Salud Laboral, Reparaciones B\u00e1sicas de M\u00e1quinas de Coser, Generalidades de la Peluquer\u00eda, Soporte T\u00e9cnico, Gu\u00eda Tur\u00edstico de Aventura en Baja y Media Monta\u00f1a, as\u00ed como Asistente de Gu\u00eda Tur\u00edstico en la misma especialidad.<\/span><\/div>\n<div dir=\"auto\"><\/div>\n<div dir=\"auto\"><\/div>\n<div dir=\"auto\"><span style=\"font-family: helvetica, arial, sans-serif;\"><img loading=\"lazy\" decoding=\"async\" class=\"aligncenter wp-image-61196 size-full\" src=\"https:\/\/inces.gob.ve\/wp-content\/uploads\/2024\/11\/IMG-20241111-WA0056-e1731434339891.jpg\" alt=\"\" width=\"800\" height=\"600\" \/><\/span><\/div>\n<div dir=\"auto\" style=\"text-align: justify;\"><\/div>\n<div dir=\"auto\" style=\"text-align: justify;\"><span style=\"font-family: helvetica, arial, sans-serif;\">El evento estuvo a cargo de la jefa del centro, quien expres\u00f3 su agradecimiento a todo el equipo administrativo por su compromiso y apoyo durante el proceso formativo. Entre los miembros del equipo se encuentran Freddy Correa, Milagro Izaguirre, Jos\u00e9 Salvatierra y Claudio Mej\u00edas. Adem\u00e1s, se reconoci\u00f3 la labor de los maestros t\u00e9cnicos productivos y voluntarios que contribuyeron significativamente al desarrollo de cada uno de los cursos. Entre ellos se mencionan a Mar\u00eda Ginfriddo, Nelson Bravo, Felipa Su\u00e1rez, Rub\u00e9n M\u00e1rquez y Ana Rodr\u00edguez, as\u00ed como H\u00e9ctor P\u00e9rez (tapicer\u00eda), Edilia Ponce (ingl\u00e9s), Jos\u00e9 Aquino (senderismo), Roberto Mota (mec\u00e1nico de m\u00e1quinas de coser) y Milagros Nieves (peluquer\u00eda).<\/span><\/div>\n<div dir=\"auto\"><\/div>\n<div dir=\"auto\"><\/div>\n<div dir=\"auto\"><span style=\"font-family: helvetica, arial, sans-serif;\"><img loading=\"lazy\" decoding=\"async\" class=\"aligncenter wp-image-61197 size-full\" src=\"https:\/\/inces.gob.ve\/wp-content\/uploads\/2024\/11\/IMG-20241111-WA0055-e1731434435220.jpg\" alt=\"\" width=\"800\" height=\"600\" \/><\/span><\/div>\n<div dir=\"auto\" style=\"text-align: justify;\"><\/div>\n<div dir=\"auto\" style=\"text-align: justify;\"><span style=\"font-family: helvetica, arial, sans-serif;\">La muestra presentada es un claro reflejo de la constancia y el esfuerzo invertido por los participantes en sus respectivas formaciones. Cada proyecto expuesto no solo representa un logro personal, sino tambi\u00e9n un paso hacia el desarrollo profesional y la integraci\u00f3n laboral en sus comunidades. La variedad de habilidades adquiridas durante las formaci\u00f3nes resalta la importancia de la formaci\u00f3n continua en el \u00e1mbito laboral.<\/span><\/div>\n<div dir=\"auto\"><\/div>\n<div dir=\"auto\"><\/div>\n<div dir=\"auto\"><span style=\"font-family: helvetica, arial, sans-serif;\"><img loading=\"lazy\" decoding=\"async\" class=\"aligncenter wp-image-61199 \" src=\"https:\/\/inces.gob.ve\/wp-content\/uploads\/2024\/11\/IMG-20241111-WA0051-768x1024.jpg\" alt=\"\" width=\"575\" height=\"766\" \/><\/span><\/div>\n<div dir=\"auto\" style=\"text-align: justify;\"><\/div>\n<div dir=\"auto\" style=\"text-align: justify;\"><span style=\"font-family: helvetica, arial, sans-serif;\">El evento tambi\u00e9n cont\u00f3 con el apoyo del grupo de danzas de adultos mayores del municipio Mario Brice\u00f1o Iragorri, dirigido por la presidenta de los Adultos Mayores Dolores Garc\u00eda,\u00a0 quien resalt\u00f3 la importancia de fomentar actividades que integren a todos los sectores de la comunidad. La participaci\u00f3n del grupo de danzas aport\u00f3 un toque cultural y festivo a la exposici\u00f3n, enriqueciendo a\u00fan m\u00e1s la experiencia para todos los asistentes.<\/span><\/div>\n<div dir=\"auto\" style=\"text-align: justify;\"><\/div>\n<div dir=\"auto\" style=\"text-align: justify;\"><span style=\"font-family: helvetica, arial, sans-serif;\">La culminaci\u00f3n de estas unidades curriculares no solo marca el cierre de un ciclo educativo, sino que tambi\u00e9n abre nuevas oportunidades para los participantes. Se espera que estas habilidades adquiridas se traduzcan en un impacto positivo en sus vidas y en sus entornos laborales, fomentando as\u00ed el crecimiento personal y profesional dentro de la comunidad.<\/span><\/div>\n","protected":false},"excerpt":{"rendered":"<p>***Participantes muestran sus logros en diversas unidades curriculares\u00a0<\/p>\n","protected":false},"author":15,"featured_media":61203,"comment_status":"closed","ping_status":"closed","sticky":false,"template":"","format":"standard","meta":{"footnotes":""},"categories":[2],"tags":[],"class_list":["post-61194","post","type-post","status-publish","format-standard","has-post-thumbnail","hentry","category-blog"],"_links":{"self":[{"href":"https:\/\/inces.gob.ve\/index.php\/wp-json\/wp\/v2\/posts\/61194","targetHints":{"allow":["GET"]}}],"collection":[{"href":"https:\/\/inces.gob.ve\/index.php\/wp-json\/wp\/v2\/posts"}],"about":[{"href":"https:\/\/inces.gob.ve\/index.php\/wp-json\/wp\/v2\/types\/post"}],"author":[{"embeddable":true,"href":"https:\/\/inces.gob.ve\/index.php\/wp-json\/wp\/v2\/users\/15"}],"replies":[{"embeddable":true,"href":"https:\/\/inces.gob.ve\/index.php\/wp-json\/wp\/v2\/comments?post=61194"}],"version-history":[{"count":3,"href":"https:\/\/inces.gob.ve\/index.php\/wp-json\/wp\/v2\/posts\/61194\/revisions"}],"predecessor-version":[{"id":61202,"href":"https:\/\/inces.gob.ve\/index.php\/wp-json\/wp\/v2\/posts\/61194\/revisions\/61202"}],"wp:featuredmedia":[{"embeddable":true,"href":"https:\/\/inces.gob.ve\/index.php\/wp-json\/wp\/v2\/media\/61203"}],"wp:attachment":[{"href":"https:\/\/inces.gob.ve\/index.php\/wp-json\/wp\/v2\/media?parent=61194"}],"wp:term":[{"taxonomy":"category","embeddable":true,"href":"https:\/\/inces.gob.ve\/index.php\/wp-json\/wp\/v2\/categories?post=61194"},{"taxonomy":"post_tag","embeddable":true,"href":"https:\/\/inces.gob.ve\/index.php\/wp-json\/wp\/v2\/tags?post=61194"}],"curies":[{"name":"wp","href":"https:\/\/api.w.org\/{rel}","templated":true}]}}