{"id":61316,"date":"2024-11-18T10:52:43","date_gmt":"2024-11-18T14:52:43","guid":{"rendered":"https:\/\/inces.gob.ve\/?p=61316"},"modified":"2024-11-18T10:53:02","modified_gmt":"2024-11-18T14:53:02","slug":"trujillo-inces-llevo-a-cabo-la-entrega-de-titularidades-y-ascensos-a-sus-trabajadores","status":"publish","type":"post","link":"https:\/\/inces.gob.ve\/index.php\/2024\/11\/18\/trujillo-inces-llevo-a-cabo-la-entrega-de-titularidades-y-ascensos-a-sus-trabajadores\/","title":{"rendered":"TRUJILLO | Inces llev\u00f3 a cabo la entrega de titularidades y ascensos a sus trabajadores"},"content":{"rendered":"<p style=\"text-align: justify;\" data-sourcepos=\"5:1-5:96\"><em><strong><span style=\"font-family: helvetica, arial, sans-serif; font-size: 16px;\">** En un evento significativo para el Instituto Nacional de Capacitaci\u00f3n y Educaci\u00f3n Socialista (Inces) en la regi\u00f3n Trujillo, la Gerencia General de Talento Humano llev\u00f3 a cabo la entrega de titularidades y ascensos a sus trabajadores<\/span><\/strong><\/em><br \/>\n<span style=\"font-family: helvetica, arial, sans-serif; font-size: 16px;\"><!--more--><\/span><\/p>\n<p data-sourcepos=\"12:1-12:530\">\n<p style=\"text-align: justify;\" data-sourcepos=\"12:1-12:530\"><span style=\"font-family: helvetica, arial, sans-serif; font-size: 16px;\">La ceremonia tuvo lugar en el auditorio \u00abLuis Beltr\u00e1n Prieto Figueroa\u00bb del Inces regi\u00f3n Trujillo, siendo presidida por Nielsy Cabrera, gerente general de Talento Humano; Alexis Brice\u00f1o, gerente general del Inces Trujillo y Desir\u00e9e Paz, jefa de la Divisi\u00f3n de Talento Humano, quienes en esta destacada actividad ratificaron la importancia de este reconocimiento para el personal. El evento fue celebrado con gran entusiasmo por los trabajadores, quienes expresaron su gratitud hacia las autoridades presentes.<\/span><\/p>\n<p data-sourcepos=\"14:1-14:583\">\n<p style=\"text-align: justify;\" data-sourcepos=\"14:1-14:583\"><span style=\"font-family: helvetica, arial, sans-serif; font-size: 16px;\">La entrega de titularidades y ascensos fue un componente esencial de motivaci\u00f3n dentro del marco de desarrollo organizacional del Inces. Este tipo de reconocimiento no solo valid\u00f3 el esfuerzo individual, sino que tambi\u00e9n foment\u00f3 un ambiente laboral positivo que estimul\u00f3 el compromiso y la motivaci\u00f3n entre los empleados. Al otorgar titularidades, se busc\u00f3 consolidar la estabilidad laboral y ofrecer a los trabajadores una mayor seguridad en sus funciones, lo que a su vez contribuy\u00f3 a mejorar la calidad del servicio educativo que brindaba la instituci\u00f3n.<\/span><\/p>\n<p data-sourcepos=\"14:1-14:583\">\n<p data-sourcepos=\"14:1-14:583\"><img loading=\"lazy\" decoding=\"async\" class=\"aligncenter wp-image-61317 size-full\" src=\"https:\/\/inces.gob.ve\/wp-content\/uploads\/2024\/11\/IMG-20241101-WA0070-e1731941539116.jpg\" alt=\"\" width=\"2363\" height=\"1446\" srcset=\"https:\/\/inces.gob.ve\/wp-content\/uploads\/2024\/11\/IMG-20241101-WA0070-e1731941539116.jpg 2363w, https:\/\/inces.gob.ve\/wp-content\/uploads\/2024\/11\/IMG-20241101-WA0070-e1731941539116-300x184.jpg 300w, https:\/\/inces.gob.ve\/wp-content\/uploads\/2024\/11\/IMG-20241101-WA0070-e1731941539116-1024x627.jpg 1024w, https:\/\/inces.gob.ve\/wp-content\/uploads\/2024\/11\/IMG-20241101-WA0070-e1731941539116-768x470.jpg 768w, https:\/\/inces.gob.ve\/wp-content\/uploads\/2024\/11\/IMG-20241101-WA0070-e1731941539116-1536x940.jpg 1536w, https:\/\/inces.gob.ve\/wp-content\/uploads\/2024\/11\/IMG-20241101-WA0070-e1731941539116-2048x1253.jpg 2048w\" sizes=\"auto, (max-width: 2363px) 100vw, 2363px\" \/><\/p>\n<p data-sourcepos=\"16:1-16:480\">\n<p style=\"text-align: justify;\" data-sourcepos=\"16:1-16:480\"><span style=\"font-family: helvetica, arial, sans-serif; font-size: 16px;\">Nielsy Cabrera subray\u00f3 que este acto no solo represent\u00f3 un avance profesional para los trabajadores, sino que tambi\u00e9n fue un reconocimiento a su dedicaci\u00f3n y esfuerzo. \u00abHoy la gerencia general de Talento Humano hace presencia en el estado como parte complementaria para los ascenso y titularidades a ustedes nuestros trabajadores, quienes por su compromiso con la formaci\u00f3n t\u00e9cnica y profesional hacen caracterizar a nuestra instituci\u00f3n\u00bb, afirm\u00f3 Cabrera.<\/span><\/p>\n<p data-sourcepos=\"18:1-18:728\">\n<p style=\"text-align: justify;\" data-sourcepos=\"18:1-18:728\"><span style=\"font-family: helvetica, arial, sans-serif; font-size: 16px;\">Alexis Brice\u00f1o tambi\u00e9n se dirigi\u00f3 a los presentes, agradeci\u00e9ndoles a cada uno por su entrega, ya que su arduo trabajo hizo posible el logro y la superaci\u00f3n de la meta anual, lo cual los hace merecedores de este honor. \u201cEstoy profundamente agradecido con cada uno de los presentes ya que gracias a ustedes hemos superado la meta anual en un 212%. Este logro es un reflejo de su compromiso con la formaci\u00f3n t\u00e9cnica y el desarrollo de nuestro estado siendo as\u00ed merecedores de este gran reconocimiento que son sus titularidades y ascensos, este logro fue posible gracias al esfuerzo conjunto del presidente Wuikelman Angel y al compromiso del gobierno con la justicia social\u00bb, dijo Brice\u00f1o.<\/span><\/p>\n<p data-sourcepos=\"20:1-20:473\">\n<p style=\"text-align: justify;\" data-sourcepos=\"20:1-20:473\"><span style=\"font-family: helvetica, arial, sans-serif; font-size: 16px;\">La actividad culmin\u00f3 con un llamado a todos los trabajadores a seguir esforz\u00e1ndose y prepar\u00e1ndose para futuros desaf\u00edos y as\u00ed mantener el enfoque en la excelencia y el compromiso con la formaci\u00f3n continua, asegurando que el futuro del pa\u00eds depende de una capacitaci\u00f3n constante.<\/span><\/p>\n","protected":false},"excerpt":{"rendered":"<p>** En un evento significativo para el Instituto Nacional de Capacitaci\u00f3n y Educaci\u00f3n Socialista (Inces) en la regi\u00f3n Trujillo, la Gerencia General de Talento Humano llev\u00f3 a cabo la entrega de titularidades y ascensos a sus trabajadores<\/p>\n","protected":false},"author":4,"featured_media":61318,"comment_status":"closed","ping_status":"closed","sticky":false,"template":"","format":"standard","meta":{"footnotes":""},"categories":[2],"tags":[],"class_list":["post-61316","post","type-post","status-publish","format-standard","has-post-thumbnail","hentry","category-blog"],"_links":{"self":[{"href":"https:\/\/inces.gob.ve\/index.php\/wp-json\/wp\/v2\/posts\/61316","targetHints":{"allow":["GET"]}}],"collection":[{"href":"https:\/\/inces.gob.ve\/index.php\/wp-json\/wp\/v2\/posts"}],"about":[{"href":"https:\/\/inces.gob.ve\/index.php\/wp-json\/wp\/v2\/types\/post"}],"author":[{"embeddable":true,"href":"https:\/\/inces.gob.ve\/index.php\/wp-json\/wp\/v2\/users\/4"}],"replies":[{"embeddable":true,"href":"https:\/\/inces.gob.ve\/index.php\/wp-json\/wp\/v2\/comments?post=61316"}],"version-history":[{"count":2,"href":"https:\/\/inces.gob.ve\/index.php\/wp-json\/wp\/v2\/posts\/61316\/revisions"}],"predecessor-version":[{"id":61320,"href":"https:\/\/inces.gob.ve\/index.php\/wp-json\/wp\/v2\/posts\/61316\/revisions\/61320"}],"wp:featuredmedia":[{"embeddable":true,"href":"https:\/\/inces.gob.ve\/index.php\/wp-json\/wp\/v2\/media\/61318"}],"wp:attachment":[{"href":"https:\/\/inces.gob.ve\/index.php\/wp-json\/wp\/v2\/media?parent=61316"}],"wp:term":[{"taxonomy":"category","embeddable":true,"href":"https:\/\/inces.gob.ve\/index.php\/wp-json\/wp\/v2\/categories?post=61316"},{"taxonomy":"post_tag","embeddable":true,"href":"https:\/\/inces.gob.ve\/index.php\/wp-json\/wp\/v2\/tags?post=61316"}],"curies":[{"name":"wp","href":"https:\/\/api.w.org\/{rel}","templated":true}]}}