{"id":61322,"date":"2024-11-18T11:38:28","date_gmt":"2024-11-18T15:38:28","guid":{"rendered":"https:\/\/inces.gob.ve\/?p=61322"},"modified":"2024-11-18T11:39:01","modified_gmt":"2024-11-18T15:39:01","slug":"aragua-inces-villa-de-cura-incentiva-a-sus-aprendices-para-el-desarrollo-productivo-desde-el-sector-empresarial","status":"publish","type":"post","link":"https:\/\/inces.gob.ve\/index.php\/2024\/11\/18\/aragua-inces-villa-de-cura-incentiva-a-sus-aprendices-para-el-desarrollo-productivo-desde-el-sector-empresarial\/","title":{"rendered":"ARAGUA | Inces Villa de Cura incentiva a sus aprendices para el desarrollo productivo desde el sector empresarial"},"content":{"rendered":"<p><span style=\"font-family: helvetica, arial, sans-serif;\">** Desde visitas y recorridos se destac\u00f3 la importancia de formar parte del personal t\u00e9cnico en diversas \u00e1reas para impulsar la econom\u00eda nivel nacional<\/span><\/p>\n<p><!--more--><\/p>\n<p>&nbsp;<\/p>\n<p><span style=\"font-family: helvetica, arial, sans-serif;\">NINOSKA PATRIZ<\/span><\/p>\n<p><span style=\"font-family: helvetica, arial, sans-serif;\">El Inces Villa de Cura realiz\u00f3 una visita y recorrido en la empresa Motorvenca CA, con el grupo de aprendices de Electromec\u00e1nica Industrial del Programa Nacional de Aprendizaje.<\/span><\/p>\n<p style=\"text-align: justify;\"><img loading=\"lazy\" decoding=\"async\" class=\"aligncenter wp-image-61323 size-full\" src=\"https:\/\/inces.gob.ve\/wp-content\/uploads\/2024\/11\/IMG_20241112_161104_088-e1731944207442.jpg\" alt=\"\" width=\"800\" height=\"369\" \/><\/p>\n<p><span style=\"font-family: helvetica, arial, sans-serif;\">\u00abEl objetivo del recorrido en la planta fue conocer el proceso de producci\u00f3n de motores el\u00e9ctricos, como parte complementaria de la unidad curricular Motores El\u00e9ctricos\u00bb, explic\u00f3 el jefe de Centro Jos\u00e9 D\u00edaz.\u00a0<\/span><\/p>\n<p><span style=\"font-family: helvetica, arial, sans-serif;\">De la misma manera, el Centro de Formaci\u00f3n Socialista (CFS) Villa de Cura efectu\u00f3 tambi\u00e9n una visita a la planta madre de Corpivensa, en Villa de Cura, como parte del proceso de indagaci\u00f3n Programaci\u00f3n Docente 2025.<\/span><\/p>\n<p style=\"text-align: justify;\"><img loading=\"lazy\" decoding=\"async\" class=\"aligncenter wp-image-61327 size-full\" src=\"https:\/\/inces.gob.ve\/wp-content\/uploads\/2024\/11\/IMG_20241112_161552.jpg\" alt=\"\" width=\"406\" height=\"406\" srcset=\"https:\/\/inces.gob.ve\/wp-content\/uploads\/2024\/11\/IMG_20241112_161552.jpg 406w, https:\/\/inces.gob.ve\/wp-content\/uploads\/2024\/11\/IMG_20241112_161552-300x300.jpg 300w, https:\/\/inces.gob.ve\/wp-content\/uploads\/2024\/11\/IMG_20241112_161552-150x150.jpg 150w\" sizes=\"auto, (max-width: 406px) 100vw, 406px\" \/><\/p>\n<p><span style=\"font-family: helvetica, arial, sans-serif;\">En este aspecto el jefe de Centro se\u00f1al\u00f3 que fueron atendidos por el encargado de planta Antonio S\u00e1nchez y se acord\u00f3 una pr\u00f3xima mesa de trabajo, pero desde las instalaciones del Inces.<\/span><\/p>\n<p><span style=\"font-family: helvetica, arial, sans-serif;\">Adem\u00e1s, el CFS Inces Villa de Cura tambi\u00e9n brind\u00f3 atenci\u00f3n especial con visita guiada desde sus instalaciones a los\u00a0 estudiantes y profesoras del Liceo Bolivariano Taller de Educaci\u00f3n Laboral\u00a0 Villa de Cura, quienes fueron recibidos por los compa\u00f1eros participantes de la Unidad Curricular Barber\u00eda.<\/span><\/p>\n<p style=\"text-align: justify;\"><img loading=\"lazy\" decoding=\"async\" class=\"aligncenter wp-image-61328 size-full\" src=\"https:\/\/inces.gob.ve\/wp-content\/uploads\/2024\/11\/IMG_20241112_160212-e1731944245446.jpg\" alt=\"\" width=\"800\" height=\"800\" \/><\/p>\n<p><span style=\"font-family: helvetica, arial, sans-serif;\">Para finalizar, D\u00edaz destac\u00f3 que la actividad form\u00f3 parte del proceso de planificaci\u00f3n de posibles formaciones y talleres de la Programaci\u00f3n Docente 2025.<\/span><!--more--><\/p>\n","protected":false},"excerpt":{"rendered":"<p>** Desde visitas y recorridos se destac\u00f3 la importancia de formar parte del personal t\u00e9cnico en diversas \u00e1reas para impulsar la econom\u00eda nivel nacional<\/p>\n","protected":false},"author":15,"featured_media":61325,"comment_status":"closed","ping_status":"closed","sticky":false,"template":"","format":"standard","meta":{"footnotes":""},"categories":[2],"tags":[],"class_list":["post-61322","post","type-post","status-publish","format-standard","has-post-thumbnail","hentry","category-blog"],"_links":{"self":[{"href":"https:\/\/inces.gob.ve\/index.php\/wp-json\/wp\/v2\/posts\/61322","targetHints":{"allow":["GET"]}}],"collection":[{"href":"https:\/\/inces.gob.ve\/index.php\/wp-json\/wp\/v2\/posts"}],"about":[{"href":"https:\/\/inces.gob.ve\/index.php\/wp-json\/wp\/v2\/types\/post"}],"author":[{"embeddable":true,"href":"https:\/\/inces.gob.ve\/index.php\/wp-json\/wp\/v2\/users\/15"}],"replies":[{"embeddable":true,"href":"https:\/\/inces.gob.ve\/index.php\/wp-json\/wp\/v2\/comments?post=61322"}],"version-history":[{"count":3,"href":"https:\/\/inces.gob.ve\/index.php\/wp-json\/wp\/v2\/posts\/61322\/revisions"}],"predecessor-version":[{"id":61331,"href":"https:\/\/inces.gob.ve\/index.php\/wp-json\/wp\/v2\/posts\/61322\/revisions\/61331"}],"wp:featuredmedia":[{"embeddable":true,"href":"https:\/\/inces.gob.ve\/index.php\/wp-json\/wp\/v2\/media\/61325"}],"wp:attachment":[{"href":"https:\/\/inces.gob.ve\/index.php\/wp-json\/wp\/v2\/media?parent=61322"}],"wp:term":[{"taxonomy":"category","embeddable":true,"href":"https:\/\/inces.gob.ve\/index.php\/wp-json\/wp\/v2\/categories?post=61322"},{"taxonomy":"post_tag","embeddable":true,"href":"https:\/\/inces.gob.ve\/index.php\/wp-json\/wp\/v2\/tags?post=61322"}],"curies":[{"name":"wp","href":"https:\/\/api.w.org\/{rel}","templated":true}]}}