{"id":61333,"date":"2024-11-18T13:55:18","date_gmt":"2024-11-18T17:55:18","guid":{"rendered":"https:\/\/inces.gob.ve\/?p=61333"},"modified":"2024-11-19T14:06:42","modified_gmt":"2024-11-19T18:06:42","slug":"inces-inicia-plan-de-formacion-tecnica-en-los-roques","status":"publish","type":"post","link":"https:\/\/inces.gob.ve\/index.php\/2024\/11\/18\/inces-inicia-plan-de-formacion-tecnica-en-los-roques\/","title":{"rendered":"Inces inicia plan de formaci\u00f3n t\u00e9cnica en Los Roques"},"content":{"rendered":"<p style=\"text-align: justify;\"><span style=\"font-family: helvetica, arial, sans-serif; font-size: 28px;\"><em><strong>** La oferta incluye, entre otras, Reparaci\u00f3n de Motores Fuera de Borda, Carpinter\u00eda de Ribera, y Gastronom\u00eda<\/strong><\/em><!--more--><\/span><\/p>\n<p>&nbsp;<\/p>\n<p><span style=\"font-family: helvetica, arial, sans-serif; font-size: 28px;\"><strong>LONGINA TOVAR<\/strong><\/span><\/p>\n<p style=\"text-align: justify;\"><span style=\"font-family: helvetica, arial, sans-serif; font-size: 28px;\">El Instituto Nacional de Capacitaci\u00f3n y Educaci\u00f3n Socialista (Inces) llev\u00f3 su plan de formaci\u00f3n t\u00e9cnica al archipi\u00e9lago Los Roques, en el territorio insular Miranda. Esta iniciativa se desarroll\u00f3 en el complejo educativo Archipi\u00e9lagos Los Roques y se enfoc\u00f3 en atender a los trabajadores de la comunidad local, quienes participaron activamente en la selecci\u00f3n de las formaciones que quieren recibir.<\/span><\/p>\n<p>&nbsp;<\/p>\n<p style=\"text-align: justify;\"><span style=\"font-family: helvetica, arial, sans-serif; font-size: 28px;\">Las formaciones ofrecidas incluyen Reparaci\u00f3n de Motores Fuera de Borda, Carpinter\u00eda de Ribera, Gastronom\u00eda, Promotor Deportivo Recreativo y Promotor Cultural. Esta selecci\u00f3n de cursos fue resultado de un diagn\u00f3stico realizado a trav\u00e9s de un formulario que recolect\u00f3 las necesidades formativas de los trabajadores.<\/span><\/p>\n<p>&nbsp;<\/p>\n<p style=\"text-align: justify;\"><span style=\"font-family: helvetica, arial, sans-serif; font-size: 28px;\">\u00a0<img loading=\"lazy\" decoding=\"async\" class=\"aligncenter wp-image-61335 size-large\" src=\"https:\/\/inces.gob.ve\/wp-content\/uploads\/2024\/11\/WhatsApp-Image-2024-11-15-at-9.12.48-AM-1024x768.jpeg\" alt=\"\" width=\"640\" height=\"480\" srcset=\"https:\/\/inces.gob.ve\/wp-content\/uploads\/2024\/11\/WhatsApp-Image-2024-11-15-at-9.12.48-AM-1024x768.jpeg 1024w, https:\/\/inces.gob.ve\/wp-content\/uploads\/2024\/11\/WhatsApp-Image-2024-11-15-at-9.12.48-AM-300x225.jpeg 300w, https:\/\/inces.gob.ve\/wp-content\/uploads\/2024\/11\/WhatsApp-Image-2024-11-15-at-9.12.48-AM-768x576.jpeg 768w, https:\/\/inces.gob.ve\/wp-content\/uploads\/2024\/11\/WhatsApp-Image-2024-11-15-at-9.12.48-AM-1536x1152.jpeg 1536w, https:\/\/inces.gob.ve\/wp-content\/uploads\/2024\/11\/WhatsApp-Image-2024-11-15-at-9.12.48-AM-2048x1536.jpeg 2048w, https:\/\/inces.gob.ve\/wp-content\/uploads\/2024\/11\/WhatsApp-Image-2024-11-15-at-9.12.48-AM-136x102.jpeg 136w\" sizes=\"auto, (max-width: 640px) 100vw, 640px\" \/><\/span><\/p>\n<p style=\"text-align: justify;\"><span style=\"font-family: helvetica, arial, sans-serif; font-size: 28px;\">El equipo del Inces, liderado por el director estrat\u00e9gico de Formaci\u00f3n y Autoformaci\u00f3n, Jorge P\u00e9rez, en colaboraci\u00f3n con las gerencias regionales de La Guaira, Caracas y Miranda, estableci\u00f3 un esquema de formaci\u00f3n que permitir\u00e1 la atenci\u00f3n peri\u00f3dica de los trabajadores, enviando a los maestros especialistas, de manera pertinente, a las \u00e1reas demandadas.<\/span><\/p>\n<p>&nbsp;<\/p>\n<p style=\"text-align: justify;\"><span style=\"font-family: helvetica, arial, sans-serif; font-size: 28px;\">Desde el d\u00eda de la asamblea, se inici\u00f3 la recolecci\u00f3n de datos para la inscripci\u00f3n de los interesados, lo que ha generado un gran inter\u00e9s en posadas, restaurantes y otros prestadores de servicios tur\u00edsticos en el atractivo archipi\u00e9lago.<br \/>\n<\/span><\/p>\n<p>&nbsp;<\/p>\n<p style=\"text-align: justify;\"><span style=\"font-family: helvetica, arial, sans-serif; font-size: 28px;\">Las clases est\u00e1n programadas para comenzar el 1 de diciembre, y progresivamente se ver\u00e1n incluidas las Escuelas de Idiomas y Gastronom\u00eda Inces para la ejecuci\u00f3n de talleres cortos que conlleven a microcertificaciones en \u00e1reas espec\u00edficas.<\/span><\/p>\n","protected":false},"excerpt":{"rendered":"<p>** La oferta incluye, entre otras, Reparaci\u00f3n de Motores Fuera de Borda, Carpinter\u00eda de Ribera, y Gastronom\u00eda<\/p>\n","protected":false},"author":4,"featured_media":61334,"comment_status":"closed","ping_status":"closed","sticky":false,"template":"","format":"standard","meta":{"footnotes":""},"categories":[2],"tags":[],"class_list":["post-61333","post","type-post","status-publish","format-standard","has-post-thumbnail","hentry","category-blog"],"_links":{"self":[{"href":"https:\/\/inces.gob.ve\/index.php\/wp-json\/wp\/v2\/posts\/61333","targetHints":{"allow":["GET"]}}],"collection":[{"href":"https:\/\/inces.gob.ve\/index.php\/wp-json\/wp\/v2\/posts"}],"about":[{"href":"https:\/\/inces.gob.ve\/index.php\/wp-json\/wp\/v2\/types\/post"}],"author":[{"embeddable":true,"href":"https:\/\/inces.gob.ve\/index.php\/wp-json\/wp\/v2\/users\/4"}],"replies":[{"embeddable":true,"href":"https:\/\/inces.gob.ve\/index.php\/wp-json\/wp\/v2\/comments?post=61333"}],"version-history":[{"count":9,"href":"https:\/\/inces.gob.ve\/index.php\/wp-json\/wp\/v2\/posts\/61333\/revisions"}],"predecessor-version":[{"id":61367,"href":"https:\/\/inces.gob.ve\/index.php\/wp-json\/wp\/v2\/posts\/61333\/revisions\/61367"}],"wp:featuredmedia":[{"embeddable":true,"href":"https:\/\/inces.gob.ve\/index.php\/wp-json\/wp\/v2\/media\/61334"}],"wp:attachment":[{"href":"https:\/\/inces.gob.ve\/index.php\/wp-json\/wp\/v2\/media?parent=61333"}],"wp:term":[{"taxonomy":"category","embeddable":true,"href":"https:\/\/inces.gob.ve\/index.php\/wp-json\/wp\/v2\/categories?post=61333"},{"taxonomy":"post_tag","embeddable":true,"href":"https:\/\/inces.gob.ve\/index.php\/wp-json\/wp\/v2\/tags?post=61333"}],"curies":[{"name":"wp","href":"https:\/\/api.w.org\/{rel}","templated":true}]}}