{"id":61349,"date":"2024-11-18T13:11:09","date_gmt":"2024-11-18T17:11:09","guid":{"rendered":"https:\/\/inces.gob.ve\/?p=61349"},"modified":"2024-11-18T13:33:12","modified_gmt":"2024-11-18T17:33:12","slug":"falcon-inces-llego-a-jacura-con-la-escuela-de-formacion-gastronomica","status":"publish","type":"post","link":"https:\/\/inces.gob.ve\/index.php\/2024\/11\/18\/falcon-inces-llego-a-jacura-con-la-escuela-de-formacion-gastronomica\/","title":{"rendered":"FALC\u00d3N | Inces lleg\u00f3 a Jacura con la Escuela de Formaci\u00f3n Gastron\u00f3mica"},"content":{"rendered":"<div dir=\"auto\" style=\"text-align: justify;\"><span style=\"font-family: helvetica, arial, sans-serif;\">*<em><strong>*Para brindar y dar respuestas a las mujeres con esta nueva estrategia de formaci\u00f3n, que se vincula con el Programa de Microcertificaci\u00f3n<\/strong><\/em><\/span><\/div>\n<div dir=\"auto\"><\/div>\n<p style=\"text-align: justify;\"><span style=\"font-family: helvetica, arial, sans-serif;\"><!--more--><\/span><\/p>\n<div dir=\"auto\" style=\"text-align: justify;\"><\/div>\n<div dir=\"auto\">\n<div dir=\"auto\" style=\"text-align: justify;\"><span style=\"font-family: helvetica, arial, sans-serif;\">MIRIAM GONZ\u00c1LEZ VILLARROEL<\/span><\/div>\n<div dir=\"auto\" style=\"text-align: justify;\"><\/div>\n<div dir=\"auto\" style=\"text-align: justify;\"><span style=\"font-family: helvetica, arial, sans-serif;\">En un esfuerzo conjunto para promover la educaci\u00f3n y el empoderamiento con formaci\u00f3n t\u00e9cnica profesional, el Instituto Nacional de Capacitaci\u00f3n y Educaci\u00f3n Socialista (Inces) en vinculaci\u00f3n con la Gran Misi\u00f3n Venezuela Mujer (Gmvm) y el Ministerio de Cultura llegaron a Las Colonias de Araurima en el municipio Jacura, para desarrollar talleres formativos que se realizan a trav\u00e9s de la Escuela de Formaci\u00f3n Gastron\u00f3mica Inces.<\/span><\/div>\n<\/div>\n<div dir=\"auto\"><\/div>\n<div dir=\"auto\">\n<div dir=\"auto\" style=\"text-align: justify;\"><\/div>\n<div dir=\"auto\" style=\"text-align: justify;\"><span style=\"font-family: helvetica, arial, sans-serif;\">Inform\u00f3 la gerente regional del Inces, Eneyda Mart\u00ednez Rodr\u00edguez, se impartieron talleres en las \u00e1reas de: Elaboraci\u00f3n de Productos Navide\u00f1os y Dulceria Criolla, contando para estos aprendizajes con el talento de la maestra t\u00e9cnico productiva (MTP) Candelaria Guilarte, donde\u00a0 participaron 30 mujeres de varios sectores de la entidad.<\/span><\/div>\n<div dir=\"auto\"><\/div>\n<\/div>\n<div dir=\"auto\"><\/div>\n<div dir=\"auto\"><span style=\"font-family: helvetica, arial, sans-serif;\"><img loading=\"lazy\" decoding=\"async\" class=\"aligncenter wp-image-61353 size-full\" src=\"https:\/\/inces.gob.ve\/wp-content\/uploads\/2024\/11\/IMG-20241116-WA0093-e1731950170652.jpg\" alt=\"\" width=\"800\" height=\"465\" srcset=\"https:\/\/inces.gob.ve\/wp-content\/uploads\/2024\/11\/IMG-20241116-WA0093-e1731950170652.jpg 800w, https:\/\/inces.gob.ve\/wp-content\/uploads\/2024\/11\/IMG-20241116-WA0093-e1731950170652-300x174.jpg 300w, https:\/\/inces.gob.ve\/wp-content\/uploads\/2024\/11\/IMG-20241116-WA0093-e1731950170652-768x446.jpg 768w\" sizes=\"auto, (max-width: 800px) 100vw, 800px\" \/><\/span><\/div>\n<div dir=\"auto\">\n<div dir=\"auto\" style=\"text-align: justify;\"><\/div>\n<div dir=\"auto\" style=\"text-align: justify;\"><span style=\"font-family: helvetica, arial, sans-serif;\">Inform\u00f3 Mart\u00ednez, cada\u00a0 taller tiene una duraci\u00f3n promedio de 20 horas y est\u00e1n dise\u00f1ados para brindar formaci\u00f3n pr\u00e1ctica que se ajuste a las exigencias y necesidades de las participantes que quieren emprender, \u00abes una modalidad de formaci\u00f3n acelerada cuyo objetivo es masificar estos talleres desde todos los centros de formaci\u00f3n y \u00e1mbitos educativos\u00bb.<\/span><\/div>\n<div dir=\"auto\"><\/div>\n<div dir=\"auto\" style=\"text-align: justify;\"><\/div>\n<div dir=\"auto\" style=\"text-align: justify;\"><span style=\"font-family: helvetica, arial, sans-serif;\">En este contexto,\u00a0 desde la alcald\u00eda del municipio Jacura, ante esta iniciativa, expresaron su profundo agradecimiento por la presencia y el valioso aporte del Inces que impulsa el emprendimiento para empoderar a las mujeres.\u00a0<\/span><\/div>\n<div dir=\"auto\"><\/div>\n<div dir=\"auto\" style=\"text-align: justify;\"><\/div>\n<div dir=\"auto\" style=\"text-align: justify;\"><span style=\"font-family: helvetica, arial, sans-serif;\">Esta acci\u00f3n que se desarroll\u00f3 en colaboraci\u00f3n con la Alcald\u00eda,\u00a0 Gmvm,\u00a0 el Gabinete de Cultura y el Inces, no solo enriquece las habilidades culinarias de los participantes, sino que tambi\u00e9n, fomenta el emprendimiento y el desarrollo comunitario, precisaron.<\/span><\/div>\n<div dir=\"auto\"><\/div>\n<div dir=\"auto\" style=\"text-align: justify;\"><\/div>\n<div dir=\"auto\" style=\"text-align: justify;\"><span style=\"font-family: helvetica, arial, sans-serif;\">\u00abEstos talleres refleja el compromiso de las instituciones involucradas con el desarrollo integral de las comunidades y deja claro la importancia de la educaci\u00f3n continua y permanente como herramienta para el progreso social\u00bb, acot\u00f3 Judith Ter\u00e1n, enlace de la Gmvm en el municipioJacura.<\/span><\/div>\n<\/div>\n","protected":false},"excerpt":{"rendered":"<p>**Para brindar y dar respuestas a las mujeres con esta nueva estrategia de formaci\u00f3n, que se vincula con el Programa de Microcertificaci\u00f3n<\/p>\n","protected":false},"author":15,"featured_media":61354,"comment_status":"closed","ping_status":"closed","sticky":false,"template":"","format":"standard","meta":{"footnotes":""},"categories":[2],"tags":[],"class_list":["post-61349","post","type-post","status-publish","format-standard","has-post-thumbnail","hentry","category-blog"],"_links":{"self":[{"href":"https:\/\/inces.gob.ve\/index.php\/wp-json\/wp\/v2\/posts\/61349","targetHints":{"allow":["GET"]}}],"collection":[{"href":"https:\/\/inces.gob.ve\/index.php\/wp-json\/wp\/v2\/posts"}],"about":[{"href":"https:\/\/inces.gob.ve\/index.php\/wp-json\/wp\/v2\/types\/post"}],"author":[{"embeddable":true,"href":"https:\/\/inces.gob.ve\/index.php\/wp-json\/wp\/v2\/users\/15"}],"replies":[{"embeddable":true,"href":"https:\/\/inces.gob.ve\/index.php\/wp-json\/wp\/v2\/comments?post=61349"}],"version-history":[{"count":6,"href":"https:\/\/inces.gob.ve\/index.php\/wp-json\/wp\/v2\/posts\/61349\/revisions"}],"predecessor-version":[{"id":61357,"href":"https:\/\/inces.gob.ve\/index.php\/wp-json\/wp\/v2\/posts\/61349\/revisions\/61357"}],"wp:featuredmedia":[{"embeddable":true,"href":"https:\/\/inces.gob.ve\/index.php\/wp-json\/wp\/v2\/media\/61354"}],"wp:attachment":[{"href":"https:\/\/inces.gob.ve\/index.php\/wp-json\/wp\/v2\/media?parent=61349"}],"wp:term":[{"taxonomy":"category","embeddable":true,"href":"https:\/\/inces.gob.ve\/index.php\/wp-json\/wp\/v2\/categories?post=61349"},{"taxonomy":"post_tag","embeddable":true,"href":"https:\/\/inces.gob.ve\/index.php\/wp-json\/wp\/v2\/tags?post=61349"}],"curies":[{"name":"wp","href":"https:\/\/api.w.org\/{rel}","templated":true}]}}