{"id":61410,"date":"2024-11-25T07:47:34","date_gmt":"2024-11-25T11:47:34","guid":{"rendered":"https:\/\/inces.gob.ve\/?p=61410"},"modified":"2024-11-25T07:47:34","modified_gmt":"2024-11-25T11:47:34","slug":"zulia-escuela-de-medios-brinda-formaciones-a-trabajadores-de-la-comunicacion","status":"publish","type":"post","link":"https:\/\/inces.gob.ve\/index.php\/2024\/11\/25\/zulia-escuela-de-medios-brinda-formaciones-a-trabajadores-de-la-comunicacion\/","title":{"rendered":"ZULIA | Escuela de Medios brinda formaciones a trabajadores de la comunicaci\u00f3n"},"content":{"rendered":"<div dir=\"auto\"><em><strong><span style=\"font-family: helvetica, arial, sans-serif; font-size: 16px;\">** Quice estados del pa\u00eds ya cuentan con una escuela dedicada a la comunicaci\u00f3n de masas responsable<\/span><\/strong><\/em><\/div>\n<p><span style=\"font-family: helvetica, arial, sans-serif; font-size: 16px;\"><!--more--><\/span><\/p>\n<div dir=\"auto\"><\/div>\n<div dir=\"auto\"><\/div>\n<div dir=\"auto\"><\/div>\n<div dir=\"auto\"><span style=\"font-family: helvetica, arial, sans-serif; font-size: 16px;\">La Escuela de Medios y Comunicaci\u00f3n (EMCI), del Inces Zulia, inici\u00f3 este mes de noviembre un ciclo de talleres formativos dirigido a trabajadores de la comunicaci\u00f3n , enmarcados en la celebraci\u00f3n del segundo aniversario de la creaci\u00f3n de la EMCI.<\/span><\/div>\n<div dir=\"auto\"><\/div>\n<div dir=\"auto\"><\/div>\n<div dir=\"auto\"><span style=\"font-family: helvetica, arial, sans-serif; font-size: 16px;\">En este sentido, 163 participantes de las entidades de trabajo Universidad Nacional Experimental de la Seguridad (Unes), Fuerza Armada Nacional Bolivariana (Fanb), con sus cinco componentes, Pequiven y del Ministerio de Ciencia y Tecnolog\u00eda (Mincyt), han sido atendidos a trav\u00e9s de diferentes formaciones.<\/span><\/div>\n<div dir=\"auto\"><\/div>\n<div dir=\"auto\"><img loading=\"lazy\" decoding=\"async\" class=\"aligncenter wp-image-61411 size-large\" src=\"https:\/\/inces.gob.ve\/wp-content\/uploads\/2024\/11\/IMG-20241116-WA0064-1024x768.jpg\" alt=\"\" width=\"640\" height=\"480\" srcset=\"https:\/\/inces.gob.ve\/wp-content\/uploads\/2024\/11\/IMG-20241116-WA0064-1024x768.jpg 1024w, https:\/\/inces.gob.ve\/wp-content\/uploads\/2024\/11\/IMG-20241116-WA0064-300x225.jpg 300w, https:\/\/inces.gob.ve\/wp-content\/uploads\/2024\/11\/IMG-20241116-WA0064-768x576.jpg 768w, https:\/\/inces.gob.ve\/wp-content\/uploads\/2024\/11\/IMG-20241116-WA0064-1536x1152.jpg 1536w, https:\/\/inces.gob.ve\/wp-content\/uploads\/2024\/11\/IMG-20241116-WA0064-2048x1536.jpg 2048w, https:\/\/inces.gob.ve\/wp-content\/uploads\/2024\/11\/IMG-20241116-WA0064-136x102.jpg 136w\" sizes=\"auto, (max-width: 640px) 100vw, 640px\" \/><\/div>\n<div dir=\"auto\"><\/div>\n<div dir=\"auto\"><span style=\"font-family: helvetica, arial, sans-serif; font-size: 16px;\">Oratoria, Fotograf\u00eda Documental, Redacci\u00f3n Digital y Manejo de C\u00e1mara B\u00e1sica son algunos de los talleres formativos ofrecidos, los cuales tienen como fin fortalecer las capacidades t\u00e9cnicas de los participantes que laboran en el \u00e1rea de la comunicaci\u00f3n de las instituciones atendidas, mejorando su desempe\u00f1o profesional.<\/span><\/div>\n<div dir=\"auto\"><\/div>\n<div dir=\"auto\"><\/div>\n<div dir=\"auto\"><span style=\"font-family: helvetica, arial, sans-serif; font-size: 16px;\">Asimismo, es importante recordar que la EMCI cumple este mes su segundo aniversario, teniendo como sede principal la ciudad de Caracas y hasta la fecha, ha formado a m\u00e1s de 1.200 participantes; en este marco de celebraci\u00f3n, se ha realizado un lanzamiento nacional de las EMCI en quince estados del pa\u00eds.<\/span><\/div>\n","protected":false},"excerpt":{"rendered":"<p>** Quice estados del pa\u00eds ya cuentan con una escuela dedicada a la comunicaci\u00f3n de masas responsable<\/p>\n","protected":false},"author":4,"featured_media":61412,"comment_status":"closed","ping_status":"closed","sticky":false,"template":"","format":"standard","meta":{"footnotes":""},"categories":[2],"tags":[],"class_list":["post-61410","post","type-post","status-publish","format-standard","has-post-thumbnail","hentry","category-blog"],"_links":{"self":[{"href":"https:\/\/inces.gob.ve\/index.php\/wp-json\/wp\/v2\/posts\/61410","targetHints":{"allow":["GET"]}}],"collection":[{"href":"https:\/\/inces.gob.ve\/index.php\/wp-json\/wp\/v2\/posts"}],"about":[{"href":"https:\/\/inces.gob.ve\/index.php\/wp-json\/wp\/v2\/types\/post"}],"author":[{"embeddable":true,"href":"https:\/\/inces.gob.ve\/index.php\/wp-json\/wp\/v2\/users\/4"}],"replies":[{"embeddable":true,"href":"https:\/\/inces.gob.ve\/index.php\/wp-json\/wp\/v2\/comments?post=61410"}],"version-history":[{"count":1,"href":"https:\/\/inces.gob.ve\/index.php\/wp-json\/wp\/v2\/posts\/61410\/revisions"}],"predecessor-version":[{"id":61413,"href":"https:\/\/inces.gob.ve\/index.php\/wp-json\/wp\/v2\/posts\/61410\/revisions\/61413"}],"wp:featuredmedia":[{"embeddable":true,"href":"https:\/\/inces.gob.ve\/index.php\/wp-json\/wp\/v2\/media\/61412"}],"wp:attachment":[{"href":"https:\/\/inces.gob.ve\/index.php\/wp-json\/wp\/v2\/media?parent=61410"}],"wp:term":[{"taxonomy":"category","embeddable":true,"href":"https:\/\/inces.gob.ve\/index.php\/wp-json\/wp\/v2\/categories?post=61410"},{"taxonomy":"post_tag","embeddable":true,"href":"https:\/\/inces.gob.ve\/index.php\/wp-json\/wp\/v2\/tags?post=61410"}],"curies":[{"name":"wp","href":"https:\/\/api.w.org\/{rel}","templated":true}]}}