{"id":61468,"date":"2024-11-26T17:21:30","date_gmt":"2024-11-26T21:21:30","guid":{"rendered":"https:\/\/inces.gob.ve\/?p=61468"},"modified":"2024-11-26T17:21:52","modified_gmt":"2024-11-26T21:21:52","slug":"zulia-trabajadores-reciben-titularidad-y-ascenso-de-cargo","status":"publish","type":"post","link":"https:\/\/inces.gob.ve\/index.php\/2024\/11\/26\/zulia-trabajadores-reciben-titularidad-y-ascenso-de-cargo\/","title":{"rendered":"ZULIA | Trabajadores reciben titularidad y ascenso de cargo"},"content":{"rendered":"<div dir=\"auto\" style=\"text-align: justify;\"><em><strong><span style=\"font-family: helvetica, arial, sans-serif;\">**80 trabajadores y trabajadoras del Instituto Nacional de Capacitaci\u00f3n y Educaci\u00f3n Socialista (Inces) Zulia recibieron su titularidad y ascenso de cargos de manos de la Gerencia Regional de la instituci\u00f3n.<\/span><\/strong><\/em><\/div>\n<div dir=\"auto\"><\/div>\n<p style=\"text-align: justify;\"><span style=\"font-family: helvetica, arial, sans-serif;\"><!--more--><\/span><\/p>\n<div dir=\"auto\" style=\"text-align: justify;\"><\/div>\n<div dir=\"auto\"><\/div>\n<div dir=\"auto\" style=\"text-align: justify;\"><span style=\"font-family: helvetica, arial, sans-serif;\">Esta acci\u00f3n, orientada por el presidente Nicol\u00e1s Maduro, a trav\u00e9s del Ministerio para el Trabajo y la Gerencia Nacional del Inces, representa un acto de dignificaci\u00f3n y justicia social para los trabajadores y trabajadoras de diferentes \u00e1reas de servicio, quienes se desempe\u00f1an como instructores, maestros t\u00e9cnicos, promotores o jefes de Centros de Formaci\u00f3n Socialista (CFS).<\/span><\/div>\n<div dir=\"auto\" style=\"text-align: justify;\"><\/div>\n<div dir=\"auto\" style=\"text-align: justify;\"><span style=\"font-family: helvetica, arial, sans-serif;\">Los trabajadores del Inces Zulia se mostraron agradecidos por esta reivindicaci\u00f3n alcanzada.<\/span><\/div>\n<div dir=\"auto\"><\/div>\n<div dir=\"auto\" style=\"text-align: justify;\"><\/div>\n<div dir=\"auto\"><img loading=\"lazy\" decoding=\"async\" class=\"aligncenter wp-image-61469 size-full\" src=\"https:\/\/inces.gob.ve\/wp-content\/uploads\/2024\/11\/1001952192-e1732656020192.jpg\" alt=\"\" width=\"800\" height=\"626\" \/><\/div>\n<div dir=\"auto\"><\/div>\n<div dir=\"auto\" style=\"text-align: justify;\"><span style=\"font-family: helvetica, arial, sans-serif;\">Al respecto, Diocelina Acevedo, jefa del Centro de Formaci\u00f3n Socialista Metalminero del municipio San Francisco, expres\u00f3 su agradecimiento al presidente del Inces, Wuilkelman \u00c1ngel Paredes, por estar siempre pendiente de los trabajadores y trabajadoras y \u00abpor recibir esta titularidad de parte de la instituci\u00f3n de la cual nosotros formamos parte\u00bb, puntualiz\u00f3.\u00a0<\/span><\/div>\n<div dir=\"auto\" style=\"text-align: justify;\"><\/div>\n<div dir=\"auto\" style=\"text-align: justify;\"><span style=\"font-family: helvetica, arial, sans-serif;\">\u00abGracias al presidente Nicol\u00e1s Maduro, al presidente del Inces y a la instituci\u00f3n Inces que reivindicado el trabajo de los t\u00e9cnicos y el de todos los trabajadores\u00bb, manifest\u00f3\u00a0 Ana Villalobos, maestra t\u00e9cnica profesional del CFS Villa del Rosario.<\/span><\/div>\n<div class=\"yj6qo\" style=\"text-align: justify;\"><\/div>\n<div class=\"adL\"><\/div>\n","protected":false},"excerpt":{"rendered":"<p>**80 trabajadores y trabajadoras del Instituto Nacional de Capacitaci\u00f3n y Educaci\u00f3n Socialista (Inces) Zulia recibieron su titularidad y ascenso de cargos de manos de la Gerencia Regional de la instituci\u00f3n.<\/p>\n","protected":false},"author":15,"featured_media":61470,"comment_status":"closed","ping_status":"closed","sticky":false,"template":"","format":"standard","meta":{"footnotes":""},"categories":[2],"tags":[],"class_list":["post-61468","post","type-post","status-publish","format-standard","has-post-thumbnail","hentry","category-blog"],"_links":{"self":[{"href":"https:\/\/inces.gob.ve\/index.php\/wp-json\/wp\/v2\/posts\/61468","targetHints":{"allow":["GET"]}}],"collection":[{"href":"https:\/\/inces.gob.ve\/index.php\/wp-json\/wp\/v2\/posts"}],"about":[{"href":"https:\/\/inces.gob.ve\/index.php\/wp-json\/wp\/v2\/types\/post"}],"author":[{"embeddable":true,"href":"https:\/\/inces.gob.ve\/index.php\/wp-json\/wp\/v2\/users\/15"}],"replies":[{"embeddable":true,"href":"https:\/\/inces.gob.ve\/index.php\/wp-json\/wp\/v2\/comments?post=61468"}],"version-history":[{"count":1,"href":"https:\/\/inces.gob.ve\/index.php\/wp-json\/wp\/v2\/posts\/61468\/revisions"}],"predecessor-version":[{"id":61471,"href":"https:\/\/inces.gob.ve\/index.php\/wp-json\/wp\/v2\/posts\/61468\/revisions\/61471"}],"wp:featuredmedia":[{"embeddable":true,"href":"https:\/\/inces.gob.ve\/index.php\/wp-json\/wp\/v2\/media\/61470"}],"wp:attachment":[{"href":"https:\/\/inces.gob.ve\/index.php\/wp-json\/wp\/v2\/media?parent=61468"}],"wp:term":[{"taxonomy":"category","embeddable":true,"href":"https:\/\/inces.gob.ve\/index.php\/wp-json\/wp\/v2\/categories?post=61468"},{"taxonomy":"post_tag","embeddable":true,"href":"https:\/\/inces.gob.ve\/index.php\/wp-json\/wp\/v2\/tags?post=61468"}],"curies":[{"name":"wp","href":"https:\/\/api.w.org\/{rel}","templated":true}]}}