{"id":61528,"date":"2024-11-27T11:44:32","date_gmt":"2024-11-27T15:44:32","guid":{"rendered":"https:\/\/inces.gob.ve\/?p=61528"},"modified":"2024-11-27T18:04:37","modified_gmt":"2024-11-27T22:04:37","slug":"inces-participa-en-la-semana-global-del-emprendimiento-caracas-2024","status":"publish","type":"post","link":"https:\/\/inces.gob.ve\/index.php\/2024\/11\/27\/inces-participa-en-la-semana-global-del-emprendimiento-caracas-2024\/","title":{"rendered":"Inces participa en la Semana Global del Emprendimiento Caracas 2024"},"content":{"rendered":"<p style=\"text-align: justify;\"><em><strong><span style=\"font-family: helvetica, arial, sans-serif; font-size: 16px;\">** La actividad se estar\u00e1 realizando desde el 26 hasta el 29 de noviembre<\/span><\/strong><\/em><!--more--><\/p>\n<p>&nbsp;<\/p>\n<p style=\"text-align: justify;\"><strong><span style=\"font-family: helvetica, arial, sans-serif; font-size: 16px;\">ZULMA GAL\u00cdNDEZ<\/span><\/strong><\/p>\n<p style=\"text-align: justify;\"><span style=\"font-family: helvetica, arial, sans-serif; font-size: 16px;\">El Instituto Nacional de Capacitaci\u00f3n y Educaci\u00f3n Socialista (Inces) a trav\u00e9s de la Escuela de Emprendedores particip\u00f3 en la Semana Global del Emprendimiento Caracas 2024, actividad promovida por la Alcald\u00eda de Caracas. El encuentro se estar\u00e1 desarrollando desde el 26 hasta el 29 de noviembre en el Centro Cultural de Parque Central (antiguo cine).<\/span><\/p>\n<p>&nbsp;<\/p>\n<p><img loading=\"lazy\" decoding=\"async\" class=\"aligncenter wp-image-61565 size-large\" src=\"https:\/\/inces.gob.ve\/wp-content\/uploads\/2024\/11\/WhatsApp-Image-2024-11-27-at-4.37.36-PM-1-1024x768.jpeg\" alt=\"\" width=\"640\" height=\"480\" srcset=\"https:\/\/inces.gob.ve\/wp-content\/uploads\/2024\/11\/WhatsApp-Image-2024-11-27-at-4.37.36-PM-1-1024x768.jpeg 1024w, https:\/\/inces.gob.ve\/wp-content\/uploads\/2024\/11\/WhatsApp-Image-2024-11-27-at-4.37.36-PM-1-300x225.jpeg 300w, https:\/\/inces.gob.ve\/wp-content\/uploads\/2024\/11\/WhatsApp-Image-2024-11-27-at-4.37.36-PM-1-768x576.jpeg 768w, https:\/\/inces.gob.ve\/wp-content\/uploads\/2024\/11\/WhatsApp-Image-2024-11-27-at-4.37.36-PM-1-1536x1152.jpeg 1536w, https:\/\/inces.gob.ve\/wp-content\/uploads\/2024\/11\/WhatsApp-Image-2024-11-27-at-4.37.36-PM-1-2048x1536.jpeg 2048w, https:\/\/inces.gob.ve\/wp-content\/uploads\/2024\/11\/WhatsApp-Image-2024-11-27-at-4.37.36-PM-1-136x102.jpeg 136w\" sizes=\"auto, (max-width: 640px) 100vw, 640px\" \/><\/p>\n<p style=\"text-align: justify;\"><span style=\"font-family: helvetica, arial, sans-serif; font-size: 16px;\">.<\/span><\/p>\n<p>&nbsp;<\/p>\n<p style=\"text-align: justify;\"><span style=\"font-family: helvetica, arial, sans-serif; font-size: 16px;\">El presidente de la instituci\u00f3n Wilkenman \u00c1ngel Paredes hizo presencia en el stand dispuesto para la Escuela de Emprendedores y adem\u00e1s form\u00f3 parte del panel de invitados, junto a las autoridades de la C\u00e1mara Empresarial, conformado por la Federaci\u00f3n Nacional de Comercio (Fedecomercio) la Confederaci\u00f3n Venezolana de Industriales (Conindustria) la C\u00e1mara de Caracas, la Federaci\u00f3n de C\u00e1maras y Empresas de Venezuela (Fedeindustria).<\/span><\/p>\n<p>&nbsp;<\/p>\n<p style=\"text-align: justify;\"><span style=\"font-family: helvetica, arial, sans-serif; font-size: 16px;\">Durante su intervenci\u00f3n, \u00c1ngel dio a conocer al p\u00fablico presente las diferentes formaciones (virtual y presencial) que brinda el Inces para potenciar todas las ideas que tiene el pueblo venezolano para sumarse al nuevo modelo de econom\u00eda diversificada propuesta por el presidente Nicol\u00e1s Maduro.<\/span><\/p>\n<p>&nbsp;<\/p>\n<p style=\"text-align: justify;\"><span style=\"font-family: helvetica, arial, sans-serif; font-size: 16px;\">Puntualiz\u00f3 que la Escuela de Emprendedores en el Distrito Capital ha brindado formaci\u00f3n t\u00e9cnica a m\u00e1s de 3 mil participantes en \u00e1reas como Proyecto \u00c9tico de Vida, Elaboraci\u00f3n de Proyectos, Gesti\u00f3n de Costos, Administraci\u00f3n de Peque\u00f1as y Medianas Empresas (PYME), Marketing Digital, Edici\u00f3n de p\u00e1ginas Web, Administraci\u00f3n de Redes Sociales, Dispositivos y Herramientas de Comunicaci\u00f3n Digital, entre otros.<\/span><\/p>\n<p><img loading=\"lazy\" decoding=\"async\" class=\"aligncenter wp-image-61564 size-large\" src=\"https:\/\/inces.gob.ve\/wp-content\/uploads\/2024\/11\/WhatsApp-Image-2024-11-27-at-5.51.46-PM-1-1024x768.jpeg\" alt=\"\" width=\"640\" height=\"480\" srcset=\"https:\/\/inces.gob.ve\/wp-content\/uploads\/2024\/11\/WhatsApp-Image-2024-11-27-at-5.51.46-PM-1-1024x768.jpeg 1024w, https:\/\/inces.gob.ve\/wp-content\/uploads\/2024\/11\/WhatsApp-Image-2024-11-27-at-5.51.46-PM-1-300x225.jpeg 300w, https:\/\/inces.gob.ve\/wp-content\/uploads\/2024\/11\/WhatsApp-Image-2024-11-27-at-5.51.46-PM-1-768x576.jpeg 768w, https:\/\/inces.gob.ve\/wp-content\/uploads\/2024\/11\/WhatsApp-Image-2024-11-27-at-5.51.46-PM-1-1536x1152.jpeg 1536w, https:\/\/inces.gob.ve\/wp-content\/uploads\/2024\/11\/WhatsApp-Image-2024-11-27-at-5.51.46-PM-1-2048x1536.jpeg 2048w, https:\/\/inces.gob.ve\/wp-content\/uploads\/2024\/11\/WhatsApp-Image-2024-11-27-at-5.51.46-PM-1-136x102.jpeg 136w\" sizes=\"auto, (max-width: 640px) 100vw, 640px\" \/><\/p>\n<p>&nbsp;<\/p>\n<p style=\"text-align: justify;\"><span style=\"font-family: helvetica, arial, sans-serif; font-size: 16px;\">Los emprendedores como las autoridades de la C\u00e1mara Empresarial fueron receptivos con la informaci\u00f3n recibida, permitiendo que \u00c1ngel aprovechara el espacio para invitar a los actores que apuestan por la masificaci\u00f3n de la construcci\u00f3n econ\u00f3mica del pa\u00eds , a sumar esfuerzos para incrementar la formaci\u00f3n t\u00e9cnica acoplando los conocimientos e ideas productivas a las nuevas tecnolog\u00edas emergentes como la inteligencia artificial.<\/span><\/p>\n<p>&nbsp;<\/p>\n<p style=\"text-align: justify;\">\n<strong><span style=\"font-family: helvetica, arial, sans-serif; font-size: 16px;\">Emprendedores recibieron apoyo de la C\u00e1mara Empresarial<\/span><\/strong><\/p>\n<p style=\"text-align: justify;\"><span style=\"font-family: helvetica, arial, sans-serif; font-size: 16px;\">La participaci\u00f3n de las autoridades de la C\u00e1mara Empresarial estuvo orientada a compartir con el publico asistente los desaf\u00edos a los que se enfrenta cualquier emprendedor en sus inicios y de las satisfacciones que reciben al ser constantes con sus proyectos, logrando materializar lo que en un momento era solo un sue\u00f1o.<\/span><\/p>\n<p>&nbsp;<\/p>\n<p style=\"text-align: justify;\"><span style=\"font-family: helvetica, arial, sans-serif; font-size: 16px;\">En este sentido, el presidente de Conindustria, Luigi Pisella, expuso la experiencia de c\u00f3mo su padre lleg\u00f3 a tierras venezolanas y emprendi\u00f3 como zapatero a domicilio. Lo que comenz\u00f3 con una idea sencilla para ganarse la vida, fue ganando fuerza con los a\u00f1os, hasta convertirse en una empresa consolidada en la rama del calzado.<\/span><\/p>\n<p>&nbsp;<\/p>\n<p style=\"text-align: justify;\"><span style=\"font-family: helvetica, arial, sans-serif; font-size: 16px;\">La experiencia sirvi\u00f3 para mantener vivo el esp\u00edritu creador de los participantes, adem\u00e1s de motivarlos a ser constantes con sus proyectos, sin descuidar la educaci\u00f3n que requieren los emprendimientos en la actualidad.<\/span><\/p>\n<p>&nbsp;<\/p>\n<p style=\"text-align: justify;\"><strong><span style=\"font-family: helvetica, arial, sans-serif; font-size: 16px;\">Los emprendedores preguntaron sus inquietudes<\/span><\/strong><\/p>\n<p style=\"text-align: justify;\"><span style=\"font-family: helvetica, arial, sans-serif; font-size: 16px;\">La jornada termin\u00f3 con un ciclo de preguntas y respuestas, donde 4 participantes tuvieron la oportunidad de presentar sus inquietudes, siendo la m\u00e1s significativa el retardo en el protocolo para la entrega de documentos de una empresa.<\/span><\/p>\n<p>&nbsp;<\/p>\n<p style=\"text-align: justify;\"><span style=\"font-family: helvetica, arial, sans-serif; font-size: 16px;\">Al respecto, las autoridades exhortaron a los participantes a no desmallar y a mantener la perseverancia, ya que, es justamente la resilencia la que permite consagrar las metas propuestas.<\/span><\/p>\n<p>&nbsp;<\/p>\n<p><img loading=\"lazy\" decoding=\"async\" class=\"aligncenter wp-image-61563 size-large\" src=\"https:\/\/inces.gob.ve\/wp-content\/uploads\/2024\/11\/WhatsApp-Image-2024-11-27-at-5.51.45-PM-1024x768.jpeg\" alt=\"\" width=\"640\" height=\"480\" srcset=\"https:\/\/inces.gob.ve\/wp-content\/uploads\/2024\/11\/WhatsApp-Image-2024-11-27-at-5.51.45-PM-1024x768.jpeg 1024w, https:\/\/inces.gob.ve\/wp-content\/uploads\/2024\/11\/WhatsApp-Image-2024-11-27-at-5.51.45-PM-300x225.jpeg 300w, https:\/\/inces.gob.ve\/wp-content\/uploads\/2024\/11\/WhatsApp-Image-2024-11-27-at-5.51.45-PM-768x576.jpeg 768w, https:\/\/inces.gob.ve\/wp-content\/uploads\/2024\/11\/WhatsApp-Image-2024-11-27-at-5.51.45-PM-1536x1152.jpeg 1536w, https:\/\/inces.gob.ve\/wp-content\/uploads\/2024\/11\/WhatsApp-Image-2024-11-27-at-5.51.45-PM-2048x1536.jpeg 2048w, https:\/\/inces.gob.ve\/wp-content\/uploads\/2024\/11\/WhatsApp-Image-2024-11-27-at-5.51.45-PM-136x102.jpeg 136w\" sizes=\"auto, (max-width: 640px) 100vw, 640px\" \/><\/p>\n<p>&nbsp;<\/p>\n<p style=\"text-align: justify;\"><span style=\"font-family: helvetica, arial, sans-serif; font-size: 16px;\">Por su parte, Ilse Vallenilla indic\u00f3 que las formaciones que ofrece el Inces representa una gran oportunidad para fortalecer las \u00e1reas en las que se tenga debilidad, seg\u00fan la rama del proyecto.<\/span><\/p>\n<p>&nbsp;<\/p>\n<p style=\"text-align: justify;\"><span style=\"font-family: helvetica, arial, sans-serif; font-size: 16px;\">\u201cYo tengo un emprendimiento de manicura y las capacitaciones tecnol\u00f3gicas a distancia que tiene el Inces me sirve para dar a conocer mi emprendimiento a trav\u00e9s de mi tel\u00e9fono en la comunidad\u201d agreg\u00f3.<\/span><\/p>\n","protected":false},"excerpt":{"rendered":"<p>** La actividad se estar\u00e1 realizando desde el 26 hasta el 29 de noviembre<\/p>\n","protected":false},"author":4,"featured_media":61529,"comment_status":"closed","ping_status":"closed","sticky":false,"template":"","format":"standard","meta":{"footnotes":""},"categories":[2],"tags":[],"class_list":["post-61528","post","type-post","status-publish","format-standard","has-post-thumbnail","hentry","category-blog"],"_links":{"self":[{"href":"https:\/\/inces.gob.ve\/index.php\/wp-json\/wp\/v2\/posts\/61528","targetHints":{"allow":["GET"]}}],"collection":[{"href":"https:\/\/inces.gob.ve\/index.php\/wp-json\/wp\/v2\/posts"}],"about":[{"href":"https:\/\/inces.gob.ve\/index.php\/wp-json\/wp\/v2\/types\/post"}],"author":[{"embeddable":true,"href":"https:\/\/inces.gob.ve\/index.php\/wp-json\/wp\/v2\/users\/4"}],"replies":[{"embeddable":true,"href":"https:\/\/inces.gob.ve\/index.php\/wp-json\/wp\/v2\/comments?post=61528"}],"version-history":[{"count":4,"href":"https:\/\/inces.gob.ve\/index.php\/wp-json\/wp\/v2\/posts\/61528\/revisions"}],"predecessor-version":[{"id":61566,"href":"https:\/\/inces.gob.ve\/index.php\/wp-json\/wp\/v2\/posts\/61528\/revisions\/61566"}],"wp:featuredmedia":[{"embeddable":true,"href":"https:\/\/inces.gob.ve\/index.php\/wp-json\/wp\/v2\/media\/61529"}],"wp:attachment":[{"href":"https:\/\/inces.gob.ve\/index.php\/wp-json\/wp\/v2\/media?parent=61528"}],"wp:term":[{"taxonomy":"category","embeddable":true,"href":"https:\/\/inces.gob.ve\/index.php\/wp-json\/wp\/v2\/categories?post=61528"},{"taxonomy":"post_tag","embeddable":true,"href":"https:\/\/inces.gob.ve\/index.php\/wp-json\/wp\/v2\/tags?post=61528"}],"curies":[{"name":"wp","href":"https:\/\/api.w.org\/{rel}","templated":true}]}}