{"id":61535,"date":"2024-11-27T13:22:42","date_gmt":"2024-11-27T17:22:42","guid":{"rendered":"https:\/\/inces.gob.ve\/?p=61535"},"modified":"2024-11-27T13:26:32","modified_gmt":"2024-11-27T17:26:32","slug":"yaracuy-aprendices-de-la-ocupacion-cualificada-analista-contable-culminan-etapa-teorica","status":"publish","type":"post","link":"https:\/\/inces.gob.ve\/index.php\/2024\/11\/27\/yaracuy-aprendices-de-la-ocupacion-cualificada-analista-contable-culminan-etapa-teorica\/","title":{"rendered":"YARACUY | Aprendices de la ocupaci\u00f3n cualificada Analista Contable culminan etapa te\u00f3rica"},"content":{"rendered":"<p style=\"font-weight: 400; text-align: justify;\"><span style=\"font-family: helvetica, arial, sans-serif;\"><strong><em>***Los j\u00f3venes realizaron el cierre demostrando los conocimientos adquiridos durante el a\u00f1o formativo<\/em><\/strong><!--more--><\/span><\/p>\n<p style=\"font-weight: 400; text-align: justify;\"><span style=\"font-family: helvetica, arial, sans-serif;\"><strong>YOLAICE VARGAS<\/strong><\/span><\/p>\n<p style=\"font-weight: 400; text-align: justify;\"><span style=\"font-family: helvetica, arial, sans-serif;\">Con desarrollo de ejercicios pr\u00e1cticos aprendices del Instituto Nacional de Capacitaci\u00f3n y Educaci\u00f3n Socialista (Inces), realizaron exposici\u00f3n de cierre del a\u00f1o te\u00f3rico de la Ocupaci\u00f3n Cualificada Analista Contable,<\/span><\/p>\n<p style=\"font-weight: 400; text-align: justify;\"><span style=\"font-family: helvetica, arial, sans-serif;\">Los j\u00f3venes demostraron los conocimientos adquiridos durante todo un a\u00f1o de capacitaci\u00f3n te\u00f3rica de una forma extraordinaria, delante de padres, representantes, docentes y personal del Inces.<\/span><\/p>\n<p style=\"text-align: justify;\">\n<p style=\"text-align: justify;\"><span style=\"font-family: helvetica, arial, sans-serif;\"><img loading=\"lazy\" decoding=\"async\" class=\"aligncenter wp-image-61537 size-full\" src=\"https:\/\/inces.gob.ve\/wp-content\/uploads\/2024\/11\/Inces-1-4.jpg\" alt=\"\" width=\"548\" height=\"480\" srcset=\"https:\/\/inces.gob.ve\/wp-content\/uploads\/2024\/11\/Inces-1-4.jpg 548w, https:\/\/inces.gob.ve\/wp-content\/uploads\/2024\/11\/Inces-1-4-300x263.jpg 300w\" sizes=\"auto, (max-width: 548px) 100vw, 548px\" \/><\/span><\/p>\n<p style=\"font-weight: 400; text-align: justify;\"><span style=\"font-family: helvetica, arial, sans-serif;\">Dejando en evidencia las habilidades y el trabajo en equipo, la secuencia l\u00f3gica de los procesos contables, la digitalizaci\u00f3n de los libros contables, el manejo del \u00e1rea mercantil, administrativo y tributario de una Empresa, ejecutaron la t\u00e9cnica de manera coherente y con dominio de tema.<\/span><\/p>\n<p style=\"text-align: justify;\">\n<p style=\"text-align: justify;\">\n<p style=\"font-weight: 400; text-align: justify;\"><span style=\"font-family: helvetica, arial, sans-serif;\">D\u00eda de j\u00fabilo en el Inces Yaracuy, en virtud de ser la I cohorte de un plan de estudio gestado por talento Yaracuyano en la Mesa curricular del Inces Regional Yaracuy.<\/span><\/p>\n<p style=\"text-align: justify;\">\n<p style=\"text-align: justify;\">\n<p style=\"font-weight: 400; text-align: justify;\"><span style=\"font-family: helvetica, arial, sans-serif;\">Gracias a instructores, entidades de trabajo, equipo del Programa Nacional de Aprendizaje (PNA) y directivos se logran las metas colectivas de formaci\u00f3n de aprendices, legado del Maestro Pietro Figueroa.<\/span><\/p>\n<p style=\"text-align: justify;\">\n<p style=\"text-align: justify;\">\n<p style=\"font-weight: 400; text-align: justify;\"><span style=\"font-family: helvetica, arial, sans-serif;\">Los aprendices ahora pasan a la segunda fase de formaci\u00f3n dentro de las empresas, en donde realizan pr\u00e1cticas profesionales y se perfeccionan para incursionar al mundo del trabajo.<\/span><\/p>\n","protected":false},"excerpt":{"rendered":"<p>***Los j\u00f3venes realizaron el cierre demostrando los conocimientos adquiridos durante el a\u00f1o formativo<\/p>\n","protected":false},"author":15,"featured_media":61539,"comment_status":"closed","ping_status":"closed","sticky":false,"template":"","format":"standard","meta":{"footnotes":""},"categories":[2],"tags":[],"class_list":["post-61535","post","type-post","status-publish","format-standard","has-post-thumbnail","hentry","category-blog"],"_links":{"self":[{"href":"https:\/\/inces.gob.ve\/index.php\/wp-json\/wp\/v2\/posts\/61535","targetHints":{"allow":["GET"]}}],"collection":[{"href":"https:\/\/inces.gob.ve\/index.php\/wp-json\/wp\/v2\/posts"}],"about":[{"href":"https:\/\/inces.gob.ve\/index.php\/wp-json\/wp\/v2\/types\/post"}],"author":[{"embeddable":true,"href":"https:\/\/inces.gob.ve\/index.php\/wp-json\/wp\/v2\/users\/15"}],"replies":[{"embeddable":true,"href":"https:\/\/inces.gob.ve\/index.php\/wp-json\/wp\/v2\/comments?post=61535"}],"version-history":[{"count":3,"href":"https:\/\/inces.gob.ve\/index.php\/wp-json\/wp\/v2\/posts\/61535\/revisions"}],"predecessor-version":[{"id":61540,"href":"https:\/\/inces.gob.ve\/index.php\/wp-json\/wp\/v2\/posts\/61535\/revisions\/61540"}],"wp:featuredmedia":[{"embeddable":true,"href":"https:\/\/inces.gob.ve\/index.php\/wp-json\/wp\/v2\/media\/61539"}],"wp:attachment":[{"href":"https:\/\/inces.gob.ve\/index.php\/wp-json\/wp\/v2\/media?parent=61535"}],"wp:term":[{"taxonomy":"category","embeddable":true,"href":"https:\/\/inces.gob.ve\/index.php\/wp-json\/wp\/v2\/categories?post=61535"},{"taxonomy":"post_tag","embeddable":true,"href":"https:\/\/inces.gob.ve\/index.php\/wp-json\/wp\/v2\/tags?post=61535"}],"curies":[{"name":"wp","href":"https:\/\/api.w.org\/{rel}","templated":true}]}}