{"id":61730,"date":"2024-12-09T16:28:56","date_gmt":"2024-12-09T20:28:56","guid":{"rendered":"https:\/\/inces.gob.ve\/?p=61730"},"modified":"2024-12-10T10:51:25","modified_gmt":"2024-12-10T14:51:25","slug":"yaracauy-mujeres-ven-en-el-inces-un-espacio-de-capacitacion-y-superacion","status":"publish","type":"post","link":"https:\/\/inces.gob.ve\/index.php\/2024\/12\/09\/yaracauy-mujeres-ven-en-el-inces-un-espacio-de-capacitacion-y-superacion\/","title":{"rendered":"YARACUY |  Mujeres ven en el Inces un espacio de capacitaci\u00f3n y superaci\u00f3n"},"content":{"rendered":"<p style=\"font-weight: 400;\"><span style=\"font-family: helvetica, arial, sans-serif;\"><strong><em>** La se\u00f1ora Danitza no escatim\u00f3 en buscar refugi\u00f3 en la instituci\u00f3n para hacerle frente de una manera m\u00e1s agradable al padecimiento<\/em><\/strong><!--more--><\/span><\/p>\n<p>&nbsp;<\/p>\n<p style=\"font-weight: 400;\"><span style=\"font-family: helvetica, arial, sans-serif;\"><strong>YOLAICE VARGAS<\/strong><\/span><\/p>\n<p style=\"font-weight: 400;\"><span style=\"font-family: helvetica, arial, sans-serif;\">El Instituto Nacional de Capacitaci\u00f3n y Educaci\u00f3n Socialista (Inces), regi\u00f3n Yaracuy, se ha convertido no solo en un espacio para la formaci\u00f3n, sino adem\u00e1s una esperanza y motivaci\u00f3n para las personas que enfrentan un proceso de salud.<\/span><\/p>\n<p style=\"font-weight: 400;\"><span style=\"font-family: helvetica, arial, sans-serif;\">Tal es el caso de la se\u00f1ora Danitza Pe\u00f1a, quien al enterarse de una enfermedad cr\u00f3nica (c\u00e1ncer de mama), se refugi\u00f3 en el Inces para aprender un oficio, hacer amistades y as\u00ed llevar de una manera agradable todo el proceso del\u00a0\u00a0tratamiento.<\/span><\/p>\n<p>&nbsp;<\/p>\n<p>&nbsp;<\/p>\n<p style=\"font-weight: 400;\"><span style=\"font-family: helvetica, arial, sans-serif;\">Danitza manifest\u00f3 que el Inces le brind\u00f3 la oportunidad de capacitarse durante cuatro trimestres en el \u00e1rea textil, bajo la instrucci\u00f3n de la maestra t\u00e9cnica Katherine Ladino, quien le ense\u00f1\u00f3 la t\u00e9cnica no solo a ella sino al resto de las participantes para elaborar diversas prendas de vestir.<\/span><\/p>\n<p style=\"font-weight: 400;\"><span style=\"font-family: helvetica, arial, sans-serif;\"><img loading=\"lazy\" decoding=\"async\" class=\"aligncenter wp-image-61732 \" src=\"https:\/\/inces.gob.ve\/wp-content\/uploads\/2024\/12\/IMG-20241203-WA0110.jpg\" alt=\"\" width=\"563\" height=\"849\" srcset=\"https:\/\/inces.gob.ve\/wp-content\/uploads\/2024\/12\/IMG-20241203-WA0110.jpg 716w, https:\/\/inces.gob.ve\/wp-content\/uploads\/2024\/12\/IMG-20241203-WA0110-199x300.jpg 199w, https:\/\/inces.gob.ve\/wp-content\/uploads\/2024\/12\/IMG-20241203-WA0110-679x1024.jpg 679w\" sizes=\"auto, (max-width: 563px) 100vw, 563px\" \/><\/span><\/p>\n<p style=\"font-weight: 400;\"><span style=\"font-family: helvetica, arial, sans-serif;\">Iniciaron desde cero, con la unidad curricular patronaje, pasando por corte, luego confecci\u00f3n de ropa infantil, ropa \u00edntima, trajes, vestidos, uniformes escolares, entre otras.<\/span><\/p>\n<p style=\"font-weight: 400;\"><span style=\"font-family: helvetica, arial, sans-serif;\">En el Inces no solo las personas se capacitan, sino que adem\u00e1s crean v\u00ednculos de amistad con los participantes y maestros, el convivir de forma continua les permite estrechar lazos como una gran familia.<\/span><\/p>\n<p style=\"font-weight: 400;\"><span style=\"font-family: helvetica, arial, sans-serif;\">Para todo el personal de la instituci\u00f3n es satisfactorio conocer casos de superaci\u00f3n como el de Danitza Pe\u00f1a, quien al conocer sobre su padecimiento no se sumergi\u00f3 en la depresi\u00f3n o en el constante pensar sobre el mismo; sino que busc\u00f3 una oportunidad para crecer, aprender, capacitarse y ocupar su mente para hacer m\u00e1s llevadera su situaci\u00f3n.<\/span><\/p>\n<p style=\"font-weight: 400;\"><span style=\"font-family: helvetica, arial, sans-serif;\">Ella aplic\u00f3 la filosof\u00eda del Inces que es: la t\u00e9cnica que inspira y la esperanza que transforma.<\/span><\/p>\n","protected":false},"excerpt":{"rendered":"<p>** La se\u00f1ora Danitza no escatim\u00f3 en buscar refugi\u00f3 en la instituci\u00f3n para hacerle frente de una manera m\u00e1s agradable al padecimiento<\/p>\n","protected":false},"author":15,"featured_media":61731,"comment_status":"closed","ping_status":"closed","sticky":false,"template":"","format":"standard","meta":{"footnotes":""},"categories":[2],"tags":[],"class_list":["post-61730","post","type-post","status-publish","format-standard","has-post-thumbnail","hentry","category-blog"],"_links":{"self":[{"href":"https:\/\/inces.gob.ve\/index.php\/wp-json\/wp\/v2\/posts\/61730","targetHints":{"allow":["GET"]}}],"collection":[{"href":"https:\/\/inces.gob.ve\/index.php\/wp-json\/wp\/v2\/posts"}],"about":[{"href":"https:\/\/inces.gob.ve\/index.php\/wp-json\/wp\/v2\/types\/post"}],"author":[{"embeddable":true,"href":"https:\/\/inces.gob.ve\/index.php\/wp-json\/wp\/v2\/users\/15"}],"replies":[{"embeddable":true,"href":"https:\/\/inces.gob.ve\/index.php\/wp-json\/wp\/v2\/comments?post=61730"}],"version-history":[{"count":6,"href":"https:\/\/inces.gob.ve\/index.php\/wp-json\/wp\/v2\/posts\/61730\/revisions"}],"predecessor-version":[{"id":61759,"href":"https:\/\/inces.gob.ve\/index.php\/wp-json\/wp\/v2\/posts\/61730\/revisions\/61759"}],"wp:featuredmedia":[{"embeddable":true,"href":"https:\/\/inces.gob.ve\/index.php\/wp-json\/wp\/v2\/media\/61731"}],"wp:attachment":[{"href":"https:\/\/inces.gob.ve\/index.php\/wp-json\/wp\/v2\/media?parent=61730"}],"wp:term":[{"taxonomy":"category","embeddable":true,"href":"https:\/\/inces.gob.ve\/index.php\/wp-json\/wp\/v2\/categories?post=61730"},{"taxonomy":"post_tag","embeddable":true,"href":"https:\/\/inces.gob.ve\/index.php\/wp-json\/wp\/v2\/tags?post=61730"}],"curies":[{"name":"wp","href":"https:\/\/api.w.org\/{rel}","templated":true}]}}