{"id":61764,"date":"2024-12-10T16:59:56","date_gmt":"2024-12-10T20:59:56","guid":{"rendered":"https:\/\/inces.gob.ve\/?p=61764"},"modified":"2024-12-14T20:51:01","modified_gmt":"2024-12-15T00:51:01","slug":"somos-inces-radio-celebro-su-octavo-aniversario-en-el-compromiso-con-la-comunicacion","status":"publish","type":"post","link":"https:\/\/inces.gob.ve\/index.php\/2024\/12\/10\/somos-inces-radio-celebro-su-octavo-aniversario-en-el-compromiso-con-la-comunicacion\/","title":{"rendered":"Somos Inces Radio celebr\u00f3 su octavo aniversario en el compromiso con la comunicaci\u00f3n"},"content":{"rendered":"<p style=\"text-align: justify;\" align=\"center\"><strong><span style=\"font-family: helvetica, arial, sans-serif;\"><i>*<span style=\"font-family: helvetica, arial, sans-serif;\">* Este programa es el \u00fanico en el pa\u00eds dedicado a difundir los logros y los avances de la formaci\u00f3n t\u00e9cnica profesional<\/span><\/i><\/span><\/strong><span style=\"font-family: helvetica, arial, sans-serif;\"><!--more--><\/span><\/p>\n<p style=\"text-align: justify;\" align=\"justify\"><span style=\"font-family: helvetica, arial, sans-serif;\">El programa\u00a0<b>Somos Inces Radio\u00a0<\/b>que semanalmente se transmite por\u00a0<b>Radio Miraflores 95.9 FM<\/b>\u00a0est\u00e1 en su octavo aniversario, una ocasi\u00f3n para que el equipo productor de este radiof\u00f3nico presentara una din\u00e1mica de conversaciones y entrevistas encabezada en esta oportunidad por el presidente de la instituci\u00f3n, Wuikelman Angel Paredes, con la presencia adem\u00e1s de su equipo colaborador encabezado por Jessica Lugo, Longina Tovar, Jos\u00e9 Luis Mart\u00ednez y Luis Angel Mart\u00ednez.<\/span><\/p>\n<p style=\"text-align: justify;\" align=\"justify\"><span style=\"font-family: helvetica, arial, sans-serif;\">Somos Inces Radio es conducido por\u00a0<b>Luis J. Gonz\u00e1lez\u00a0<\/b><b>C.,\u00a0<\/b>un joven periodista radial que se ha hecho acompa\u00f1ar de un grupo profesional de poca experiencia en el medio, una manera de darle oportunidad a j\u00f3venes locutores y a estudiantes de la comunicaci\u00f3n como futuros profesionales de la locuci\u00f3n radial.<\/span><\/p>\n<p style=\"text-align: justify;\" align=\"justify\"><span style=\"font-family: helvetica, arial, sans-serif;\"><img loading=\"lazy\" decoding=\"async\" class=\"aligncenter wp-image-61766 size-full\" src=\"https:\/\/inces.gob.ve\/wp-content\/uploads\/2024\/12\/inces-3-e1733864250638.jpeg\" alt=\"\" width=\"800\" height=\"600\" \/><\/span><\/p>\n<p style=\"text-align: justify;\" align=\"justify\"><span style=\"font-family: helvetica, arial, sans-serif;\">Durante dos horas, el octavo aniversario del programa transcurri\u00f3 entre an\u00e9cdotas e historias relacionadas de c\u00f3mo fue este radial de corte institucional en sus primeros momentos, <\/span><span style=\"font-family: helvetica, arial, sans-serif;\">como lo precisa el titular de la instituci\u00f3n, \u201cpara difundir los avances que ha tenido el Inces como entidad formativa para los j\u00f3venes venezolanos y para visibilizar esa gesti\u00f3n interinstitucional y acompa\u00f1amiento a las misiones sociales que fueron implementadas por el Ejecutivo Nacional\u201d.<\/span><\/p>\n<p style=\"text-align: justify;\" align=\"justify\"><span style=\"font-family: helvetica, arial, sans-serif;\">Precisamente, los primeros en hablar de experiencia radial fueron los hoy profesionales, G\u00e9nesis Gonz\u00e1lez y Santiago Gonz\u00e1lez, fundadores del programa cuando apenas eran j\u00f3venes aprendices. En la actualidad G\u00e9nesis es publicista y Santiago un locutor con algunos a\u00f1os como profesional. Ambos, fueron captados para que prestaran su voz a las promociones de Somos Inces Radio y como anclas de un grupo de voceros que en aquella oportunidad estaban al frente de la federaci\u00f3n de aprendices del Programa Nacional de Aprendizaje.<\/span><\/p>\n<p style=\"text-align: justify;\" align=\"justify\"><span style=\"font-family: helvetica, arial, sans-serif;\">Como era de esperarse, desde distintos puntos del pa\u00eds, hubo contactos con los asesores comunicacionales del Inces desde las ciudades de M\u00e9rida, San Crist\u00f3bal, San Juan de Los Morros, San Carlos, Maracay, Valencia, Caracas y Miranda.<\/span><\/p>\n<p style=\"text-align: justify;\" align=\"justify\"><span style=\"font-family: helvetica, arial, sans-serif;\"><b>Jessica Lugo: Una escuela de radio<\/b><\/span><\/p>\n<p style=\"text-align: justify;\" align=\"justify\"><span style=\"font-family: helvetica, arial, sans-serif;\">Somos Inces Radio, como lo expresa Jessica Lugo \u201ces una escuela de hacer radio\u201d, ya que por propia experiencia as\u00ed lo percibe, <\/span><span style=\"font-family: helvetica, arial, sans-serif;\">pues, en los primeros programas era la encargada de interactuar con el p\u00fablico por las redes sociales, hoy dirige el equipo de Comunicaci\u00f3n y de Relaciones P\u00fablicas del Inces a trav\u00e9s de la gerencia de Relaciones P\u00fablicas.<\/span><\/p>\n<p style=\"text-align: justify;\" align=\"justify\"><span style=\"font-family: helvetica, arial, sans-serif;\">\u201cHoy el programa permite hacer saber a los j\u00f3venes qu\u00e9 es, qu\u00e9 hace y qu\u00e9 ofrece el Inces como entidad formativa a los j\u00f3venes del Siglo XXI en el prop\u00f3sito de afianzar la formaci\u00f3n t\u00e9cnica profesional; este programa ha sido una ventana o el espacio para que el pa\u00eds se sensibilice con los programas de la Instituci\u00f3n\u201d.<\/span><\/p>\n<p style=\"text-align: justify;\" align=\"justify\"><span style=\"font-family: helvetica, arial, sans-serif;\">Longina Tovar, Jefa de prensa del Inces y una de las conductoras estelares del programa, considera que es importante la formaci\u00f3n y la actualizaci\u00f3n permanente, \u201cprecisamente hoy cuando las tecnolog\u00edas cambian de un momento a otro\u201d.<\/span><\/p>\n<p style=\"text-align: justify;\" align=\"justify\"><span style=\"font-family: helvetica, arial, sans-serif;\">Como tema de actualidad, Longina Tovar inform\u00f3 que hace apenas unos d\u00edas el equipo de comunicaci\u00f3n estuvo acompa\u00f1ando la presencia del Inces en la Feria Internacional de Turismo 2024 en el estado T\u00e1chira; un evento donde los visitantes al stand institucional tuvieron la oportunidad de conocer del Inces, y donde tambi\u00e9n, el presidente Wuikelman Angel estuvo de panelista hablando del <\/span><span style=\"font-family: helvetica, arial, sans-serif;\">tema de la educaci\u00f3n y de la formaci\u00f3n para el turismo, acompa\u00f1ado del ministro de Educaci\u00f3n Universitaria Ricardo S\u00e1nchez y la rectora de Unatur Azucena Jaspe.<\/span><\/p>\n<p style=\"text-align: justify;\" align=\"justify\"><span style=\"font-family: helvetica, arial, sans-serif;\">Tovar revel\u00f3 que con ambos funcionarios, el Inces renov\u00f3 el convenio formativo Inces-Mintur con la suscripci\u00f3n de la ministra de Turismo Leticia G\u00f3mez; tambi\u00e9n firm\u00f3 una Carta de Intenci\u00f3n con la Universidad Polit\u00e9cnica Territorial Andr\u00e9s Eloy Blanco del estado Lara.<\/span><\/p>\n<p style=\"text-align: justify;\" align=\"justify\"><span style=\"font-family: helvetica, arial, sans-serif;\">El presidente del Inces tom\u00f3 el micr\u00f3fono para dar parte de lo que ha sido su gesti\u00f3n durante este a\u00f1o 2024. Manifest\u00f3 que al inicio del a\u00f1o dio tres grandes orientaciones a partir de lo planificado por el Gobierno Bolivariano y que tributa de manera directa con las Grandes Misiones, entre ellas, Venezuela Mujer y Venezuela Joven. Angel afirm\u00f3 que a trav\u00e9s de esta iniciativa se formaron m\u00e1s de un mill\u00f3n de mujeres y un mill\u00f3n trescientos mil j\u00f3venes durante todo el a\u00f1o 2024.<\/span><\/p>\n<p style=\"text-align: justify;\" align=\"justify\"><span style=\"font-family: helvetica, arial, sans-serif;\"><img loading=\"lazy\" decoding=\"async\" class=\"aligncenter wp-image-61767 \" src=\"https:\/\/inces.gob.ve\/wp-content\/uploads\/2024\/12\/1-e1733864301463.jpeg\" alt=\"\" width=\"501\" height=\"669\" \/><br \/>\n<\/span><\/p>\n<p style=\"text-align: justify;\" align=\"justify\"><span style=\"font-family: helvetica, arial, sans-serif;\">El titular mencion\u00f3 el trabajo con el Programa Nacional de Aprendizaje, programa donde se logr\u00f3 la incorporaci\u00f3n de m\u00e1s de 16.000 j\u00f3venes en la dupla formativa Inces-entidad de trabajo<\/span><\/p>\n<p style=\"text-align: justify;\" align=\"justify\"><span style=\"font-family: helvetica, arial, sans-serif;\">\u201cComo balance podemos decir que nuestro Campus Virtual no ha parado de crecer y las personas pueden inscribirse, y desde su casa formarse, adem\u00e1s del lanzamiento de la IncesAPP a trav\u00e9s de la tienda <em>android store,<\/em> donde podr\u00e1s ver todas las ofertas formativas que tiene el Inces e inscribirte en los lugares y horarios que m\u00e1s convengan.\u201d<\/span><\/p>\n<p style=\"text-align: justify;\" align=\"justify\"><span style=\"font-family: helvetica, arial, sans-serif;\">Somos Inces Radio es el \u00fanico en el pa\u00eds dedicado a difundir los logros y los avances de la formaci\u00f3n t\u00e9cnica profesional.<\/span><\/p>\n","protected":false},"excerpt":{"rendered":"<p>** Este programa es el \u00fanico en el pa\u00eds dedicado a difundir los logros y los avances de la formaci\u00f3n t\u00e9cnica profesional<\/p>\n","protected":false},"author":15,"featured_media":61766,"comment_status":"closed","ping_status":"closed","sticky":false,"template":"","format":"standard","meta":{"footnotes":""},"categories":[2],"tags":[],"class_list":["post-61764","post","type-post","status-publish","format-standard","has-post-thumbnail","hentry","category-blog"],"_links":{"self":[{"href":"https:\/\/inces.gob.ve\/index.php\/wp-json\/wp\/v2\/posts\/61764","targetHints":{"allow":["GET"]}}],"collection":[{"href":"https:\/\/inces.gob.ve\/index.php\/wp-json\/wp\/v2\/posts"}],"about":[{"href":"https:\/\/inces.gob.ve\/index.php\/wp-json\/wp\/v2\/types\/post"}],"author":[{"embeddable":true,"href":"https:\/\/inces.gob.ve\/index.php\/wp-json\/wp\/v2\/users\/15"}],"replies":[{"embeddable":true,"href":"https:\/\/inces.gob.ve\/index.php\/wp-json\/wp\/v2\/comments?post=61764"}],"version-history":[{"count":11,"href":"https:\/\/inces.gob.ve\/index.php\/wp-json\/wp\/v2\/posts\/61764\/revisions"}],"predecessor-version":[{"id":61778,"href":"https:\/\/inces.gob.ve\/index.php\/wp-json\/wp\/v2\/posts\/61764\/revisions\/61778"}],"wp:featuredmedia":[{"embeddable":true,"href":"https:\/\/inces.gob.ve\/index.php\/wp-json\/wp\/v2\/media\/61766"}],"wp:attachment":[{"href":"https:\/\/inces.gob.ve\/index.php\/wp-json\/wp\/v2\/media?parent=61764"}],"wp:term":[{"taxonomy":"category","embeddable":true,"href":"https:\/\/inces.gob.ve\/index.php\/wp-json\/wp\/v2\/categories?post=61764"},{"taxonomy":"post_tag","embeddable":true,"href":"https:\/\/inces.gob.ve\/index.php\/wp-json\/wp\/v2\/tags?post=61764"}],"curies":[{"name":"wp","href":"https:\/\/api.w.org\/{rel}","templated":true}]}}