{"id":61847,"date":"2024-12-17T13:47:15","date_gmt":"2024-12-17T17:47:15","guid":{"rendered":"https:\/\/inces.gob.ve\/?p=61847"},"modified":"2024-12-17T19:53:35","modified_gmt":"2024-12-17T23:53:35","slug":"el-inces-apuesta-por-carreras-cortas-ia-y-produccion-con-calidad-de-exportacion","status":"publish","type":"post","link":"https:\/\/inces.gob.ve\/index.php\/2024\/12\/17\/el-inces-apuesta-por-carreras-cortas-ia-y-produccion-con-calidad-de-exportacion\/","title":{"rendered":"Inces analiza tendencias para la formaci\u00f3n t\u00e9cnica en 2025"},"content":{"rendered":"<p><strong><span style=\"font-family: helvetica, arial, sans-serif;\">JESSICA DOS SANTOS<\/span><\/strong><\/p>\n<p style=\"text-align: justify;\"><span style=\"font-weight: 400; font-family: helvetica, arial, sans-serif; font-size: 16px;\">Este mi\u00e9rcoles 11 de diciembre se realiz\u00f3 el conversatorio \u201cTendencias Venezuela 2025: Un GPS para la Formaci\u00f3n T\u00e9cnica Profesional\u201d, organizado por el Instituto Nacional de Capacitaci\u00f3n y Educaci\u00f3n Socialista (Inces) con la presencia de ponentes expertos en el \u00e1rea.<\/span><\/p>\n<p>&nbsp;<\/p>\n<p style=\"text-align: justify;\"><span style=\"font-weight: 400; font-family: helvetica, arial, sans-serif; font-size: 16px;\">El presidente de la instituci\u00f3n, Wuikelman Angel \u00a0Paredes, expuso la necesidad\u00a0de una articulaci\u00f3n obligatoria entre el sector industrial, tecnol\u00f3gico y humano para asumir los cambios que se avecinan y destac\u00f3 las cifras obtenidas por el Inces durante el 2024.<\/span><\/p>\n<p>&nbsp;<\/p>\n<p style=\"text-align: justify;\"><span style=\"font-weight: 400; font-family: helvetica, arial, sans-serif; font-size: 16px;\">\u201cEste a\u00f1o por primera vez superamos el mill\u00f3n de formaciones y estamos cerquita de alcanzar las dos millones gracias a la combinaci\u00f3n de estrategias y la articulaci\u00f3n con los sectores productivos, trabajadores, estudiantiles, c\u00e1maras empresariales e industriales as\u00ed como medios de comunicaci\u00f3n\u201d, expres\u00f3.<\/span><\/p>\n<p>&nbsp;<\/p>\n<p style=\"text-align: justify;\"><span style=\"font-weight: 400; font-family: helvetica, arial, sans-serif; font-size: 16px;\">Esta cifra contempla 1.047.021 formaciones realizadas por mujeres y 1.277.379 por j\u00f3venes. Actualmente, el Inces dispone de 497 formaciones tanto virtuales como presenciales.\u00a0<\/span><\/p>\n<p>&nbsp;<\/p>\n<p style=\"text-align: justify;\"><span style=\"font-weight: 400; font-family: helvetica, arial, sans-serif; font-size: 16px;\">Al respecto, Angel agreg\u00f3 que durante el 2025 la instituci\u00f3n se enfocar\u00e1 en acompa\u00f1ar a los j\u00f3venes en el descubrimiento de sus vocaciones pero tambi\u00e9n trabajar\u00e1 \u201cpara dar respuesta a las formaciones que el pa\u00eds requiere\u201d incluyendo la materia tecnol\u00f3gica e inform\u00e1tica enfocada en el desarrollo de software, ciberseguridad, creaci\u00f3n de apps.<\/span><\/p>\n<p>&nbsp;<\/p>\n<p style=\"text-align: justify;\"><span style=\"font-weight: 400; font-family: helvetica, arial, sans-serif; font-size: 16px;\">En materia de aplicaciones, invit\u00f3 a todos los sectores de la sociedad a descargar \u2018Inces App\u2019, una innovadora y gratuita herramienta dise\u00f1ada para optimizar el acceso a su oferta formativa, la cual se encuentra disponible en PlayStore y AppStore.<\/span><\/p>\n<p>&nbsp;<\/p>\n<p style=\"text-align: justify;\"><span style=\"font-family: helvetica, arial, sans-serif; font-size: 16px;\"><b>Producir con calidad de exportaci\u00f3n<\/b><\/span><\/p>\n<p style=\"text-align: justify;\"><span style=\"font-family: helvetica, arial, sans-serif; font-size: 16px;\"><span style=\"font-weight: 400;\">Por su parte, el vicepresidente de finanzas de\u00a0<\/span><span style=\"font-weight: 400;\">Fedeindustria<\/span><span style=\"font-weight: 400;\">, Rafael Sarcina, afirm\u00f3 que el Inces se convirti\u00f3 en \u201cun gran apoyo para el sector industrial\u201d y <\/span><span style=\"font-weight: 400;\">dio fe de \u201cegresados medios que ahora son gerentes de grandes corporaciones\u201d.<\/span><\/span><\/p>\n<p>&nbsp;<\/p>\n<p style=\"text-align: justify;\"><span style=\"font-weight: 400; font-family: helvetica, arial, sans-serif; font-size: 16px;\">En efecto, la principal demanda de formaciones del Inces proviene de comercios y servicios (54%), industria (21%) e investigaci\u00f3n, desarrollo, innovaci\u00f3n y formaci\u00f3n (18%).\u00a0<\/span><\/p>\n<p>&nbsp;<\/p>\n<p style=\"text-align: justify;\"><span style=\"font-weight: 400; font-family: helvetica, arial, sans-serif; font-size: 16px;\">A juicio de Sarcina, este trabajo conjunto ha permitido la mejora econ\u00f3mica del pa\u00eds mediante la producci\u00f3n nacional. \u201cHay sectores que son m\u00e1s f\u00e1ciles porque tienen acceso a materias primas locales, como calzado, cosm\u00e9tico, y textiles. La cobertura de estos \u00e1mbitos es 100% con producci\u00f3n nacional. Ahora trabajamos en el sector qu\u00edmico y metal\u00fargico\u201d.\u00a0<\/span><\/p>\n<p>&nbsp;<\/p>\n<p style=\"text-align: justify;\"><span style=\"font-weight: 400; font-family: helvetica, arial, sans-serif; font-size: 16px;\">De igual forma, Sarcina enfatiz\u00f3 la importancia de lograr que la producci\u00f3n venezolana alcance \u201ccalidad de exportaci\u00f3n\u201d para lo cual se requiere \u201cmano de obra formada y capacitada\u201d como la que brinda el Inces, una instituci\u00f3n de la cual tambi\u00e9n podr\u00edan surgir \u201cemprendedores que se conviertan en futuros empresarios\u201d.<\/span><\/p>\n<p>&nbsp;<\/p>\n<p style=\"text-align: justify;\"><span style=\"font-family: helvetica, arial, sans-serif; font-size: 16px;\"><b>Innovar mediante el uso de IA\u00a0<\/b><\/span><\/p>\n<p style=\"text-align: justify;\"><span style=\"font-family: helvetica, arial, sans-serif; font-size: 16px;\"><span style=\"font-weight: 400;\">En la misma l\u00ednea, <\/span><span style=\"font-weight: 400;\">\u00a0el fundador de\u00a0Startcoaching y Licenciado en Ciencias de la Computaci\u00f3n, Esteban Reyes Marcano, afirm\u00f3 que el Inces debe apoyar a los j\u00f3venes venezolanos en el desarrollo de una mentalidad emprendedora, que est\u00e9 dispuesta a innovar, mediante el uso de la tecnolog\u00eda y la inteligencia artificial (IA).<\/span><\/span><\/p>\n<p>&nbsp;<\/p>\n<p style=\"text-align: justify;\"><span style=\"font-weight: 400; font-family: helvetica, arial, sans-serif; font-size: 16px;\">\u201cHay que hacer una lectura precisa y profesional del tema, se vende que la IA har\u00e1 cosas incre\u00edbles, pero todav\u00eda no tenemos consciencia de lo que es la IA, debemos estudiarla, saber qu\u00e9 hace, comprender los algoritmos nuevos que son capaces de aprender a trav\u00e9s de entrenamientos, aprovecharla\u201d, explic\u00f3.<\/span><\/p>\n<p>&nbsp;<\/p>\n<p style=\"text-align: justify;\"><span style=\"font-family: helvetica, arial, sans-serif; font-size: 16px;\"><span style=\"font-weight: 400;\">Marcano expuso, por ejemplo, el impacto que la IA ha tenido en el ajedrez y la forma en que los jugadores de \u00e9lite establecen sus estrategias.<\/span><b>\u00a0<\/b><span style=\"font-weight: 400;\">De hecho, pr\u00e1cticamente todos los Grandes Maestros de primer nivel (con ratings FIDE por encima de 2700) utilizan herramientas de IA para analizar sus partidas y jugar en consecuencia.\u00a0\u00a0<\/span><\/span><\/p>\n<p>&nbsp;<\/p>\n<p style=\"text-align: justify;\"><span style=\"font-family: helvetica, arial, sans-serif; font-size: 16px;\"><span style=\"font-weight: 400;\">El experto resalt\u00f3 el caso de Faustino Oro,\u00a0 un<\/span><span style=\"font-weight: 400;\"> argentino que con tan solo\u00a010 a\u00f1os se convirti\u00f3 en el Maestro Internacional de ajedrez m\u00e1s joven de la historia tras empezar a jugar con la IA durante la pandemia de COVID.\u00a0<\/span><\/span><\/p>\n<p>&nbsp;<\/p>\n<p style=\"text-align: justify;\"><span style=\"font-family: helvetica, arial, sans-serif; font-size: 16px;\"><b>Repensar la educaci\u00f3n<\/b><\/span><\/p>\n<p style=\"text-align: justify;\"><span style=\"font-weight: 400; font-family: helvetica, arial, sans-serif; font-size: 16px;\">Mientras tanto, el soci\u00f3logo y analista pol\u00edtico, Ociel L\u00f3pez, agreg\u00f3 que, adem\u00e1s de la tecnolog\u00eda y la IA, la econom\u00eda global y el mundo multipolar requiere que vuelva el inter\u00e9s por la formaci\u00f3n acad\u00e9mica y surjan \u201ccarreras cortas y t\u00e9cnicas que den una respuesta inmediata a las necesidades de crecimiento de los j\u00f3venes de hoy en d\u00eda\u201d.<\/span><\/p>\n<p>&nbsp;<\/p>\n<p style=\"text-align: justify;\"><span style=\"font-weight: 400; font-family: helvetica, arial, sans-serif; font-size: 16px;\">Para L\u00f3pez, en este momento no hay que imaginar grandes horizontes sino resolver los temas urgentes y proyectar formas educativas y de viva totalmente diferentes al imaginario establecido: \u201cHay oficios t\u00e9cnicos profesionales tradicionales que se necesitan nuevamente. En cuanto a la rob\u00f3tica, la IA y todas las ramas ciber, debemos ir a nuestro ritmo, y no concebirlas como carreras aut\u00f3nomas sino como \u00e1reas transversales\u201d.<\/span><\/p>\n<p>&nbsp;<\/p>\n<p style=\"text-align: justify;\"><span style=\"font-weight: 400; font-family: helvetica, arial, sans-serif; font-size: 16px;\">El experto trajo a colaci\u00f3n que la encuesta ENCOVI 2023 hall\u00f3 que los adolescentes prefieren trabajar que estudiar: \u201cY lo econ\u00f3mico no es la principal raz\u00f3n para dejar los estudios, sino por el ambiente escolar, las expectativas, hoy prefieren carreras cortas\u201d.<\/span><\/p>\n<p>&nbsp;<\/p>\n<p style=\"text-align: justify;\"><span style=\"font-weight: 400; font-family: helvetica, arial, sans-serif; font-size: 16px;\">A la par, agreg\u00f3 que una investigaci\u00f3n de Semeruco expone el poco inter\u00e9s de los j\u00f3venes con edades comprendidas entre los 17 a 24 a\u00f1os por la universidad, en contraposici\u00f3n con la revalorizaci\u00f3n que hacen de los microcr\u00e9ditos y el rechazo al Estado como fuente de financiamiento.\u00a0<\/span><\/p>\n<p>&nbsp;<\/p>\n<p style=\"text-align: justify;\"><span style=\"font-weight: 400; font-family: helvetica, arial, sans-serif; font-size: 16px;\">L\u00f3pez agreg\u00f3 que hoy es importante exponer que \u201cuna persona puede adquirir una moto con apenas 100 d\u00f3lares, hacer delivery y conseguir un capital b\u00e1sico, pero si a eso le sumas una formaci\u00f3n t\u00e9cnica, escalar\u00eda productivamente\u201d.<\/span><\/p>\n<p>&nbsp;<\/p>\n<p style=\"text-align: justify;\"><span style=\"font-weight: 400; font-family: helvetica, arial, sans-serif; font-size: 16px;\">En consonancia con esto, durante 2024, el INCES realiz\u00f3 136.000 formaciones en el \u00e1rea digital y ampli\u00f3 su oferta a m\u00e1s de 600 planes educativos con los m\u00e1s altos est\u00e1ndares internacionales.<\/span><\/p>\n<p>&nbsp;<\/p>\n<p style=\"text-align: justify;\"><span style=\"font-weight: 400; font-family: helvetica, arial, sans-serif; font-size: 16px;\">Cualquier persona, sin importar la edad, puede registrarse en los cursos del INCES, lo \u00fanico que debe hacer es participar activamente y aprobar las unidades curriculares para obtener su certificaci\u00f3n.<\/span><\/p>\n<p style=\"text-align: justify;\">\n","protected":false},"excerpt":{"rendered":"<p>JESSICA DOS SANTOS Este mi\u00e9rcoles 11 de diciembre se realiz\u00f3 el conversatorio \u201cTendencias Venezuela 2025: Un GPS para la Formaci\u00f3n T\u00e9cnica Profesional\u201d, organizado por el Instituto Nacional de Capacitaci\u00f3n y Educaci\u00f3n Socialista (Inces) con la presencia de ponentes expertos en el \u00e1rea. &nbsp; El presidente de la instituci\u00f3n, Wuikelman Angel \u00a0Paredes, expuso la necesidad\u00a0de una [&hellip;]<\/p>\n","protected":false},"author":4,"featured_media":61822,"comment_status":"closed","ping_status":"closed","sticky":false,"template":"","format":"standard","meta":{"footnotes":""},"categories":[2],"tags":[],"class_list":["post-61847","post","type-post","status-publish","format-standard","has-post-thumbnail","hentry","category-blog"],"_links":{"self":[{"href":"https:\/\/inces.gob.ve\/index.php\/wp-json\/wp\/v2\/posts\/61847","targetHints":{"allow":["GET"]}}],"collection":[{"href":"https:\/\/inces.gob.ve\/index.php\/wp-json\/wp\/v2\/posts"}],"about":[{"href":"https:\/\/inces.gob.ve\/index.php\/wp-json\/wp\/v2\/types\/post"}],"author":[{"embeddable":true,"href":"https:\/\/inces.gob.ve\/index.php\/wp-json\/wp\/v2\/users\/4"}],"replies":[{"embeddable":true,"href":"https:\/\/inces.gob.ve\/index.php\/wp-json\/wp\/v2\/comments?post=61847"}],"version-history":[{"count":5,"href":"https:\/\/inces.gob.ve\/index.php\/wp-json\/wp\/v2\/posts\/61847\/revisions"}],"predecessor-version":[{"id":61852,"href":"https:\/\/inces.gob.ve\/index.php\/wp-json\/wp\/v2\/posts\/61847\/revisions\/61852"}],"wp:featuredmedia":[{"embeddable":true,"href":"https:\/\/inces.gob.ve\/index.php\/wp-json\/wp\/v2\/media\/61822"}],"wp:attachment":[{"href":"https:\/\/inces.gob.ve\/index.php\/wp-json\/wp\/v2\/media?parent=61847"}],"wp:term":[{"taxonomy":"category","embeddable":true,"href":"https:\/\/inces.gob.ve\/index.php\/wp-json\/wp\/v2\/categories?post=61847"},{"taxonomy":"post_tag","embeddable":true,"href":"https:\/\/inces.gob.ve\/index.php\/wp-json\/wp\/v2\/tags?post=61847"}],"curies":[{"name":"wp","href":"https:\/\/api.w.org\/{rel}","templated":true}]}}