{"id":61878,"date":"2024-12-20T20:23:15","date_gmt":"2024-12-21T00:23:15","guid":{"rendered":"https:\/\/inces.gob.ve\/?p=61878"},"modified":"2024-12-20T20:23:15","modified_gmt":"2024-12-21T00:23:15","slug":"falcon-inces-entrego-60-certificados-en-la-comunidad-de-santa-ana","status":"publish","type":"post","link":"https:\/\/inces.gob.ve\/index.php\/2024\/12\/20\/falcon-inces-entrego-60-certificados-en-la-comunidad-de-santa-ana\/","title":{"rendered":"FALC\u00d3N | Inces entreg\u00f3 60 certificados en la comunidad de Santa Ana"},"content":{"rendered":"<div dir=\"auto\" style=\"text-align: justify;\"><span style=\"font-family: helvetica, arial, sans-serif;\"><em><strong>**Los participantes realizan el perfil productivo laboral: Panadero\u00a0<\/strong><\/em><\/span><\/div>\n<p style=\"text-align: justify;\"><span style=\"font-family: helvetica, arial, sans-serif;\"><!--more--><\/span><\/p>\n<div dir=\"auto\" style=\"text-align: justify;\"><\/div>\n<div dir=\"auto\" style=\"text-align: justify;\"><\/div>\n<div dir=\"auto\" style=\"text-align: justify;\"><\/div>\n<div dir=\"auto\" style=\"text-align: justify;\"><strong><span style=\"font-family: helvetica, arial, sans-serif;\">MIRIAM GONZ\u00c1LEZ VILLARROEL<\/span><\/strong><\/div>\n<div dir=\"auto\" style=\"text-align: justify;\"><span style=\"font-family: helvetica, arial, sans-serif;\">El Instituto Nacional de Capacitaci\u00f3n y Educaci\u00f3n Socialista (Inces) llev\u00f3 a cabo una jornada de entrega de certificados en la comunidad de Santa Ana, dirigida a sesenta participantes que realizan el perfil productivo laboral:\u00a0 Panadero, con el talento de la maestra Yajaira D\u00e1vila.<\/span><\/div>\n<div dir=\"auto\"><\/div>\n<div dir=\"auto\" style=\"text-align: justify;\"><\/div>\n<div dir=\"auto\" style=\"text-align: justify;\"><span style=\"font-family: helvetica, arial, sans-serif;\">En el evento, que se realiz\u00f3 en las instalaciones de Inparques, recibi\u00f3 certificados el personal de Inparques, as\u00ed como tambi\u00e9n participantes de las comunidades de Barlovento, Santana y La Rinconada, que culminaron los aprendizajes sobre T\u00e9cnicas de Procesamiento de Productos de Boller\u00eda de Harinas Alternativas.<\/span><\/div>\n<div dir=\"auto\"><\/div>\n<div dir=\"auto\" style=\"text-align: justify;\"><\/div>\n<div dir=\"auto\" style=\"text-align: justify;\"><span style=\"font-family: helvetica, arial, sans-serif;\">Los futuros panaderos, han acumulado m\u00e1s 360 horas de aprendizajes productivos, que les permite a los hombres y mujere obtener las habilidades, t\u00e9cnicas, destrezas y herramientas necesarias para incursionar en este\u00a0 oficio del \u00e1rea gastron\u00f3mica muy demandado por los sectores sociales que quieren emprender y generar ingresos econ\u00f3micos.<\/span><\/div>\n<div dir=\"auto\"><\/div>\n<div dir=\"auto\" style=\"text-align: justify;\"><\/div>\n<div dir=\"auto\" style=\"text-align: justify;\"><span style=\"font-family: helvetica, arial, sans-serif;\">La actividad cont\u00f3 con la presencia de Eneyda Mart\u00ednez Rodr\u00edguez, gerente regional del Inces Falc\u00f3n y Elis Colina Bracho, jefe del Centro de Formaci\u00f3n Socialista \u00abAli Primera\u00bb, quienes acompa\u00f1adas de miembros de las comunidades involucradas y la maestra Yajaira D\u00e1vila, concedieron los certificados a cada uno de los participantes.<\/span><\/div>\n<div dir=\"auto\"><\/div>\n<div dir=\"auto\" style=\"text-align: justify;\"><\/div>\n<div dir=\"auto\" style=\"text-align: justify;\"><span style=\"font-family: helvetica, arial, sans-serif;\">La gerente regional del Inces, Eneyda Mart\u00ednez Rodr\u00edguez, expres\u00f3 su orgullo por las mujeres y hombres que conf\u00edan en la formaci\u00f3n t\u00e9cnica profesional para empoderase de los saberes, con compromiso y una visi\u00f3n clara de aportar al desarrollo de sus comunidades.<\/span><\/div>\n","protected":false},"excerpt":{"rendered":"<p>**Los participantes realizan el perfil productivo laboral: Panadero\u00a0<\/p>\n","protected":false},"author":4,"featured_media":61879,"comment_status":"closed","ping_status":"closed","sticky":false,"template":"","format":"standard","meta":{"footnotes":""},"categories":[2],"tags":[],"class_list":["post-61878","post","type-post","status-publish","format-standard","has-post-thumbnail","hentry","category-blog"],"_links":{"self":[{"href":"https:\/\/inces.gob.ve\/index.php\/wp-json\/wp\/v2\/posts\/61878","targetHints":{"allow":["GET"]}}],"collection":[{"href":"https:\/\/inces.gob.ve\/index.php\/wp-json\/wp\/v2\/posts"}],"about":[{"href":"https:\/\/inces.gob.ve\/index.php\/wp-json\/wp\/v2\/types\/post"}],"author":[{"embeddable":true,"href":"https:\/\/inces.gob.ve\/index.php\/wp-json\/wp\/v2\/users\/4"}],"replies":[{"embeddable":true,"href":"https:\/\/inces.gob.ve\/index.php\/wp-json\/wp\/v2\/comments?post=61878"}],"version-history":[{"count":1,"href":"https:\/\/inces.gob.ve\/index.php\/wp-json\/wp\/v2\/posts\/61878\/revisions"}],"predecessor-version":[{"id":61880,"href":"https:\/\/inces.gob.ve\/index.php\/wp-json\/wp\/v2\/posts\/61878\/revisions\/61880"}],"wp:featuredmedia":[{"embeddable":true,"href":"https:\/\/inces.gob.ve\/index.php\/wp-json\/wp\/v2\/media\/61879"}],"wp:attachment":[{"href":"https:\/\/inces.gob.ve\/index.php\/wp-json\/wp\/v2\/media?parent=61878"}],"wp:term":[{"taxonomy":"category","embeddable":true,"href":"https:\/\/inces.gob.ve\/index.php\/wp-json\/wp\/v2\/categories?post=61878"},{"taxonomy":"post_tag","embeddable":true,"href":"https:\/\/inces.gob.ve\/index.php\/wp-json\/wp\/v2\/tags?post=61878"}],"curies":[{"name":"wp","href":"https:\/\/api.w.org\/{rel}","templated":true}]}}