{"id":61897,"date":"2024-12-23T10:11:48","date_gmt":"2024-12-23T14:11:48","guid":{"rendered":"https:\/\/inces.gob.ve\/?p=61897"},"modified":"2025-01-14T12:21:21","modified_gmt":"2025-01-14T16:21:21","slug":"guarico-inces-contribuye-al-fortalecimiento-de-la-clase-obrera","status":"publish","type":"post","link":"https:\/\/inces.gob.ve\/index.php\/2024\/12\/23\/guarico-inces-contribuye-al-fortalecimiento-de-la-clase-obrera\/","title":{"rendered":"GUARICO | Inces contribuye al fortalecimiento de la clase obrera"},"content":{"rendered":"<p style=\"text-align: justify;\"><span style=\"font-weight: 400; font-family: helvetica, arial, sans-serif; font-size: 18px;\"><em><strong>*** Con la celebraci\u00f3n de la 7ma Graduaci\u00f3n Conjunta del Sistema Nacional de Formaci\u00f3n y Autoformaci\u00f3n de la Clase Obrera<\/strong><\/em>\u00a0<\/span><!--more--><\/p>\n<p>&nbsp;<\/p>\n<p style=\"text-align: justify;\"><strong><span style=\"font-family: helvetica, arial, sans-serif; font-size: 18px;\">YAMILEX APONTE<\/span><\/strong><\/p>\n<p style=\"text-align: justify;\"><span style=\"font-weight: 400; font-family: helvetica, arial, sans-serif; font-size: 18px;\">En un emotivo acto simultaneo a nivel nacional que resalta el compromiso con la formaci\u00f3n y el empoderamiento de la clase obrera, el Instituto Nacional de Capacitaci\u00f3n y Educaci\u00f3n Socialista (Inces) regional Gu\u00e1rico, llev\u00f3 a cabo la 7ma Graduaci\u00f3n Conjunta del Sistema Nacional de Formaci\u00f3n y Autoformaci\u00f3n de la Clase Obrera en el Estado Gu\u00e1rico.\u00a0<\/span><\/p>\n<p>&nbsp;<\/p>\n<p style=\"text-align: justify;\"><span style=\"font-weight: 400; font-family: helvetica, arial, sans-serif; font-size: 18px;\">En el estado llanero, se entregaron un total de 967 certificados a graduandos que culminaron con \u00e9xito su proceso formativo. Este evento representa un importante avance en los esfuerzos del Inces por fortalecer las capacidades y habilidades de los trabajadores venezolanos, promoviendo su desarrollo personal y profesional.\u00a0<\/span><\/p>\n<p>&nbsp;<\/p>\n<p style=\"text-align: justify;\"><span style=\"font-weight: 400; font-family: helvetica, arial, sans-serif; font-size: 18px;\">Esta graduaci\u00f3n es un reflejo de la articulaci\u00f3n institucional que se ha llevado a cabo entre el Inces y las diferentes instituciones, programas y misiones, para garantizar el crecimiento de nuestra clase obrera, importante para el desarrollo del pa\u00eds.\u00a0<\/span><\/p>\n<p>&nbsp;<\/p>\n<p style=\"text-align: justify;\"><span style=\"font-weight: 400; font-family: helvetica, arial, sans-serif; font-size: 18px;\">De esta manera el Inces sigue sumando esfuerzos, a trav\u00e9s de la articulaci\u00f3n institucional, para fortalecer la clase obrera y fortalece su compromiso para seguir llevando a cabo procesos formativos que respondan a las necesidades del pa\u00eds.<\/span><\/p>\n","protected":false},"excerpt":{"rendered":"<p>*** Con la celebraci\u00f3n de la 7ma Graduaci\u00f3n Conjunta del Sistema Nacional de Formaci\u00f3n y Autoformaci\u00f3n de la Clase Obrera\u00a0<\/p>\n","protected":false},"author":4,"featured_media":61898,"comment_status":"closed","ping_status":"closed","sticky":false,"template":"","format":"standard","meta":{"footnotes":""},"categories":[2],"tags":[],"class_list":["post-61897","post","type-post","status-publish","format-standard","has-post-thumbnail","hentry","category-blog"],"_links":{"self":[{"href":"https:\/\/inces.gob.ve\/index.php\/wp-json\/wp\/v2\/posts\/61897","targetHints":{"allow":["GET"]}}],"collection":[{"href":"https:\/\/inces.gob.ve\/index.php\/wp-json\/wp\/v2\/posts"}],"about":[{"href":"https:\/\/inces.gob.ve\/index.php\/wp-json\/wp\/v2\/types\/post"}],"author":[{"embeddable":true,"href":"https:\/\/inces.gob.ve\/index.php\/wp-json\/wp\/v2\/users\/4"}],"replies":[{"embeddable":true,"href":"https:\/\/inces.gob.ve\/index.php\/wp-json\/wp\/v2\/comments?post=61897"}],"version-history":[{"count":1,"href":"https:\/\/inces.gob.ve\/index.php\/wp-json\/wp\/v2\/posts\/61897\/revisions"}],"predecessor-version":[{"id":61899,"href":"https:\/\/inces.gob.ve\/index.php\/wp-json\/wp\/v2\/posts\/61897\/revisions\/61899"}],"wp:featuredmedia":[{"embeddable":true,"href":"https:\/\/inces.gob.ve\/index.php\/wp-json\/wp\/v2\/media\/61898"}],"wp:attachment":[{"href":"https:\/\/inces.gob.ve\/index.php\/wp-json\/wp\/v2\/media?parent=61897"}],"wp:term":[{"taxonomy":"category","embeddable":true,"href":"https:\/\/inces.gob.ve\/index.php\/wp-json\/wp\/v2\/categories?post=61897"},{"taxonomy":"post_tag","embeddable":true,"href":"https:\/\/inces.gob.ve\/index.php\/wp-json\/wp\/v2\/tags?post=61897"}],"curies":[{"name":"wp","href":"https:\/\/api.w.org\/{rel}","templated":true}]}}