{"id":61900,"date":"2025-01-03T11:17:43","date_gmt":"2025-01-03T15:17:43","guid":{"rendered":"https:\/\/inces.gob.ve\/?p=61900"},"modified":"2025-01-03T11:17:43","modified_gmt":"2025-01-03T15:17:43","slug":"merida-cerca-de-62-mil-participantes-se-formaron-en-el-inces-durante-el-ano-2024","status":"publish","type":"post","link":"https:\/\/inces.gob.ve\/index.php\/2025\/01\/03\/merida-cerca-de-62-mil-participantes-se-formaron-en-el-inces-durante-el-ano-2024\/","title":{"rendered":"M\u00c9RIDA | Cerca de 62 mil participantes se formaron en el Inces durante el a\u00f1o 2024"},"content":{"rendered":"<p style=\"text-align: justify;\"><strong><span style=\"font-family: helvetica, arial, sans-serif; font-size: 14px;\"><i>*** Con un promedio del 100,02 % de la meta cumplida, el Inces M\u00e9rida se prepara para enfrentar nuevos desaf\u00edos para el 2025, <\/i><i>con el Campus Virtual y la aplicaci\u00f3n\u00a0<\/i><i>IncesAPP,\u00a0\u00a0a trav\u00e9s de la tienda\u00a0<em>android store<\/em><\/i><i><\/i><\/span><\/strong><!--more--><span style=\"font-family: helvetica, arial, sans-serif; font-size: 14px;\"><i>\u00a0<\/i><\/span><\/p>\n<p style=\"text-align: justify;\"><span style=\"font-family: helvetica, arial, sans-serif; font-size: 14px;\"><strong>NADIA LOBO<\/strong> <\/span><\/p>\n<p style=\"text-align: justify;\"><span style=\"font-family: helvetica, arial, sans-serif; font-size: 14px;\">Un total de 61.645 participantes recibieron formaci\u00f3n en el Instituto Nacional de Capacitaci\u00f3n y Educaci\u00f3n Socialista (Inces) durante el a\u00f1o 2024, en los diferentes \u00e1mbitos que ofrece la instituci\u00f3n, que permiti\u00f3 fortalecer la t\u00e9cnica profesional e impulsar la econom\u00eda local.<\/span><\/p>\n<p>&nbsp;<\/p>\n<p style=\"text-align: justify;\"><span style=\"font-family: helvetica, arial, sans-serif; font-size: 14px;\">Estas cifras las ofreci\u00f3 el gerente del Inces, Geldrit Roca, a prop\u00f3sito de presentar su informe anual en el consejo de gesti\u00f3n regional,\u00a0que permite evaluar los avances y el cumplimiento de la meta trazada en cuanto a la formaci\u00f3n, que se desarrollaron en los cinco centros de formaci\u00f3n socialista (CFS), ubicados a lo largo y ancho de esta entidad andina, as\u00ed como en diferentes espacios, comunidades, instituciones educativas y entidades de trabajo.<\/span><\/p>\n<p>&nbsp;<\/p>\n<p style=\"text-align: justify;\"><span style=\"font-family: helvetica, arial, sans-serif; font-size: 14px;\">El Inces M\u00e9rida, al igual que el resto del pa\u00eds, cumpliendo las orientaciones del presidente de la instituci\u00f3n Wuikelman Angel,\u00a0\u00a0que se ofreciera una atenci\u00f3n especial a las\u00a0\u00a0grandes misiones como: Venezuela Mujer y Venezuela Joven, y la\u00a0\u00a0incorporaci\u00f3n de los j\u00f3venes\u00a0\u00a0entre los 14 y los 18 a\u00f1os al Programa Nacional de Aprendizaje.<\/span><\/p>\n<p>&nbsp;<\/p>\n<p style=\"text-align: justify;\"><span style=\"font-family: helvetica, arial, sans-serif; font-size: 14px;\">En este sentido, el a\u00f1o cierra con las siguientes cifras: Con un total de\u00a0\u00a037.696 mujeres participaron en las distintas formaciones ejecutadas por el Inces, lo que representan un 54%. Estas formaciones se realizaron en diferentes espacios de la entidad meride\u00f1a.<\/span><\/p>\n<p>&nbsp;<\/p>\n<p style=\"text-align: justify;\"><span style=\"font-family: helvetica, arial, sans-serif; font-size: 14px;\">Aprendices activos en distintos espacios formativos y de trabajo, 1.129 j\u00f3venes incorporados al Programa Nacional de Aprendizaje (PNA). Mientras que el total de j\u00f3venes formados alcanz\u00f3 la cifra de 42.516 en diferentes edades.<\/span><\/p>\n<p>&nbsp;<\/p>\n<p style=\"text-align: justify;\"><span style=\"font-family: helvetica, arial, sans-serif; font-size: 14px;\">En cuanto a la formaci\u00f3n en los Centros Penitenciarios, con el programa \u201cLuisa C\u00e1ceres de Arismendi\u201d, el titular del Inces en M\u00e9rida, explic\u00f3 que se logr\u00f3 cumplir con el 46,98% de la cifra establecida, a pesar de algunas limitaciones que el programa representa.<\/span><\/p>\n<p style=\"text-align: justify;\"><span style=\"font-family: helvetica, arial, sans-serif; font-size: 14px;\"><i>\u00a0<\/i><\/span><\/p>\n<p style=\"text-align: justify;\"><span style=\"font-family: helvetica, arial, sans-serif; font-size: 14px;\">La formaci\u00f3n y autoformaci\u00f3n, continua y permanente\u00a0\u00a0en las entidades de trabajo con el acompa\u00f1amiento del Inces, logr\u00f3 alcanzar un 91,22%. En este sentido, la formaci\u00f3n va dirigida a empresas, instituciones, organizaciones y entes tanto p\u00fablicos como privados, con la necesidad de fortalecer y actualizar a sus trabajadores,\u00a0avalando sus conocimientos y reconociendo sus habilidades en diferentes ocupaciones productivas.\u00a0\u00a0<\/span><\/p>\n<p>&nbsp;<\/p>\n<p style=\"text-align: justify;\"><span style=\"font-family: helvetica, arial, sans-serif; font-size: 14px;\">En el caso espec\u00edfico, el Sistema de Misiones en M\u00e9rida, al igual que el resto del pa\u00eds, se ofreci\u00f3 una atenci\u00f3n especial a las\u00a0grandes misiones como: Venezuela Mujer y Venezuela Joven, logrando alcanzar y superar\u00a0un 142,32% de la meta trazada. Lo mismo ocurri\u00f3 con la formaci\u00f3n en Comunas, se cumpli\u00f3 el 131,41%<\/span><\/p>\n<p>&nbsp;<\/p>\n<p style=\"text-align: justify;\"><span style=\"font-family: helvetica, arial, sans-serif; font-size: 14px;\">Por otra parte, tambi\u00e9n el Inces Militar, alcanz\u00f3 y cumpli\u00f3 con la planificaci\u00f3n correspondiente al\u00a0\u00a0a\u00f1o 2024, con un resultado del 100% de la meta.\u00a0\u00a0En este sentido, las formaciones se desarrollaron tanto en las\u00a0\u00a0instalaciones militares como en otros espacios.<\/span><\/p>\n<p>&nbsp;<\/p>\n<p style=\"text-align: justify;\"><span style=\"font-family: helvetica, arial, sans-serif; font-size: 14px;\">El Inces ha venido formando y certificando a estudiantes de bachillerato en\u00a0\u00a0unidades educativas p\u00fablicas y privadas de todo el pa\u00eds, ofreciendo formaci\u00f3n t\u00e9cnica profesional. En este a\u00f1o 2024, se logr\u00f3 alcanzar el<i>\u00a0<\/i>105,96% de las formaciones programadas en liceos, colegios y escuelas t\u00e9cnicas de la entidad meride\u00f1a.<\/span><\/p>\n","protected":false},"excerpt":{"rendered":"<p>*** Con un promedio del 100,02 % de la meta cumplida, el Inces M\u00e9rida se prepara para enfrentar nuevos desaf\u00edos para el 2025, con el Campus Virtual y la aplicaci\u00f3n\u00a0IncesAPP,\u00a0\u00a0a trav\u00e9s de la tienda\u00a0android store<\/p>\n","protected":false},"author":4,"featured_media":61901,"comment_status":"closed","ping_status":"closed","sticky":false,"template":"","format":"standard","meta":{"footnotes":""},"categories":[2],"tags":[],"class_list":["post-61900","post","type-post","status-publish","format-standard","has-post-thumbnail","hentry","category-blog"],"_links":{"self":[{"href":"https:\/\/inces.gob.ve\/index.php\/wp-json\/wp\/v2\/posts\/61900","targetHints":{"allow":["GET"]}}],"collection":[{"href":"https:\/\/inces.gob.ve\/index.php\/wp-json\/wp\/v2\/posts"}],"about":[{"href":"https:\/\/inces.gob.ve\/index.php\/wp-json\/wp\/v2\/types\/post"}],"author":[{"embeddable":true,"href":"https:\/\/inces.gob.ve\/index.php\/wp-json\/wp\/v2\/users\/4"}],"replies":[{"embeddable":true,"href":"https:\/\/inces.gob.ve\/index.php\/wp-json\/wp\/v2\/comments?post=61900"}],"version-history":[{"count":1,"href":"https:\/\/inces.gob.ve\/index.php\/wp-json\/wp\/v2\/posts\/61900\/revisions"}],"predecessor-version":[{"id":61902,"href":"https:\/\/inces.gob.ve\/index.php\/wp-json\/wp\/v2\/posts\/61900\/revisions\/61902"}],"wp:featuredmedia":[{"embeddable":true,"href":"https:\/\/inces.gob.ve\/index.php\/wp-json\/wp\/v2\/media\/61901"}],"wp:attachment":[{"href":"https:\/\/inces.gob.ve\/index.php\/wp-json\/wp\/v2\/media?parent=61900"}],"wp:term":[{"taxonomy":"category","embeddable":true,"href":"https:\/\/inces.gob.ve\/index.php\/wp-json\/wp\/v2\/categories?post=61900"},{"taxonomy":"post_tag","embeddable":true,"href":"https:\/\/inces.gob.ve\/index.php\/wp-json\/wp\/v2\/tags?post=61900"}],"curies":[{"name":"wp","href":"https:\/\/api.w.org\/{rel}","templated":true}]}}