{"id":61903,"date":"2025-01-08T11:05:20","date_gmt":"2025-01-08T15:05:20","guid":{"rendered":"https:\/\/inces.gob.ve\/?p=61903"},"modified":"2025-01-08T11:05:20","modified_gmt":"2025-01-08T15:05:20","slug":"zulia-clase-trabajadora-se-gradua-con-el-inces","status":"publish","type":"post","link":"https:\/\/inces.gob.ve\/index.php\/2025\/01\/08\/zulia-clase-trabajadora-se-gradua-con-el-inces\/","title":{"rendered":"ZULIA | Clase trabajadora se grad\u00faa con el Inces\u00a0"},"content":{"rendered":"<div dir=\"auto\" style=\"text-align: justify;\"><span style=\"font-family: helvetica, arial, sans-serif;\"><em><strong>** 142 trabajadores y trabajadoras cumplen una nueva meta educativa y profesional de la mano del Inces Zulia, al formar parte de la VII Graduaci\u00f3n Conjunta de la clase obrera, actividad desarrollada a nivel nacional<\/strong><\/em><\/span><\/div>\n<p style=\"text-align: justify;\"><span style=\"font-family: helvetica, arial, sans-serif;\"><!--more--><\/span><\/p>\n<div dir=\"auto\" style=\"text-align: justify;\"><\/div>\n<div dir=\"auto\" style=\"text-align: justify;\"><\/div>\n<div dir=\"auto\" style=\"text-align: justify;\"><span style=\"font-family: helvetica, arial, sans-serif;\">Los estudiantes de la clase trabajadora del Inces, se suman a los 643 graduandos que en diciembre recibieron sus t\u00edtulos en diferentes niveles y \u00e1reas de aprendizaje.<\/span><\/div>\n<div dir=\"auto\" style=\"text-align: justify;\"><\/div>\n<div dir=\"auto\"><\/div>\n<div dir=\"auto\" style=\"text-align: justify;\"><span style=\"font-family: helvetica, arial, sans-serif;\">Cabe destacar que la instituci\u00f3n de capacitaci\u00f3n socialista Zulia ha egresado este 2024, un total de 11.963 trabajadores y trabajadoras, formados a trav\u00e9s de los Consejos Productivos de Trabajadores (CPTT) conjuntamente con el Centro de Encuentros de Educaci\u00f3n de Trabajadores (CEET).<\/span><\/div>\n<div dir=\"auto\"><\/div>\n<div dir=\"auto\" style=\"text-align: justify;\"><\/div>\n<div dir=\"auto\" style=\"text-align: justify;\"><span style=\"font-family: helvetica, arial, sans-serif;\">Esta VII Graduaci\u00f3n Conjunta de la clase obrera con las Misiones Educativas, el Inces y las Universidades Experimentales, Polit\u00e9cnicas y Territoriales, est\u00e1 enmarcada en el Sistema Nacional de Formaci\u00f3n y Autoformaci\u00f3n de la clase obrera, orientado por el presidente Nicol\u00e1s Maduro, a trav\u00e9s del Viceministerio para la Educaci\u00f3n y el Trabajo para la Liberaci\u00f3n adscrito al Ministerio del Poder Popular para el Proceso Social del Trabajo.<\/span><\/div>\n","protected":false},"excerpt":{"rendered":"<p>** 142 trabajadores y trabajadoras cumplen una nueva meta educativa y profesional de la mano del Inces Zulia, al formar parte de la VII Graduaci\u00f3n Conjunta de la clase obrera, actividad desarrollada a nivel nacional<\/p>\n","protected":false},"author":4,"featured_media":43170,"comment_status":"closed","ping_status":"closed","sticky":false,"template":"","format":"standard","meta":{"footnotes":""},"categories":[2],"tags":[],"class_list":["post-61903","post","type-post","status-publish","format-standard","has-post-thumbnail","hentry","category-blog"],"_links":{"self":[{"href":"https:\/\/inces.gob.ve\/index.php\/wp-json\/wp\/v2\/posts\/61903","targetHints":{"allow":["GET"]}}],"collection":[{"href":"https:\/\/inces.gob.ve\/index.php\/wp-json\/wp\/v2\/posts"}],"about":[{"href":"https:\/\/inces.gob.ve\/index.php\/wp-json\/wp\/v2\/types\/post"}],"author":[{"embeddable":true,"href":"https:\/\/inces.gob.ve\/index.php\/wp-json\/wp\/v2\/users\/4"}],"replies":[{"embeddable":true,"href":"https:\/\/inces.gob.ve\/index.php\/wp-json\/wp\/v2\/comments?post=61903"}],"version-history":[{"count":1,"href":"https:\/\/inces.gob.ve\/index.php\/wp-json\/wp\/v2\/posts\/61903\/revisions"}],"predecessor-version":[{"id":61910,"href":"https:\/\/inces.gob.ve\/index.php\/wp-json\/wp\/v2\/posts\/61903\/revisions\/61910"}],"wp:featuredmedia":[{"embeddable":true,"href":"https:\/\/inces.gob.ve\/index.php\/wp-json\/wp\/v2\/media\/43170"}],"wp:attachment":[{"href":"https:\/\/inces.gob.ve\/index.php\/wp-json\/wp\/v2\/media?parent=61903"}],"wp:term":[{"taxonomy":"category","embeddable":true,"href":"https:\/\/inces.gob.ve\/index.php\/wp-json\/wp\/v2\/categories?post=61903"},{"taxonomy":"post_tag","embeddable":true,"href":"https:\/\/inces.gob.ve\/index.php\/wp-json\/wp\/v2\/tags?post=61903"}],"curies":[{"name":"wp","href":"https:\/\/api.w.org\/{rel}","templated":true}]}}