{"id":61913,"date":"2025-01-09T14:49:02","date_gmt":"2025-01-09T18:49:02","guid":{"rendered":"https:\/\/inces.gob.ve\/?p=61913"},"modified":"2025-01-09T17:06:48","modified_gmt":"2025-01-09T21:06:48","slug":"inces-celebra-que-los-restos-mortales-de-prieto-figueroa-ingresaran-al-panteon-nacional","status":"publish","type":"post","link":"https:\/\/inces.gob.ve\/index.php\/2025\/01\/09\/inces-celebra-que-los-restos-mortales-de-prieto-figueroa-ingresaran-al-panteon-nacional\/","title":{"rendered":"Restos mortales de Prieto Figueroa ingresan este D\u00eda del Maestro al Pante\u00f3n Nacional\u00a0"},"content":{"rendered":"<p><strong><em><span style=\"font-family: helvetica, arial, sans-serif;\">** En el Inces celebramos ser parte del legado del Maestro de Maestros<\/span><\/em><\/strong><!--more--><\/p>\n<p>&nbsp;<\/p>\n<p><strong><span style=\"font-family: helvetica, arial, sans-serif;\">L.T.<\/span><\/strong><\/p>\n<p style=\"text-align: justify;\"><span style=\"font-family: helvetica, arial, sans-serif; font-size: 16px;\">A prop\u00f3sito de la celebraci\u00f3n del D\u00eda del Maestro, el Gobierno Bolivariano confirm\u00f3 que el pr\u00f3ximo 15 de enero se realizar\u00e1 el traslado de los restos mortales del Maestro de Am\u00e9rica, Luis Beltr\u00e1n Prieto Figueroa, desde el Cementerio de La Guairita hasta el Pante\u00f3n Nacional. <\/span><\/p>\n<p>&nbsp;<\/p>\n<p style=\"text-align: justify;\"><span style=\"font-family: helvetica, arial, sans-serif; font-size: 16px;\">Este homenaje busca rendir tributo a la trayectoria y legado del destacado pedagogo, educador, pol\u00edtico, educador y l\u00edder en el \u00e1mbito educativo en Venezuela y Am\u00e9rica Latina.<\/span><\/p>\n<p>&nbsp;<\/p>\n<p style=\"text-align: justify;\"><span style=\"font-family: helvetica, arial, sans-serif; font-size: 16px;\">El anuncio fue realizado el pasado mes de noviembre por el presidente de la Asamblea Nacional, Jorge Rodr\u00edguez G\u00f3mez, quien expres\u00f3 la importancia de este acto en reconocimiento a la contribuci\u00f3n invaluable que Prieto Figueroa realiz\u00f3 en favor de la educaci\u00f3n. <span style=\"font-family: helvetica, arial, sans-serif;\">\u00abCreo que es momento para que esta Asamblea Nacional haga todos los trabajos y cumpla con la misi\u00f3n hist\u00f3rica y el compromiso de llevar los restos mortales del Maestro de Am\u00e9rica Luis Beltr\u00e1n Prieto Figueroa al Pante\u00f3n Nacional, el pr\u00f3ximo D\u00eda del Maestro\u00bb,<\/span>\u00a0declar\u00f3 Rodr\u00edguez en su pronunciamiento.<\/span><\/p>\n<p>&nbsp;<\/p>\n<p style=\"text-align: justify;\"><span style=\"font-family: helvetica, arial, sans-serif; font-size: 16px;\">Al respecto, el presidente de la Rep\u00fablica Bolivariana de Venezuela, Nicol\u00e1s Maduro Moros, en una alocuci\u00f3n nacional celebrada el pasado 7 de enero manifest\u00f3: \u00abDespu\u00e9s de Sim\u00f3n Rodr\u00edguez, el gran sabio de la pedagog\u00eda, el maestro Luis Beltr\u00e1n Prieto Figueroa, representa un pilar fundamental en la educaci\u00f3n del pa\u00eds.<\/span><\/p>\n<p>&nbsp;<\/p>\n<p>&nbsp;<\/p>\n<p style=\"text-align: justify;\"><span style=\"font-family: helvetica, arial, sans-serif; font-size: 16px;\">La iniciativa fue impulsada, entre muchas otras personalidades, por el diputado Gilberto Gim\u00e9nez Prieto, quien ha trabajado incansablemente para que se materialice este merecido ingreso del maestro al recinto de los h\u00e9roes.\u00a0<\/span><\/p>\n<p>&nbsp;<\/p>\n<p><span style=\"font-family: helvetica, arial, sans-serif;\">El acto de ingreso de Prieto al pante\u00f3n ser\u00e1 liderado por el Ministerio del Poder Popular para la Educaci\u00f3n.<\/span><\/p>\n","protected":false},"excerpt":{"rendered":"<p>** En el Inces celebramos ser parte del legado del Maestro de Maestros<\/p>\n","protected":false},"author":4,"featured_media":61915,"comment_status":"closed","ping_status":"closed","sticky":false,"template":"","format":"standard","meta":{"footnotes":""},"categories":[2],"tags":[],"class_list":["post-61913","post","type-post","status-publish","format-standard","has-post-thumbnail","hentry","category-blog"],"_links":{"self":[{"href":"https:\/\/inces.gob.ve\/index.php\/wp-json\/wp\/v2\/posts\/61913","targetHints":{"allow":["GET"]}}],"collection":[{"href":"https:\/\/inces.gob.ve\/index.php\/wp-json\/wp\/v2\/posts"}],"about":[{"href":"https:\/\/inces.gob.ve\/index.php\/wp-json\/wp\/v2\/types\/post"}],"author":[{"embeddable":true,"href":"https:\/\/inces.gob.ve\/index.php\/wp-json\/wp\/v2\/users\/4"}],"replies":[{"embeddable":true,"href":"https:\/\/inces.gob.ve\/index.php\/wp-json\/wp\/v2\/comments?post=61913"}],"version-history":[{"count":6,"href":"https:\/\/inces.gob.ve\/index.php\/wp-json\/wp\/v2\/posts\/61913\/revisions"}],"predecessor-version":[{"id":61921,"href":"https:\/\/inces.gob.ve\/index.php\/wp-json\/wp\/v2\/posts\/61913\/revisions\/61921"}],"wp:featuredmedia":[{"embeddable":true,"href":"https:\/\/inces.gob.ve\/index.php\/wp-json\/wp\/v2\/media\/61915"}],"wp:attachment":[{"href":"https:\/\/inces.gob.ve\/index.php\/wp-json\/wp\/v2\/media?parent=61913"}],"wp:term":[{"taxonomy":"category","embeddable":true,"href":"https:\/\/inces.gob.ve\/index.php\/wp-json\/wp\/v2\/categories?post=61913"},{"taxonomy":"post_tag","embeddable":true,"href":"https:\/\/inces.gob.ve\/index.php\/wp-json\/wp\/v2\/tags?post=61913"}],"curies":[{"name":"wp","href":"https:\/\/api.w.org\/{rel}","templated":true}]}}