{"id":61926,"date":"2024-12-23T09:42:26","date_gmt":"2024-12-23T13:42:26","guid":{"rendered":"https:\/\/inces.gob.ve\/?p=61926"},"modified":"2025-01-14T13:23:12","modified_gmt":"2025-01-14T17:23:12","slug":"guarico-la-gran-familia-inces-cerro-el-ano-con-almuerzo-navideno","status":"publish","type":"post","link":"https:\/\/inces.gob.ve\/index.php\/2024\/12\/23\/guarico-la-gran-familia-inces-cerro-el-ano-con-almuerzo-navideno\/","title":{"rendered":"GU\u00c1RICO | La gran familia Inces cerr\u00f3 el a\u00f1o con almuerzo navide\u00f1o"},"content":{"rendered":"<p style=\"text-align: justify;\"><span style=\"font-family: helvetica, arial, sans-serif;\"><em><strong>**\u00a0Con el objetivo de fortalecer los lazos de compa\u00f1erismo y celebrar los logros alcanzados durante el a\u00f1o.<\/strong><\/em><!--more--><\/span><\/p>\n<p style=\"text-align: justify;\"><span style=\"font-family: helvetica, arial, sans-serif;\">YAMILEX APONTE<\/span><\/p>\n<p style=\"text-align: justify;\"><span style=\"font-family: helvetica, arial, sans-serif;\">Un compartir navide\u00f1o uni\u00f3 en una sola mesa a la gran familia Inces. Esto gracias a las pol\u00edticas que lleva adelante la gesti\u00f3n de su presidente Wuikelman Angel, conjuntamente con las gerencias regionales, como una oportunidad para agradecer a cada uno de sus trabajadores por su dedicaci\u00f3n y esfuerzo.<\/span><\/p>\n<p>&nbsp;<\/p>\n<p style=\"text-align: justify;\"><span style=\"font-family: helvetica, arial, sans-serif;\">La gerente regional, destac\u00f3 \u201cEste compartir navide\u00f1o es una forma de reconocer el arduo trabajo que todos han realizado a lo largo del a\u00f1o. Juntos hemos alcanzado grandes metas y es fundamental seguir sumando esfuerzos como un solo equipo para alcanzar nuestro objetivo principal, que es la formaci\u00f3n del pueblo venezolano\u201d.<\/span><\/p>\n<p>&nbsp;<\/p>\n<p style=\"text-align: justify;\"><span style=\"font-family: helvetica, arial, sans-serif;\">La ocasi\u00f3n fue propicia para el encuentro de todos los que forman parte de la instituci\u00f3n, degustando un delicioso plato navide\u00f1o, adem\u00e1s de disfrutar de un intercambio de regalos, lo que signific\u00f3 un momento de acercamiento, integraci\u00f3n y esp\u00edritu de celebraci\u00f3n de la \u00e9poca navide\u00f1a.<\/span><\/p>\n<p>&nbsp;<\/p>\n<p style=\"text-align: justify;\"><span style=\"font-family: helvetica, arial, sans-serif;\">\u00a1Felices fiestas y que la magia de la Navidad llene sus corazones!<\/span><\/p>\n","protected":false},"excerpt":{"rendered":"<p>**\u00a0Con el objetivo de fortalecer los lazos de compa\u00f1erismo y celebrar los logros alcanzados durante el a\u00f1o.<\/p>\n","protected":false},"author":15,"featured_media":61927,"comment_status":"closed","ping_status":"closed","sticky":false,"template":"","format":"standard","meta":{"footnotes":""},"categories":[2],"tags":[],"class_list":["post-61926","post","type-post","status-publish","format-standard","has-post-thumbnail","hentry","category-blog"],"_links":{"self":[{"href":"https:\/\/inces.gob.ve\/index.php\/wp-json\/wp\/v2\/posts\/61926","targetHints":{"allow":["GET"]}}],"collection":[{"href":"https:\/\/inces.gob.ve\/index.php\/wp-json\/wp\/v2\/posts"}],"about":[{"href":"https:\/\/inces.gob.ve\/index.php\/wp-json\/wp\/v2\/types\/post"}],"author":[{"embeddable":true,"href":"https:\/\/inces.gob.ve\/index.php\/wp-json\/wp\/v2\/users\/15"}],"replies":[{"embeddable":true,"href":"https:\/\/inces.gob.ve\/index.php\/wp-json\/wp\/v2\/comments?post=61926"}],"version-history":[{"count":4,"href":"https:\/\/inces.gob.ve\/index.php\/wp-json\/wp\/v2\/posts\/61926\/revisions"}],"predecessor-version":[{"id":61932,"href":"https:\/\/inces.gob.ve\/index.php\/wp-json\/wp\/v2\/posts\/61926\/revisions\/61932"}],"wp:featuredmedia":[{"embeddable":true,"href":"https:\/\/inces.gob.ve\/index.php\/wp-json\/wp\/v2\/media\/61927"}],"wp:attachment":[{"href":"https:\/\/inces.gob.ve\/index.php\/wp-json\/wp\/v2\/media?parent=61926"}],"wp:term":[{"taxonomy":"category","embeddable":true,"href":"https:\/\/inces.gob.ve\/index.php\/wp-json\/wp\/v2\/categories?post=61926"},{"taxonomy":"post_tag","embeddable":true,"href":"https:\/\/inces.gob.ve\/index.php\/wp-json\/wp\/v2\/tags?post=61926"}],"curies":[{"name":"wp","href":"https:\/\/api.w.org\/{rel}","templated":true}]}}