{"id":61937,"date":"2024-12-14T10:24:33","date_gmt":"2024-12-14T14:24:33","guid":{"rendered":"https:\/\/inces.gob.ve\/?p=61937"},"modified":"2025-01-14T12:25:40","modified_gmt":"2025-01-14T16:25:40","slug":"zulia-clase-trabajadora-se-gradua-con-el-inces-2","status":"publish","type":"post","link":"https:\/\/inces.gob.ve\/index.php\/2024\/12\/14\/zulia-clase-trabajadora-se-gradua-con-el-inces-2\/","title":{"rendered":"ZULIA | Clase trabajadora se grad\u00faa con el Inces"},"content":{"rendered":"<div id=\":1xo\" class=\"ii gt\">\n<div id=\":1xv\" class=\"a3s aiL \">\n<div dir=\"ltr\">\n<div class=\"gmail_quote\">\n<div dir=\"auto\">\n<div dir=\"auto\"><\/div>\n<div dir=\"auto\"><span style=\"font-family: helvetica, arial, sans-serif;\">** 1<em><strong>42 trabajadores y trabajadoras cumplen una nueva meta educativa y profesional de la mano del Inces Zulia, al formar parte de la VII Graduaci\u00f3n Conjunta de la clase obrera, actividad desarrollada a nivel nacional.\u00a0<\/strong><\/em><\/span><\/div>\n<\/div>\n<\/div>\n<\/div>\n<\/div>\n<\/div>\n<p><span style=\"font-family: helvetica, arial, sans-serif;\"><!--more--><\/span><\/p>\n<div dir=\"auto\"><\/div>\n<div id=\":1xo\" class=\"ii gt\">\n<div id=\":1xv\" class=\"a3s aiL \">\n<div dir=\"ltr\">\n<div class=\"gmail_quote\">\n<div dir=\"auto\">\n<div dir=\"auto\"><\/div>\n<div dir=\"auto\"><span style=\"font-family: helvetica, arial, sans-serif;\">En este sentido, los y las estudiantes de la clase trabajadora del Inces, se suman a los 643 graduandos que este mi\u00e9rcoles 18 de diciembre recibieron sus t\u00edtulos en diferentes niveles y \u00e1reas de aprendizaje.<\/span><\/div>\n<div dir=\"auto\"><\/div>\n<div dir=\"auto\"><span style=\"font-family: helvetica, arial, sans-serif;\">Cabe destacar, que la instituci\u00f3n de capacitaci\u00f3n socialista Zulia ha egresado este 2024, un total de 11.963 trabajadores y trabajadoras, formados a trav\u00e9s de los Consejos Productivos de Trabajadores (CPTT) conjuntamente con el Centro de Encuentros de Educaci\u00f3n de Trabajadores (CEET).<\/span><\/div>\n<div dir=\"auto\"><\/div>\n<div dir=\"auto\"><span style=\"font-family: helvetica, arial, sans-serif;\">Esta VII Graduaci\u00f3n Conjunta de la clase obrera con las Misiones Educativas, el Inces y las Universidades Experimentales, Polit\u00e9cnicas y Territoriales, est\u00e1 enmarcada en el Sistema Nacional de Formaci\u00f3n y Autoformaci\u00f3n de la clase obrera, orientado por el presidente Nicol\u00e1s Maduro, a trav\u00e9s del Viceministerio para la Educaci\u00f3n y el Trabajo para la Liberaci\u00f3n adscrito al Ministerio del Poder Popular para el Proceso Social del Trabajo.<\/span><\/div>\n<\/div>\n<div class=\"yj6qo\"><\/div>\n<div class=\"adL\"><\/div>\n<\/div>\n<\/div>\n<div class=\"adL\"><\/div>\n<\/div>\n<\/div>\n<p><!--more--><\/p>\n<div id=\":1y3\" class=\"hq gt\"><\/div>\n","protected":false},"excerpt":{"rendered":"<p>** 142 trabajadores y trabajadoras cumplen una nueva meta educativa y profesional de la mano del Inces Zulia, al formar parte de la VII Graduaci\u00f3n Conjunta de la clase obrera, actividad desarrollada a nivel nacional.\u00a0<\/p>\n","protected":false},"author":15,"featured_media":61938,"comment_status":"closed","ping_status":"closed","sticky":false,"template":"","format":"standard","meta":{"footnotes":""},"categories":[2],"tags":[],"class_list":["post-61937","post","type-post","status-publish","format-standard","has-post-thumbnail","hentry","category-blog"],"_links":{"self":[{"href":"https:\/\/inces.gob.ve\/index.php\/wp-json\/wp\/v2\/posts\/61937","targetHints":{"allow":["GET"]}}],"collection":[{"href":"https:\/\/inces.gob.ve\/index.php\/wp-json\/wp\/v2\/posts"}],"about":[{"href":"https:\/\/inces.gob.ve\/index.php\/wp-json\/wp\/v2\/types\/post"}],"author":[{"embeddable":true,"href":"https:\/\/inces.gob.ve\/index.php\/wp-json\/wp\/v2\/users\/15"}],"replies":[{"embeddable":true,"href":"https:\/\/inces.gob.ve\/index.php\/wp-json\/wp\/v2\/comments?post=61937"}],"version-history":[{"count":4,"href":"https:\/\/inces.gob.ve\/index.php\/wp-json\/wp\/v2\/posts\/61937\/revisions"}],"predecessor-version":[{"id":61942,"href":"https:\/\/inces.gob.ve\/index.php\/wp-json\/wp\/v2\/posts\/61937\/revisions\/61942"}],"wp:featuredmedia":[{"embeddable":true,"href":"https:\/\/inces.gob.ve\/index.php\/wp-json\/wp\/v2\/media\/61938"}],"wp:attachment":[{"href":"https:\/\/inces.gob.ve\/index.php\/wp-json\/wp\/v2\/media?parent=61937"}],"wp:term":[{"taxonomy":"category","embeddable":true,"href":"https:\/\/inces.gob.ve\/index.php\/wp-json\/wp\/v2\/categories?post=61937"},{"taxonomy":"post_tag","embeddable":true,"href":"https:\/\/inces.gob.ve\/index.php\/wp-json\/wp\/v2\/tags?post=61937"}],"curies":[{"name":"wp","href":"https:\/\/api.w.org\/{rel}","templated":true}]}}