{"id":62039,"date":"2024-12-12T11:07:33","date_gmt":"2024-12-12T15:07:33","guid":{"rendered":"https:\/\/inces.gob.ve\/?p=62039"},"modified":"2025-01-17T11:13:13","modified_gmt":"2025-01-17T15:13:13","slug":"yaracuy-escuela-de-medios-y-comunicacion-inces-hizo-entrega-de-diplomas","status":"publish","type":"post","link":"https:\/\/inces.gob.ve\/index.php\/2024\/12\/12\/yaracuy-escuela-de-medios-y-comunicacion-inces-hizo-entrega-de-diplomas\/","title":{"rendered":"YARACUY | Escuela de Medios y Comunicaci\u00f3n Inces hizo entrega de diplomas"},"content":{"rendered":"<p style=\"font-weight: 400; text-align: justify;\"><span style=\"font-family: helvetica, arial, sans-serif;\"><strong><em>** En su primera<\/em>\u00a0edici\u00f3n en Yaracuy m\u00e1s de 76 participantes se capacitaron en diversos talleres<\/strong><!--more--><\/span><\/p>\n<p style=\"font-weight: 400; text-align: justify;\"><span style=\"font-family: helvetica, arial, sans-serif;\"><strong>Y<\/strong><strong>OLAICE\u00a0VARGAS<\/strong><\/span><\/p>\n<p style=\"font-weight: 400; text-align: justify;\"><span style=\"font-family: helvetica, arial, sans-serif;\">En un acto significativo realizado en las instalaciones del Instituto Nacional de Capacitaci\u00f3n y Educaci\u00f3n Socialista (Inces), se llev\u00f3 a cabo la entrega de diplomas en diferentes formaciones que se ejecutaron a trav\u00e9s de la Escuela de Medios y Comunicaci\u00f3n Inces (EMCI).<\/span><\/p>\n<p>&nbsp;<\/p>\n<p style=\"text-align: justify;\"><span style=\"font-family: helvetica, arial, sans-serif;\"><img loading=\"lazy\" decoding=\"async\" class=\"aligncenter wp-image-62041 size-full\" src=\"https:\/\/inces.gob.ve\/wp-content\/uploads\/2025\/01\/1733863970210-scaled-e1737126545711.jpg\" alt=\"\" width=\"800\" height=\"659\" \/><\/span><\/p>\n<p style=\"font-weight: 400; text-align: justify;\"><span style=\"font-family: helvetica, arial, sans-serif;\">En la EMCI regi\u00f3n Yaracuy un total de 76 participantes se capacitaron en los talleres de: Oratoria, Introducci\u00f3n a la Locuci\u00f3n, Edici\u00f3n y Montaje Audiovisual, C\u00f3mo Hacer un Podcast y Redacci\u00f3n Digital.<\/span><\/p>\n<p style=\"font-weight: 400; text-align: justify;\"><span style=\"font-family: helvetica, arial, sans-serif;\">El gerente del Inces en Yaracuy, Dalvi Torrealba, encabez\u00f3 el acto de entrega, dirigi\u00e9ndose a los presentes con palabras de felicitaciones y agradecimiento por haber apostado en la EMCI para adquirir conocimientos en el \u00e1rea comunicacional.<\/span><\/p>\n<p style=\"font-weight: 400; text-align: justify;\"><span style=\"font-family: helvetica, arial, sans-serif;\">El titular de la instituci\u00f3n expres\u00f3 que la EMCI es un proyecto nuevo que adopta el Inces, para engranar las ya existentes y as\u00ed garantizar mayor cobertura en todas las \u00e1reas de los procesos formativos.<\/span><\/p>\n<p style=\"text-align: justify;\"><span style=\"font-family: helvetica, arial, sans-serif;\"><img loading=\"lazy\" decoding=\"async\" class=\"aligncenter wp-image-62042 size-full\" src=\"https:\/\/inces.gob.ve\/wp-content\/uploads\/2025\/01\/1733864361407-scaled-e1737126575764.jpg\" alt=\"\" width=\"800\" height=\"450\" \/><\/span><\/p>\n<p style=\"font-weight: 400; text-align: justify;\"><span style=\"font-family: helvetica, arial, sans-serif;\">De igual manera se\u00f1al\u00f3 que para el pr\u00f3ximo a\u00f1o 2025 se vienen nuevas formaciones a trav\u00e9s de la escuela de medios, las cuales son posibles gracias a los maestros voluntarios que apoyan el proyecto.<\/span><\/p>\n<p style=\"font-weight: 400; text-align: justify;\"><span style=\"font-family: helvetica, arial, sans-serif;\">En tal sentido se mostr\u00f3 complacido con los profesionales de la comunicaci\u00f3n, Yaicob Ram\u00edrez y Miguel Badilla, quienes se sumaron a este proyecto y est\u00e1n comprometidos con el mismo.<\/span><\/p>\n<p style=\"font-weight: 400; text-align: justify;\"><span style=\"font-family: helvetica, arial, sans-serif;\"><strong>Entrega Nacional<\/strong><\/span><\/p>\n<p style=\"font-weight: 400; text-align: justify;\"><span style=\"font-family: helvetica, arial, sans-serif;\">Cabe destacar que el acto de entrega de diplomas de la EMCI se llev\u00f3 a cabo de manera simult\u00e1nea en las escuelas que abrieron sus puertas al p\u00fablico en las regiones, las cuales iniciaron sus actividades acad\u00e9micas el pasado mes de noviembre.<\/span><\/p>\n<p style=\"font-weight: 400; text-align: justify;\">\n","protected":false},"excerpt":{"rendered":"<p>** En su primera\u00a0edici\u00f3n en Yaracuy m\u00e1s de 76 participantes se capacitaron en diversos talleres<\/p>\n","protected":false},"author":15,"featured_media":62040,"comment_status":"closed","ping_status":"closed","sticky":false,"template":"","format":"standard","meta":{"footnotes":""},"categories":[2],"tags":[],"class_list":["post-62039","post","type-post","status-publish","format-standard","has-post-thumbnail","hentry","category-blog"],"_links":{"self":[{"href":"https:\/\/inces.gob.ve\/index.php\/wp-json\/wp\/v2\/posts\/62039","targetHints":{"allow":["GET"]}}],"collection":[{"href":"https:\/\/inces.gob.ve\/index.php\/wp-json\/wp\/v2\/posts"}],"about":[{"href":"https:\/\/inces.gob.ve\/index.php\/wp-json\/wp\/v2\/types\/post"}],"author":[{"embeddable":true,"href":"https:\/\/inces.gob.ve\/index.php\/wp-json\/wp\/v2\/users\/15"}],"replies":[{"embeddable":true,"href":"https:\/\/inces.gob.ve\/index.php\/wp-json\/wp\/v2\/comments?post=62039"}],"version-history":[{"count":4,"href":"https:\/\/inces.gob.ve\/index.php\/wp-json\/wp\/v2\/posts\/62039\/revisions"}],"predecessor-version":[{"id":62046,"href":"https:\/\/inces.gob.ve\/index.php\/wp-json\/wp\/v2\/posts\/62039\/revisions\/62046"}],"wp:featuredmedia":[{"embeddable":true,"href":"https:\/\/inces.gob.ve\/index.php\/wp-json\/wp\/v2\/media\/62040"}],"wp:attachment":[{"href":"https:\/\/inces.gob.ve\/index.php\/wp-json\/wp\/v2\/media?parent=62039"}],"wp:term":[{"taxonomy":"category","embeddable":true,"href":"https:\/\/inces.gob.ve\/index.php\/wp-json\/wp\/v2\/categories?post=62039"},{"taxonomy":"post_tag","embeddable":true,"href":"https:\/\/inces.gob.ve\/index.php\/wp-json\/wp\/v2\/tags?post=62039"}],"curies":[{"name":"wp","href":"https:\/\/api.w.org\/{rel}","templated":true}]}}