{"id":62052,"date":"2024-12-18T11:18:22","date_gmt":"2024-12-18T15:18:22","guid":{"rendered":"https:\/\/inces.gob.ve\/?p=62052"},"modified":"2025-01-17T11:31:59","modified_gmt":"2025-01-17T15:31:59","slug":"aragua-desde-el-parque-santos-michelena-se-celebro-la-fiesta-de-fin-de-ano-de-los-ninos-y-ninas-inces","status":"publish","type":"post","link":"https:\/\/inces.gob.ve\/index.php\/2024\/12\/18\/aragua-desde-el-parque-santos-michelena-se-celebro-la-fiesta-de-fin-de-ano-de-los-ninos-y-ninas-inces\/","title":{"rendered":"ARAGUA | Desde el Parque Santos Michelena se celebr\u00f3 la fiesta de fin de a\u00f1o de los ni\u00f1os y ni\u00f1as Inces"},"content":{"rendered":"<p style=\"text-align: justify;\"><span style=\"font-family: helvetica, arial, sans-serif;\">*<em><strong>*Una ma\u00f1ana m\u00e1gica llena del esp\u00edritu navide\u00f1o se desarroll\u00f3 con especial alegr\u00eda en compa\u00f1\u00eda de los\u00a0 trabajadores y sus hijos<\/strong><\/em><!--more--><\/span><\/p>\n<p style=\"text-align: justify;\"><span style=\"font-family: helvetica, arial, sans-serif;\">NINOSKA PATRIZ<\/span><\/p>\n<p><span style=\"font-family: helvetica, arial, sans-serif;\">M\u00e1s de 100 ni\u00f1os y ni\u00f1as disfrutaron de una ma\u00f1ana feliz desde el Parque Santos Michelena. La celebraci\u00f3n, organizada por el Instituto Nacional de Capacitaci\u00f3n y Educaci\u00f3n Socialista (Inces) Aragua, cont\u00f3 con la participaci\u00f3n especial de la gerente regional, Ingeniera Yelitza Rodr\u00edguez y los equipos de Talento Humano, Planificaci\u00f3n, Administraci\u00f3n y Servicios y Mantenimiento.<\/span><\/p>\n<p>&nbsp;<\/p>\n<p style=\"text-align: justify;\"><span style=\"font-family: helvetica, arial, sans-serif;\"><img loading=\"lazy\" decoding=\"async\" class=\"aligncenter wp-image-62053 size-full\" src=\"https:\/\/inces.gob.ve\/wp-content\/uploads\/2025\/01\/IMG_20241211_194954_631-e1737127715292.jpg\" alt=\"\" width=\"800\" height=\"603\" \/><\/span><\/p>\n<p><span style=\"font-family: helvetica, arial, sans-serif;\">Juegos, din\u00e1micas, Inflables, Brinca brinca, m\u00fasica, pintacaritas y deliciosos bocadillos fueron algunos de los atractivos que los peque\u00f1os disfrutaron durante la jornada. La actividad, que cont\u00f3 con la participaci\u00f3n de trabajadores y trabajadoras del Inces Aragua, busc\u00f3 fomentar la integraci\u00f3n familiar y brindar un espacio de diversi\u00f3n para los m\u00e1s peque\u00f1os de la casa.<\/span><\/p>\n<p>&nbsp;<\/p>\n<p style=\"text-align: justify;\"><span style=\"font-family: helvetica, arial, sans-serif;\"><img loading=\"lazy\" decoding=\"async\" class=\"aligncenter wp-image-62056 size-full\" src=\"https:\/\/inces.gob.ve\/wp-content\/uploads\/2025\/01\/IMG_20241211_195011_033-e1737127742664.jpg\" alt=\"\" width=\"800\" height=\"603\" \/><\/span><br \/>\n<span style=\"font-family: helvetica, arial, sans-serif;\">\u00abEstamos muy contentos de poder celebrar \u00e9sta Fiesta de Fin de A\u00f1o para nuestros trabajadores y trabajadoras y sus hijos e hijas\u00bb, expres\u00f3 la Ingeniera Yelitza Rodr\u00edguez. \u00abQueremos que los ni\u00f1os y ni\u00f1as se sientan felices y disfruten de este d\u00eda tan especial\u00bb, agreg\u00f3.<\/span><\/p>\n<p><span style=\"font-family: helvetica, arial, sans-serif;\">La actividad, se desarroll\u00f3 en un ambiente de alegr\u00eda y camarader\u00eda, en colaboraci\u00f3n y uni\u00f3n fraterna para hacer de esta celebraci\u00f3n un d\u00eda diferente y al mismo tiempo, recreativo para los m\u00e1s peque\u00f1os de la casa.<\/span><\/p>\n<p>&nbsp;<\/p>\n<p style=\"text-align: justify;\"><span style=\"font-family: helvetica, arial, sans-serif;\"><img loading=\"lazy\" decoding=\"async\" class=\"aligncenter wp-image-62055 size-full\" src=\"https:\/\/inces.gob.ve\/wp-content\/uploads\/2025\/01\/IMG_20241211_195010_680-e1737127762274.jpg\" alt=\"\" width=\"800\" height=\"801\" \/><\/span><\/p>\n<p><span style=\"font-family: helvetica, arial, sans-serif;\">Posteriormente a la actividad y agradecidos por la oportunidad, cada ni\u00f1o y ni\u00f1a asistente recibieron diversos regalos y sorpresas de la mano del equipo de Talento Humano desde las instalaciones de la Sede Inces Regi\u00f3n Aragua, lo que hizo de esta ma\u00f1ana una experiencia inolvidable.<\/span><\/p>\n","protected":false},"excerpt":{"rendered":"<p>**Una ma\u00f1ana m\u00e1gica llena del esp\u00edritu navide\u00f1o se desarroll\u00f3 con especial alegr\u00eda en compa\u00f1\u00eda de los\u00a0 trabajadores y sus hijos<\/p>\n","protected":false},"author":15,"featured_media":62054,"comment_status":"closed","ping_status":"closed","sticky":false,"template":"","format":"standard","meta":{"footnotes":""},"categories":[2],"tags":[],"class_list":["post-62052","post","type-post","status-publish","format-standard","has-post-thumbnail","hentry","category-blog"],"_links":{"self":[{"href":"https:\/\/inces.gob.ve\/index.php\/wp-json\/wp\/v2\/posts\/62052","targetHints":{"allow":["GET"]}}],"collection":[{"href":"https:\/\/inces.gob.ve\/index.php\/wp-json\/wp\/v2\/posts"}],"about":[{"href":"https:\/\/inces.gob.ve\/index.php\/wp-json\/wp\/v2\/types\/post"}],"author":[{"embeddable":true,"href":"https:\/\/inces.gob.ve\/index.php\/wp-json\/wp\/v2\/users\/15"}],"replies":[{"embeddable":true,"href":"https:\/\/inces.gob.ve\/index.php\/wp-json\/wp\/v2\/comments?post=62052"}],"version-history":[{"count":4,"href":"https:\/\/inces.gob.ve\/index.php\/wp-json\/wp\/v2\/posts\/62052\/revisions"}],"predecessor-version":[{"id":62060,"href":"https:\/\/inces.gob.ve\/index.php\/wp-json\/wp\/v2\/posts\/62052\/revisions\/62060"}],"wp:featuredmedia":[{"embeddable":true,"href":"https:\/\/inces.gob.ve\/index.php\/wp-json\/wp\/v2\/media\/62054"}],"wp:attachment":[{"href":"https:\/\/inces.gob.ve\/index.php\/wp-json\/wp\/v2\/media?parent=62052"}],"wp:term":[{"taxonomy":"category","embeddable":true,"href":"https:\/\/inces.gob.ve\/index.php\/wp-json\/wp\/v2\/categories?post=62052"},{"taxonomy":"post_tag","embeddable":true,"href":"https:\/\/inces.gob.ve\/index.php\/wp-json\/wp\/v2\/tags?post=62052"}],"curies":[{"name":"wp","href":"https:\/\/api.w.org\/{rel}","templated":true}]}}