{"id":62131,"date":"2025-01-21T15:15:12","date_gmt":"2025-01-21T19:15:12","guid":{"rendered":"https:\/\/inces.gob.ve\/?p=62131"},"modified":"2025-01-21T15:15:12","modified_gmt":"2025-01-21T19:15:12","slug":"aragua-inces-realizo-muestra-productiva-del-pna-en-secretariado-en-el-cfs-el-limon","status":"publish","type":"post","link":"https:\/\/inces.gob.ve\/index.php\/2025\/01\/21\/aragua-inces-realizo-muestra-productiva-del-pna-en-secretariado-en-el-cfs-el-limon\/","title":{"rendered":"ARAGUA | Inces realiz\u00f3 muestra productiva del PNA en secretariado en el CFS El Lim\u00f3n"},"content":{"rendered":"<div dir=\"auto\"><em><strong><span style=\"font-family: helvetica, arial, sans-serif;\">** A trav\u00e9s de las muestras productivas los estudiantes exhiben lo aprendido durante su etapa de formaci\u00f3n<\/span><\/strong><\/em><\/div>\n<p><!--more--><\/p>\n<div dir=\"auto\"><\/div>\n<div dir=\"auto\"><\/div>\n<div dir=\"auto\"><\/div>\n<div dir=\"auto\" style=\"text-align: justify;\"><span style=\"font-family: helvetica, arial, sans-serif;\">En el marco del desarrollo de la unidad curricular Marketing Empresarial del Programa Nacional de Aprendizaje (PNA) en Secretariado en el Centro de Formaci\u00f3n Socialista El Lim\u00f3n se llev\u00f3 a cabo una exitosa muestra productiva que permiti\u00f3 a los participantes demostrar sus habilidades y destrezas en la creaci\u00f3n de productos. <\/span><\/div>\n<div dir=\"auto\"><\/div>\n<div dir=\"auto\"><\/div>\n<div dir=\"auto\" style=\"text-align: justify;\"><span style=\"font-family: helvetica, arial, sans-serif;\">Este evento se convirti\u00f3 en una plataforma ideal para que los participantes demuestren en la pr\u00e1ctica los conocimientos adquiridos durante su formaci\u00f3n.<\/span><\/div>\n<div dir=\"auto\"><\/div>\n<div dir=\"auto\" style=\"text-align: justify;\"><\/div>\n<div dir=\"auto\" style=\"text-align: justify;\"><span style=\"font-family: helvetica, arial, sans-serif;\">Siete grupos participaron en la muestra productiva presentando una variedad de productos terminados que destacaron por su calidad y creatividad. Entre los art\u00edculos ofrecidos se encontraron quesillos, productos elaborados a base de cacao, cremas, ambientadores, dulces de fresas con crema y galletas con chispitas de chocolate. Cada grupo mostr\u00f3 un enfoque \u00fanico en la presentaci\u00f3n y promoci\u00f3n de sus productos, lo que enriqueci\u00f3 la experiencia para todos los asistentes.<\/span><\/div>\n<div dir=\"auto\"><\/div>\n<div dir=\"auto\" style=\"text-align: justify;\"><\/div>\n<div dir=\"auto\" style=\"text-align: justify;\"><span style=\"font-family: helvetica, arial, sans-serif;\">La actividad cont\u00f3 con la participaci\u00f3n de 29 participantes, quienes trabajaron arduamente para preparar sus productos y atraer a los visitantes. La facilitadora del PNA, Aymara Borges, gui\u00f3 a los participantes en el proceso, brindando apoyo y asesoramiento para asegurar el \u00e9xito de cada propuesta presentada.<\/span><\/div>\n<div dir=\"auto\"><\/div>\n<div dir=\"auto\" style=\"text-align: justify;\"><\/div>\n<div dir=\"auto\" style=\"text-align: justify;\"><span style=\"font-family: helvetica, arial, sans-serif;\">El evento no solo permiti\u00f3 a los participantes aplicar sus conocimientos te\u00f3ricos en un entorno pr\u00e1ctico, sino que tambi\u00e9n foment\u00f3 el trabajo en equipo y la creatividad. La interacci\u00f3n con el p\u00fablico les brind\u00f3 la oportunidad de recibir retroalimentaci\u00f3n directa sobre sus productos, lo que resulta invaluable para su desarrollo profesional futuro.<\/span><\/div>\n<div dir=\"auto\"><\/div>\n<div dir=\"auto\" style=\"text-align: justify;\"><\/div>\n<div dir=\"auto\" style=\"text-align: justify;\"><span style=\"font-family: helvetica, arial, sans-serif;\">La muestra productiva se consolid\u00f3 como una experiencia enriquecedora que contribuy\u00f3 al aprendizaje integral de los participantes, destacando la importancia de la iniciativa emprendedora y el marketing efectivo en el \u00e1mbito empresarial. Se espera que este tipo de actividades contin\u00faen realiz\u00e1ndose para seguir impulsando el talento y la innovaci\u00f3n entre los participantes del CFS El Lim\u00f3n, destac\u00f3 Carlos Vivas, jefe del Centro.<\/span><\/div>\n","protected":false},"excerpt":{"rendered":"<p>** A trav\u00e9s de las muestras productivas los estudiantes exhiben lo aprendido durante su etapa de formaci\u00f3n<\/p>\n","protected":false},"author":4,"featured_media":55106,"comment_status":"closed","ping_status":"closed","sticky":false,"template":"","format":"standard","meta":{"footnotes":""},"categories":[2],"tags":[],"class_list":["post-62131","post","type-post","status-publish","format-standard","has-post-thumbnail","hentry","category-blog"],"_links":{"self":[{"href":"https:\/\/inces.gob.ve\/index.php\/wp-json\/wp\/v2\/posts\/62131","targetHints":{"allow":["GET"]}}],"collection":[{"href":"https:\/\/inces.gob.ve\/index.php\/wp-json\/wp\/v2\/posts"}],"about":[{"href":"https:\/\/inces.gob.ve\/index.php\/wp-json\/wp\/v2\/types\/post"}],"author":[{"embeddable":true,"href":"https:\/\/inces.gob.ve\/index.php\/wp-json\/wp\/v2\/users\/4"}],"replies":[{"embeddable":true,"href":"https:\/\/inces.gob.ve\/index.php\/wp-json\/wp\/v2\/comments?post=62131"}],"version-history":[{"count":1,"href":"https:\/\/inces.gob.ve\/index.php\/wp-json\/wp\/v2\/posts\/62131\/revisions"}],"predecessor-version":[{"id":62132,"href":"https:\/\/inces.gob.ve\/index.php\/wp-json\/wp\/v2\/posts\/62131\/revisions\/62132"}],"wp:featuredmedia":[{"embeddable":true,"href":"https:\/\/inces.gob.ve\/index.php\/wp-json\/wp\/v2\/media\/55106"}],"wp:attachment":[{"href":"https:\/\/inces.gob.ve\/index.php\/wp-json\/wp\/v2\/media?parent=62131"}],"wp:term":[{"taxonomy":"category","embeddable":true,"href":"https:\/\/inces.gob.ve\/index.php\/wp-json\/wp\/v2\/categories?post=62131"},{"taxonomy":"post_tag","embeddable":true,"href":"https:\/\/inces.gob.ve\/index.php\/wp-json\/wp\/v2\/tags?post=62131"}],"curies":[{"name":"wp","href":"https:\/\/api.w.org\/{rel}","templated":true}]}}