{"id":62195,"date":"2024-11-23T13:44:12","date_gmt":"2024-11-23T17:44:12","guid":{"rendered":"https:\/\/inces.gob.ve\/?p=62195"},"modified":"2025-01-22T14:29:29","modified_gmt":"2025-01-22T18:29:29","slug":"aragua-celebramos-otra-edicion-junto-a-las-mujeres-de-la-patria-desde-el-programa-somos-inces","status":"publish","type":"post","link":"https:\/\/inces.gob.ve\/index.php\/2024\/11\/23\/aragua-celebramos-otra-edicion-junto-a-las-mujeres-de-la-patria-desde-el-programa-somos-inces\/","title":{"rendered":"ARAGUA | Celebramos otra edici\u00f3n junto a las mujeres de la patria desde el Programa Somos Inces"},"content":{"rendered":"<div id=\":um\" class=\"ii gt\">\n<div id=\":un\" class=\"a3s aiL \">\n<div dir=\"ltr\">\n<div class=\"gmail_quote\">\n<div dir=\"auto\">\n<div dir=\"auto\"><\/div>\n<\/div>\n<\/div>\n<\/div>\n<\/div>\n<div id=\":un\" class=\"a3s aiL \">\n<div dir=\"ltr\">\n<div class=\"gmail_quote\">\n<div dir=\"auto\">\n<div dir=\"auto\" style=\"text-align: justify;\"><em><strong>*<span style=\"font-family: helvetica, arial, sans-serif;\">*La importancia del trabajo en equipo fue el gran protagonista como pilar de inspiraci\u00f3n\u00a0<\/span><\/strong><\/em><\/div>\n<\/div>\n<\/div>\n<\/div>\n<\/div>\n<\/div>\n<p style=\"text-align: justify;\"><span style=\"font-family: helvetica, arial, sans-serif;\"><!--more--><\/span><\/p>\n<div dir=\"auto\" style=\"text-align: justify;\"><\/div>\n<div id=\":um\" class=\"ii gt\" style=\"text-align: justify;\">\n<div id=\":un\" class=\"a3s aiL \">\n<div dir=\"ltr\">\n<div class=\"gmail_quote\">\n<div dir=\"auto\">\n<div dir=\"auto\"><span style=\"font-family: helvetica, arial, sans-serif;\">NINOSKA PATRIZ\u00a0<\/span><\/div>\n<div dir=\"auto\"><\/div>\n<div dir=\"auto\"><span style=\"font-family: helvetica, arial, sans-serif;\">En esta oportunidad desde el programa de Radio Somos Inces se destac\u00f3 que en la regi\u00f3n Arague\u00f1a la formaci\u00f3n y autoformaci\u00f3n colectiva, integral, continua y permanente de los trabajadores, hoy por hoy es liderada por mujeres, motivadoras, multiplicadoras y con fuerte esp\u00edritu de servicio y este es el caso de las Invitadas: Dulce Pulgar, Milenis Rodr\u00edguez y Jhojani Marrero, jefas de Servicio y Mantenimiento, Planificaci\u00f3n y Administraci\u00f3n respectivamente.<\/span><\/div>\n<\/div>\n<div dir=\"auto\"><\/div>\n<div dir=\"auto\"><span style=\"font-family: helvetica, arial, sans-serif;\"><img loading=\"lazy\" decoding=\"async\" class=\"aligncenter wp-image-62196 size-full\" src=\"https:\/\/inces.gob.ve\/wp-content\/uploads\/2025\/01\/IMG_20241115_110619-scaled-e1737567698379.jpg\" alt=\"\" width=\"800\" height=\"603\" \/><\/span><\/div>\n<div dir=\"auto\">\n<div dir=\"auto\"><\/div>\n<div dir=\"auto\"><span style=\"font-family: helvetica, arial, sans-serif;\">Durante la entrevista la Ing. Dulce Pulgar expres\u00f3 que durante 32 a\u00f1os de servicio ha cumplido fielmente sus actividades desde la Divisi\u00f3n de Servicio y Mantenimiento: \u201ctodos somos entes de la siembra de valores mediante la responsabilidad y el empe\u00f1o en nuestras labores\u201d. Y agreg\u00f3: \u00abEste trabajo es de vital importancia pues se procura el buen estado de los talleres, operatividad de equipos, m\u00e1quinas, laboratorios,\u00a0 salones de clase, los ba\u00f1os, pasillos, galpones, comedores, \u00e1reas verdes, sistemas el\u00e9ctricos, agua y mucho m\u00e1s, en todos los ambientes formativos de la regi\u00f3n\u00bb.<\/span><\/div>\n<\/div>\n<div dir=\"auto\"><\/div>\n<div dir=\"auto\"><span style=\"font-family: helvetica, arial, sans-serif;\"><img loading=\"lazy\" decoding=\"async\" class=\"aligncenter wp-image-62197 size-full\" src=\"https:\/\/inces.gob.ve\/wp-content\/uploads\/2025\/01\/IMG_20241115_110728-scaled-e1737567756870.jpg\" alt=\"\" width=\"800\" height=\"537\" \/><\/span><\/div>\n<div dir=\"auto\">\n<div dir=\"auto\"><\/div>\n<div dir=\"auto\"><span style=\"font-family: helvetica, arial, sans-serif;\">En \u00e9ste aspecto la jefa del Departamento de Planificaci\u00f3n Licenciada Milenis Rodr\u00edguez, destac\u00f3 la importancia de los procesos administrativos, proyectos, organizaci\u00f3n, diagn\u00f3stico, direcci\u00f3n, coordinaci\u00f3n y efectivo avance para mejora de todos los servicios b\u00e1sicos de cada Centro, en trabajo conjunto con el personal de Administraci\u00f3n y de Servicio y mantenimiento.\u00a0<\/span><\/div>\n<div dir=\"auto\"><\/div>\n<div dir=\"auto\"><span style=\"font-family: helvetica, arial, sans-serif;\">Por su parte y para finalizar la Licenciada Jhojani Marrero, Jefa del Departamento de Administraci\u00f3n afirm\u00f3: \u00abEl \u00e9xito del trabajo en equipo es fruto de la combinaci\u00f3n de acciones arm\u00f3nicas y en base a esto agradecemos al Inces todas las hermosas experiencias\u00bb, en referencia al buen engranaje que se desarrolla para llevar a cabo con eficiencia cada una de las labores formativas de esta gran casa de estudios.<\/span><\/div>\n<\/div>\n<div class=\"yj6qo\"><\/div>\n<div class=\"adL\"><\/div>\n<\/div>\n<\/div>\n<div class=\"adL\"><\/div>\n<\/div>\n<\/div>\n<div id=\":28\" class=\"hq gt\">\n<div class=\"hp\" style=\"text-align: justify;\"><\/div>\n<div id=\":2a\" class=\"ho\">\n<p>&nbsp;<\/p>\n<div class=\"a2b\"><\/div>\n<\/div>\n<\/div>\n","protected":false},"excerpt":{"rendered":"<p>**La importancia del trabajo en equipo fue el gran protagonista como pilar de inspiraci\u00f3n\u00a0<\/p>\n","protected":false},"author":15,"featured_media":62198,"comment_status":"closed","ping_status":"closed","sticky":false,"template":"","format":"standard","meta":{"footnotes":""},"categories":[2],"tags":[],"class_list":["post-62195","post","type-post","status-publish","format-standard","has-post-thumbnail","hentry","category-blog"],"_links":{"self":[{"href":"https:\/\/inces.gob.ve\/index.php\/wp-json\/wp\/v2\/posts\/62195","targetHints":{"allow":["GET"]}}],"collection":[{"href":"https:\/\/inces.gob.ve\/index.php\/wp-json\/wp\/v2\/posts"}],"about":[{"href":"https:\/\/inces.gob.ve\/index.php\/wp-json\/wp\/v2\/types\/post"}],"author":[{"embeddable":true,"href":"https:\/\/inces.gob.ve\/index.php\/wp-json\/wp\/v2\/users\/15"}],"replies":[{"embeddable":true,"href":"https:\/\/inces.gob.ve\/index.php\/wp-json\/wp\/v2\/comments?post=62195"}],"version-history":[{"count":3,"href":"https:\/\/inces.gob.ve\/index.php\/wp-json\/wp\/v2\/posts\/62195\/revisions"}],"predecessor-version":[{"id":62201,"href":"https:\/\/inces.gob.ve\/index.php\/wp-json\/wp\/v2\/posts\/62195\/revisions\/62201"}],"wp:featuredmedia":[{"embeddable":true,"href":"https:\/\/inces.gob.ve\/index.php\/wp-json\/wp\/v2\/media\/62198"}],"wp:attachment":[{"href":"https:\/\/inces.gob.ve\/index.php\/wp-json\/wp\/v2\/media?parent=62195"}],"wp:term":[{"taxonomy":"category","embeddable":true,"href":"https:\/\/inces.gob.ve\/index.php\/wp-json\/wp\/v2\/categories?post=62195"},{"taxonomy":"post_tag","embeddable":true,"href":"https:\/\/inces.gob.ve\/index.php\/wp-json\/wp\/v2\/tags?post=62195"}],"curies":[{"name":"wp","href":"https:\/\/api.w.org\/{rel}","templated":true}]}}