{"id":62248,"date":"2025-01-24T10:16:40","date_gmt":"2025-01-24T14:16:40","guid":{"rendered":"https:\/\/inces.gob.ve\/?p=62248"},"modified":"2025-01-24T10:18:45","modified_gmt":"2025-01-24T14:18:45","slug":"amazonas-se-celebro-conversatorio-en-honor-a-luis-beltran-prieto-figueroa","status":"publish","type":"post","link":"https:\/\/inces.gob.ve\/index.php\/2025\/01\/24\/amazonas-se-celebro-conversatorio-en-honor-a-luis-beltran-prieto-figueroa\/","title":{"rendered":"AMAZONAS | Se celebr\u00f3 conversatorio en honor a Luis Beltr\u00e1n Prieto Figueroa"},"content":{"rendered":"<div dir=\"ltr\"><b>\u00a0<\/b><\/div>\n<div><span style=\"font-family: helvetica, arial, sans-serif;\"><em><strong>** Trabajadores inces honran el legado del ilustre venezolano, Luis Beltr\u00e1n Prieto Figueroa.<\/strong><\/em><\/span><\/div>\n<p><span style=\"font-family: helvetica, arial, sans-serif;\"><!--more--><\/span><\/p>\n<div><\/div>\n<div><span style=\"font-family: helvetica, arial, sans-serif;\">FELIX RUIZ<\/span><\/div>\n<div dir=\"ltr\"><span style=\"font-family: helvetica, arial, sans-serif;\">El Instituto Nacional de Capacitaci\u00f3n y Educaci\u00f3n Socialista (Inces) Amazonas realiz\u00f3 con todo \u00e9xito un conversatorio en homenaje al destacado educador y fil\u00f3sofo venezolano, Luis Beltr\u00e1n Prieto Figueroa. La actividad tuvo lugar en las instalaciones del centro de formacion socialista (CFS) Casique Aramare, esto en el marco del D\u00eda del Maestro.<\/span><\/div>\n<div dir=\"ltr\"><\/div>\n<div dir=\"ltr\"><span style=\"font-family: helvetica, arial, sans-serif;\">Luis Beltr\u00e1n Prieto Figueroa, nacido el 14 de marzo de 1902, es ampliamente reconocido como el \u00abMaestro de Maestros\u00bb debido a su monumental contribuci\u00f3n al sistema educativo venezolano. Su legado abarca la fundaci\u00f3n del Instituto Nacional de Cooperaci\u00f3n Educativa (INCE) en 1959, una instituci\u00f3n que ha sido fundamental en la formaci\u00f3n t\u00e9cnica y profesional del pa\u00eds.\u00a0<\/span><\/div>\n<div dir=\"ltr\"><\/div>\n<div dir=\"ltr\"><\/div>\n<div dir=\"ltr\"><span style=\"font-family: helvetica, arial, sans-serif;\"><img loading=\"lazy\" decoding=\"async\" class=\"aligncenter wp-image-62249 size-full\" src=\"https:\/\/inces.gob.ve\/wp-content\/uploads\/2025\/01\/WhatsApp-Image-2025-01-15-at-12.02.18-PM1-e1737728082119.jpeg\" alt=\"\" width=\"800\" height=\"525\" \/><\/span><\/div>\n<div dir=\"ltr\"><\/div>\n<div dir=\"ltr\"><\/div>\n<div dir=\"ltr\"><span style=\"font-family: helvetica, arial, sans-serif;\">Prieto Figueroa tambi\u00e9n fue un defensor apasionado de la dignidad del magisterio y luch\u00f3 por pol\u00edticas p\u00fablicas que elevan el papel y reconocimiento de los docentes. En el marco del conversatorio, tambi\u00e9n se rindi\u00f3 un sentido homenaje al D\u00eda del Maestro, donde se destac\u00f3 la importancia del trabajo y la dedicaci\u00f3n de los educadores y trabajadores en general. Se resalt\u00f3 c\u00f3mo las ense\u00f1anzas de Prieto Figueroa son un ejemplo de compromiso y esfuerzo por construir una sociedad mejor.<\/span><\/div>\n<div dir=\"ltr\"><\/div>\n<div dir=\"ltr\"><span style=\"font-family: helvetica, arial, sans-serif;\">Por su parte, el maestro t\u00e9cnico productivo (MTP) Tom\u00e1s Garc\u00eda Bol\u00edvar, expres\u00f3 durante su intervenci\u00f3n: \u00abLuis Beltr\u00e1n Prieto Figueroa no solo transform\u00f3 la educaci\u00f3n t\u00e9cnica en nuestro pa\u00eds, sino que tambi\u00e9n nos dej\u00f3 un legado de principios y valores que deben guiar nuestro trabajo diario. Su visi\u00f3n sigue siendo una fuente de inspiraci\u00f3n para todos los que creemos en la educaci\u00f3n como motor de desarrollo y progreso\u00bb.<\/span><\/div>\n<div dir=\"ltr\"><\/div>\n<div dir=\"ltr\"><span style=\"font-family: helvetica, arial, sans-serif;\">El objetivo de este conversatorio fue no solo rendir homenaje a la memoria de Luis Beltr\u00e1n Prieto Figueroa, sino tambi\u00e9n fomentar un espacio de reflexi\u00f3n y di\u00e1logo sobre la educaci\u00f3n en Venezuela. Prieto Figueroa dedic\u00f3 su vida a la mejora de la educaci\u00f3n y la dignificaci\u00f3n del rol de los educadores. Su visi\u00f3n y sus esfuerzos contin\u00faan inspirando a generaciones de estudiantes y maestros.<\/span><\/div>\n<div class=\"yj6qo\"><\/div>\n<div class=\"adL\" dir=\"ltr\"><\/div>\n","protected":false},"excerpt":{"rendered":"<p>\u00a0 ** Trabajadores inces honran el legado del ilustre venezolano, Luis Beltr\u00e1n Prieto Figueroa.<\/p>\n","protected":false},"author":15,"featured_media":62250,"comment_status":"closed","ping_status":"closed","sticky":false,"template":"","format":"standard","meta":{"footnotes":""},"categories":[2],"tags":[],"class_list":["post-62248","post","type-post","status-publish","format-standard","has-post-thumbnail","hentry","category-blog"],"_links":{"self":[{"href":"https:\/\/inces.gob.ve\/index.php\/wp-json\/wp\/v2\/posts\/62248","targetHints":{"allow":["GET"]}}],"collection":[{"href":"https:\/\/inces.gob.ve\/index.php\/wp-json\/wp\/v2\/posts"}],"about":[{"href":"https:\/\/inces.gob.ve\/index.php\/wp-json\/wp\/v2\/types\/post"}],"author":[{"embeddable":true,"href":"https:\/\/inces.gob.ve\/index.php\/wp-json\/wp\/v2\/users\/15"}],"replies":[{"embeddable":true,"href":"https:\/\/inces.gob.ve\/index.php\/wp-json\/wp\/v2\/comments?post=62248"}],"version-history":[{"count":6,"href":"https:\/\/inces.gob.ve\/index.php\/wp-json\/wp\/v2\/posts\/62248\/revisions"}],"predecessor-version":[{"id":62256,"href":"https:\/\/inces.gob.ve\/index.php\/wp-json\/wp\/v2\/posts\/62248\/revisions\/62256"}],"wp:featuredmedia":[{"embeddable":true,"href":"https:\/\/inces.gob.ve\/index.php\/wp-json\/wp\/v2\/media\/62250"}],"wp:attachment":[{"href":"https:\/\/inces.gob.ve\/index.php\/wp-json\/wp\/v2\/media?parent=62248"}],"wp:term":[{"taxonomy":"category","embeddable":true,"href":"https:\/\/inces.gob.ve\/index.php\/wp-json\/wp\/v2\/categories?post=62248"},{"taxonomy":"post_tag","embeddable":true,"href":"https:\/\/inces.gob.ve\/index.php\/wp-json\/wp\/v2\/tags?post=62248"}],"curies":[{"name":"wp","href":"https:\/\/api.w.org\/{rel}","templated":true}]}}