{"id":62338,"date":"2024-12-07T10:56:24","date_gmt":"2024-12-07T14:56:24","guid":{"rendered":"https:\/\/inces.gob.ve\/?p=62338"},"modified":"2025-01-27T12:08:23","modified_gmt":"2025-01-27T16:08:23","slug":"conversatorio-intersaber-pensamiento-gramsciano-y-el-sur-global","status":"publish","type":"post","link":"https:\/\/inces.gob.ve\/index.php\/2024\/12\/07\/conversatorio-intersaber-pensamiento-gramsciano-y-el-sur-global\/","title":{"rendered":"Conversatorio Intersaber: Pensamiento gramsciano y el Sur Global"},"content":{"rendered":"<p style=\"text-align: justify;\" align=\"justify\"><span style=\"font-family: helvetica, arial, sans-serif;\"><i><b>*<\/b><\/i><em><strong>* Pensamiento gramsciano y el Sur\u00a0Global\u00a0fue el t\u00edtulo de un conversatorio organizado por el\u00a0Centro de Pensamiento Intersaber\u00a0y en el que participaron en calidad de ponentes el fil\u00f3sofo italiano\u00a0Gianni Fresu\u00a0y el magistrado venezolano\u00a0Luis Damiani Bustillos\u00a0quienes ofrecieron a los presentes en el\u00a0sal\u00f3n Santa In\u00e9s\u00a0&#8211;\u00a0edificio sede del Inces\u00a0&#8211; interesantes perspectivas del pensamiento pol\u00edtico y filos\u00f3fico de\u00a0Antonio Gramsci.1024<\/strong><\/em><\/span><\/p>\n<p style=\"text-align: justify;\" align=\"justify\"><span style=\"font-family: helvetica, arial, sans-serif;\"><!--more--><\/span><\/p>\n<p align=\"justify\"><span style=\"font-family: helvetica, arial, sans-serif;\">Esta actividad fue programada en el marco de una serie de intercambios entre grupos de investigaci\u00f3n y de saberes a objeto de promover encuentros y debates entre las organizaciones sociales, pol\u00edticas, redes virtuales, plataformas de solidaridad e individualidades del mundo acad\u00e9mico en el prop\u00f3sito de aportar al proceso de construcci\u00f3n de un modelo alternativo al hegem\u00f3n occidental.<\/span><\/p>\n<p align=\"justify\"><span style=\"font-family: helvetica, arial, sans-serif;\">El conversatorio fue moderado por el<b>\u00a0doctor<\/b><b>\u00a0Franklin Gonz\u00e1lez<\/b>\u00a0quien le cedi\u00f3 el micr\u00f3fono v\u00eda streaming, y desde Brasil, a Gianni Fresu, un acad\u00e9mico egresado de la Universidad de Urbino (Italia) y que adem\u00e1s se desempe\u00f1a como profesor de Filosof\u00eda Pol\u00edtica en la Universidad de Cagliari, (Italia) y en la Universidad Federal de Uberl\u00e2ndia (MG\/Brasil). Fresu es miembro fundador de la\u00a0<i>International Gramsci Society\u00a0<\/i><i>Brasil<\/i>, cuya presidencia ejerci\u00f3 desde los a\u00f1os 2019-2022.<\/span><\/p>\n<p align=\"justify\"><span style=\"font-family: helvetica, arial, sans-serif;\">Ambos ponentes destacaron el importante rol que tuvo Gramsci como te\u00f3rico renovador del pensamiento marxista al que denomin\u00f3 \u201cfilosof\u00eda de la pr\u00e1ctica\u201d porque \u201ces una manera de pensar que historiza los problemas te\u00f3ricos al concebirlos siempre como problemas de cultura y de la vida global de la humanidad\u201d. Este pensador italiano naci\u00f3 en la isla de Cerde\u00f1a (Italia) en 1891 y desde adolescente tuvo inclinaciones por las letras y la pol\u00edtica. A pesar de muchas restricciones econ\u00f3micas y de dificultades por situaciones de guerra logra establecerse en la ciudad de Tur\u00edn donde ya en 1913 es un destacado e influyente periodista.<\/span><\/p>\n<p align=\"justify\"><span style=\"font-family: helvetica, arial, sans-serif;\">Una influencia que pr\u00e1cticamente le cost\u00f3 la vida porque el fascismo liderado por Benito Mussolini consider\u00f3 su pensamiento como un peligro que no se pod\u00eda tolerar: \u201cDebemos impedir que este cerebro deje de funcionar, por lo menos, veinte a\u00f1os\u201d, un veredicto que literalmente le ocasiona la muerte luego de varios a\u00f1os de reclusi\u00f3n.<\/span><\/p>\n<p align=\"justify\"><span style=\"font-family: helvetica, arial, sans-serif;\">Gramsci muere a los 46 a\u00f1os dejando una veintena de libros escritos entre filosof\u00eda pol\u00edtica, reflexiones sobre la cultura, papel de los intelectuales, marxismo, hegemon\u00eda de los excluidos, educaci\u00f3n, Revoluci\u00f3n Rusa, fascismo, entre otras valiosas reflexiones que a\u00fan hoy se lee como temas de actualidad.<\/span><\/p>\n<p align=\"justify\"><span style=\"font-family: helvetica, arial, sans-serif;\">Gramsci escribi\u00f3 durante su reclusi\u00f3n, los\u00a0denominados\u00a0<strong>Cuadernos de la c\u00e1rcel,\u00a0<\/strong><strong>textos que<\/strong>\u00a0<strong>constituyen m\u00e1s de\u00a0<\/strong><strong>tres mil<\/strong><strong>\u00a0p\u00e1ginas de historia y an\u00e1lisis pol\u00edtico-filos\u00f3ficos, redactados\u00a0<\/strong><strong>entre<\/strong><strong>\u00a01929 a 1935.\u00a0<\/strong><strong>Estos apuntes, en clave de diario literario, se han considerado los textos\u00a0<\/strong><strong>m\u00e1s importante<\/strong><strong>s<\/strong><strong>\u00a0que se haya<\/strong><strong>n<\/strong><strong>\u00a0escrito sobre la funci\u00f3n educativa y pol\u00edtica de los intelectuales.<\/strong><\/span><\/p>\n<p align=\"justify\"><span style=\"font-family: helvetica, arial, sans-serif;\"><b>Gianni Fresu<\/b><\/span><\/p>\n<p align=\"justify\"><span style=\"font-family: helvetica, arial, sans-serif;\">En una exposici\u00f3n de treinta minutos y que se puede conseguir por la plataforma\u00a0<i>Youtube\u00a0<\/i>de Intersaber, Gianni Fresu hace un repaso del pensamiento gramsciano, sobre todo, en aspectos como: la estructura cl\u00e1sica del Estado, la activa sociedad civil en rol hegem\u00f3nico que incluye a los intelectuales org\u00e1nicos en labores de redenci\u00f3n social y pol\u00edtica, la hegemon\u00eda, el bloque hist\u00f3rico, la cultura popular, la conciencia social, la redenci\u00f3n del sur, la colonizaci\u00f3n, el marxismo y reflexiones sobre el fascismo, entre otros puntos expuestos.<\/span><\/p>\n<p align=\"justify\"><span style=\"font-family: helvetica, arial, sans-serif;\">Fresu afirm\u00f3 que Gramsci, junto a Maquiavelo y Dante Alighieri son las figuras m\u00e1ximas de la cultura y la lengua italiana que han sido estudiados y traducidos a diversas lenguas en el mundo.<\/span><\/p>\n<p align=\"justify\"><span style=\"font-family: helvetica, arial, sans-serif;\">Consider\u00f3 que el fil\u00f3sofo sardo es reconocido universalmente como el \u201cte\u00f3rico de la hegemon\u00eda\u201d, porque fue capaz de reconocer algunos aspectos del poder del Estado que, en muchos casos, son muy actuales; sin embargo, a pesar de observar esta mole estructural, Gramsci no tuvo dudas en pensar que en esta visi\u00f3n hab\u00eda una percepci\u00f3n superficial del Estado.<\/span><\/p>\n<p align=\"justify\"><span style=\"font-family: helvetica, arial, sans-serif;\">\u201cSe entend\u00eda as\u00ed que el Estado ten\u00eda la funci\u00f3n del monopolio de la fuerza a trav\u00e9s de los mecanismos de la justicia, del orden represivo, del ej\u00e9rcito, pero, en contraposici\u00f3n, pensaba que detr\u00e1s de esta estructura hay una articulaci\u00f3n de mucho peso que se ejerce sobre la sociedad civil, pues, para el pensamiento liberal, la pol\u00edtica y la sociedad civil est\u00e1n unidas org\u00e1nicamente con el Estado\u201d.<\/span><\/p>\n<p align=\"justify\"><span style=\"font-family: helvetica, arial, sans-serif;\">Fresu estima que Gramsci es un autor para el Sur Global, porque su pensamiento est\u00e1 asociado a la identificaci\u00f3n de su isla natal (Sardegna) que era pobre, marginada, subdesarrollada, colonizada por el norte industrializado, similar a otras partes del mundo como \u00c1frica o Am\u00e9rica Latina; por ello considera que su pensamiento es esencial para los movimientos que luchan contra la colonizaci\u00f3n.<\/span><\/p>\n<p align=\"justify\"><span style=\"font-family: helvetica, arial, sans-serif;\"><b>Luis Damiani Bustillos<\/b><\/span><\/p>\n<p align=\"justify\"><span style=\"font-family: helvetica, arial, sans-serif;\">Seguidamente, el magistrado Luis Damiani Bustillos desarroll\u00f3 su ponencia sobre la base de la vigencia del pensamiento de Antonio Gramsci; un pensamiento que, por su significado, convoca al proceso pol\u00edtico venezolano: \u201cSus herramientas conceptuales, su visi\u00f3n del mundo, tiene el objetivo de analizar los procesos, de explicar nuestro desarrollo hist\u00f3rico, para desentra\u00f1ar la complejidad de la formaci\u00f3n social venezolana que actualmente est\u00e1 en transici\u00f3n hacia el socialismo\u201d.<\/span><\/p>\n<p align=\"justify\"><span style=\"font-family: helvetica, arial, sans-serif;\">Damiani Bustillos habl\u00f3 sobre el bloque hist\u00f3rico, un concepto o categor\u00eda del que se ocup\u00f3 Gramsci para establecer un importante aporte al marxismo. \u201cCon la herramienta del bloque hist\u00f3rico en Venezuela, lo que se intenta es generar un proceso de reflexi\u00f3n y de conciencia, la batalla contra el fascismo, el logro de la paz y comenzar a dibujar el futuro de Venezuela\u201d.<\/span><\/p>\n<p align=\"justify\"><span style=\"font-family: helvetica, arial, sans-serif;\">\u201cPorque se trata de elaborar propuestas desde las organizaciones de base para construir una visi\u00f3n program\u00e1tica y estrat\u00e9gica para la construcci\u00f3n del socialismo, aunada a una visi\u00f3n geopol\u00edtica y estrat\u00e9gica para la lucha contra el imperialismo\u201d.<\/span><\/p>\n<p align=\"justify\"><span style=\"font-family: helvetica, arial, sans-serif;\">Para el Magistrado este hecho es muy importante \u201cporque se han dado pasos hacia la democratizaci\u00f3n del poder, hecho que no permite el divorcio entre el poder pol\u00edtico dirigente y el pueblo\u201d, asimismo, \u201cporque desarrolla un aut\u00e9ntico sentido de naci\u00f3n y genera un nuevo tipo de estructura social y econ\u00f3mica en el prop\u00f3sito de construir nuevas relaciones sociales en la sociedad venezolana\u201d.<\/span><\/p>\n<p align=\"justify\"><span style=\"font-family: helvetica, arial, sans-serif;\">\u201cCon el concepto de bloque hist\u00f3rico, los grupos subalternos son llamados a elaborar una estrategia operativa y pol\u00edtica a trav\u00e9s de una democracia participativa y protag\u00f3nica para la construcci\u00f3n de una nueva hegemon\u00eda popular, un nuevo orden social pol\u00edtico y moral seg\u00fan los lineamientos del comandante Hugo Ch\u00e1vez\u201d, concluy\u00f3 Luis Damiani Bustillos.<\/span><\/p>\n","protected":false},"excerpt":{"rendered":"<p>** Pensamiento gramsciano y el Sur\u00a0Global\u00a0fue el t\u00edtulo de un conversatorio organizado por el\u00a0Centro de Pensamiento Intersaber\u00a0y en el que participaron en calidad de ponentes el fil\u00f3sofo italiano\u00a0Gianni Fresu\u00a0y el magistrado venezolano\u00a0Luis Damiani Bustillos\u00a0quienes ofrecieron a los presentes en el\u00a0sal\u00f3n Santa In\u00e9s\u00a0&#8211;\u00a0edificio sede del Inces\u00a0&#8211; interesantes perspectivas del pensamiento pol\u00edtico y filos\u00f3fico de\u00a0Antonio Gramsci.1024<\/p>\n","protected":false},"author":15,"featured_media":62339,"comment_status":"closed","ping_status":"closed","sticky":false,"template":"","format":"standard","meta":{"footnotes":""},"categories":[2],"tags":[],"class_list":["post-62338","post","type-post","status-publish","format-standard","has-post-thumbnail","hentry","category-blog"],"_links":{"self":[{"href":"https:\/\/inces.gob.ve\/index.php\/wp-json\/wp\/v2\/posts\/62338","targetHints":{"allow":["GET"]}}],"collection":[{"href":"https:\/\/inces.gob.ve\/index.php\/wp-json\/wp\/v2\/posts"}],"about":[{"href":"https:\/\/inces.gob.ve\/index.php\/wp-json\/wp\/v2\/types\/post"}],"author":[{"embeddable":true,"href":"https:\/\/inces.gob.ve\/index.php\/wp-json\/wp\/v2\/users\/15"}],"replies":[{"embeddable":true,"href":"https:\/\/inces.gob.ve\/index.php\/wp-json\/wp\/v2\/comments?post=62338"}],"version-history":[{"count":5,"href":"https:\/\/inces.gob.ve\/index.php\/wp-json\/wp\/v2\/posts\/62338\/revisions"}],"predecessor-version":[{"id":62344,"href":"https:\/\/inces.gob.ve\/index.php\/wp-json\/wp\/v2\/posts\/62338\/revisions\/62344"}],"wp:featuredmedia":[{"embeddable":true,"href":"https:\/\/inces.gob.ve\/index.php\/wp-json\/wp\/v2\/media\/62339"}],"wp:attachment":[{"href":"https:\/\/inces.gob.ve\/index.php\/wp-json\/wp\/v2\/media?parent=62338"}],"wp:term":[{"taxonomy":"category","embeddable":true,"href":"https:\/\/inces.gob.ve\/index.php\/wp-json\/wp\/v2\/categories?post=62338"},{"taxonomy":"post_tag","embeddable":true,"href":"https:\/\/inces.gob.ve\/index.php\/wp-json\/wp\/v2\/tags?post=62338"}],"curies":[{"name":"wp","href":"https:\/\/api.w.org\/{rel}","templated":true}]}}