{"id":62482,"date":"2025-02-04T12:32:22","date_gmt":"2025-02-04T16:32:22","guid":{"rendered":"https:\/\/inces.gob.ve\/?p=62482"},"modified":"2025-02-04T12:32:48","modified_gmt":"2025-02-04T16:32:48","slug":"yaracuy-inces-crea-alianza-con-transportistas","status":"publish","type":"post","link":"https:\/\/inces.gob.ve\/index.php\/2025\/02\/04\/yaracuy-inces-crea-alianza-con-transportistas\/","title":{"rendered":"YARACUY |  Inces crea alianza con transportistas"},"content":{"rendered":"<div id=\":1pk\" class=\"ii gt\">\n<div id=\":1pj\" class=\"a3s aiL \">\n<div dir=\"ltr\">\n<div class=\"gmail_quote\">\n<div dir=\"auto\">\n<div dir=\"auto\"><\/div>\n<\/div>\n<\/div>\n<div dir=\"auto\"><span style=\"font-family: helvetica, arial, sans-serif;\"><em><strong>**Representantes del Sindicato de Transporte Ejecutivo (Setra) est\u00e1 motivado para capacitar a todo el personal y avanzar hacia la formaci\u00f3n t\u00e9cnica profesional\u00a0<\/strong><\/em><\/span><\/div>\n<\/div>\n<\/div>\n<\/div>\n<p><span style=\"font-family: helvetica, arial, sans-serif;\"><!--more--><\/span><\/p>\n<div dir=\"auto\"><\/div>\n<div id=\":1pk\" class=\"ii gt\">\n<div id=\":1pj\" class=\"a3s aiL \">\n<div dir=\"ltr\">\n<div class=\"gmail_quote\">\n<div dir=\"auto\">\n<div dir=\"auto\"><\/div>\n<div dir=\"auto\"><\/div>\n<\/div>\n<\/div>\n<\/div>\n<\/div>\n<\/div>\n<div id=\":1pk\" class=\"ii gt\">\n<div id=\":1pj\" class=\"a3s aiL \">\n<div dir=\"ltr\">\n<div class=\"gmail_quote\">\n<div dir=\"auto\">\n<div dir=\"auto\"><span style=\"font-family: helvetica, arial, sans-serif;\">Respondiendo a solicitud realizada por representantes del sector transporte p\u00fablico, el gerente regional del Instituto Nacional de Capacitaci\u00f3n y Educaci\u00f3n Socialista (Inces), regi\u00f3n Yaracuy, Dalvi Torrealba, se reuni\u00f3 con el presidente del Sindicato Ejecutivo de Transporte Setra Seccional Yaracuy, Jos\u00e9 Luis Baz\u00e1n y la junta directiva del mismo.<\/span><\/div>\n<div dir=\"auto\"><\/div>\n<div dir=\"auto\"><\/div>\n<div dir=\"auto\"><span style=\"font-family: helvetica, arial, sans-serif;\">Torrealba quien estuvo acompa\u00f1ando adem\u00e1s por el jefe de la Divisi\u00f3n de Formaci\u00f3n Profesional, Rafael Arias y la Coordinadora del \u00e1mbito Entidades de Trabajo, Johana Garc\u00eda, di\u00f3 a conocer a la junta directiva del sindicato, todas las ofertas formativas que ofrece el Inces, enfatizando en algunas que son de suma importancia para todos los trabajadores del volante.<\/span><\/div>\n<div dir=\"auto\"><\/div>\n<div dir=\"auto\"><\/div>\n<div dir=\"auto\"><span style=\"font-family: helvetica, arial, sans-serif;\">Explic\u00f3 la metodolog\u00eda de trabajo y cuales son los motores productivos que abarca el Inces, y las posibilidades de aprender oficios varios no solo en el \u00e1mbito transporte p\u00fablico; sino en todas las \u00e1reas de la vida cotidiana de los participantes.<\/span><\/div>\n<div dir=\"auto\"><\/div>\n<div dir=\"auto\"><\/div>\n<div dir=\"auto\"><span style=\"font-family: helvetica, arial, sans-serif;\">La intenci\u00f3n es\u00a0 garantizar la capacitaci\u00f3n de todos los hombres y mujeres quienes hacen vida en el sector transporte, en busca de avanzar hacia la formaci\u00f3n t\u00e9cnica y profesional.\u00a0<\/span><\/div>\n<\/div>\n<div dir=\"auto\"><\/div>\n<div dir=\"auto\"><span style=\"font-family: helvetica, arial, sans-serif;\"><img loading=\"lazy\" decoding=\"async\" class=\"aligncenter wp-image-62483 size-full\" src=\"https:\/\/inces.gob.ve\/wp-content\/uploads\/2025\/02\/IMG-20250129-WA0078-e1738686631685.jpg\" alt=\"\" width=\"800\" height=\"600\" \/><\/span><\/div>\n<div dir=\"auto\">\n<div dir=\"auto\"><\/div>\n<div dir=\"auto\"><span style=\"font-family: helvetica, arial, sans-serif;\">Durante el encuentro se coordino un primer bloque de unidades curriculares que ser\u00e1n impartidas por los maestros Inces al equipo de Setra, entre est\u00e1 destacan: Oratoria, atenci\u00f3n al ciudadano, desarrollo humano y primeros auxilios.<\/span><\/div>\n<div dir=\"auto\"><\/div>\n<div dir=\"auto\"><\/div>\n<div dir=\"auto\"><span style=\"font-family: helvetica, arial, sans-serif;\">Por otra parte los representantes de ambos entes coincidieron en que debe hacerse una caracterizaci\u00f3n para conocer las necesidades formativas de los transportistas y as\u00ed iniciar un cronograma de formaci\u00f3n direccionado al gremio.\u00a0<\/span><\/div>\n<div dir=\"auto\"><\/div>\n<div dir=\"auto\"><span style=\"font-family: helvetica, arial, sans-serif;\">De igual manera se conoci\u00f3 que el Sindicato Ejecutivo de Transporte Setra Seccional Yaracuy, cuenta con un movimiento de mujeres, quienes ser\u00e1n atendidas en \u00e1reas como textil, reposter\u00eda, panader\u00eda, cocina, entre otras, lo que permitir\u00e1 que puedan emprender desde sus espacios un vez aprendan la t\u00e9cnica que imparte el Inces.<\/span><\/div>\n<div dir=\"auto\"><\/div>\n<div dir=\"auto\"><\/div>\n<div dir=\"auto\"><span style=\"font-family: helvetica, arial, sans-serif;\">Cabe destacar que dicha alianza es punta de lanza en la entidad, y que el objetivo principal es abordar a trav\u00e9s del sindicato las l\u00edneas de transporte que hacen vida en los 14 municipios del territorio.<\/span><\/div>\n<\/div>\n<div class=\"adL\"><\/div>\n<\/div>\n<\/div>\n<\/div>\n<\/div>\n<div id=\":18v\" class=\"hq gt\"><\/div>\n","protected":false},"excerpt":{"rendered":"<p>**Representantes del Sindicato de Transporte Ejecutivo (Setra) est\u00e1 motivado para capacitar a todo el personal y avanzar hacia la formaci\u00f3n t\u00e9cnica profesional\u00a0<\/p>\n","protected":false},"author":15,"featured_media":62484,"comment_status":"closed","ping_status":"closed","sticky":false,"template":"","format":"standard","meta":{"footnotes":""},"categories":[2],"tags":[],"class_list":["post-62482","post","type-post","status-publish","format-standard","has-post-thumbnail","hentry","category-blog"],"_links":{"self":[{"href":"https:\/\/inces.gob.ve\/index.php\/wp-json\/wp\/v2\/posts\/62482","targetHints":{"allow":["GET"]}}],"collection":[{"href":"https:\/\/inces.gob.ve\/index.php\/wp-json\/wp\/v2\/posts"}],"about":[{"href":"https:\/\/inces.gob.ve\/index.php\/wp-json\/wp\/v2\/types\/post"}],"author":[{"embeddable":true,"href":"https:\/\/inces.gob.ve\/index.php\/wp-json\/wp\/v2\/users\/15"}],"replies":[{"embeddable":true,"href":"https:\/\/inces.gob.ve\/index.php\/wp-json\/wp\/v2\/comments?post=62482"}],"version-history":[{"count":2,"href":"https:\/\/inces.gob.ve\/index.php\/wp-json\/wp\/v2\/posts\/62482\/revisions"}],"predecessor-version":[{"id":62486,"href":"https:\/\/inces.gob.ve\/index.php\/wp-json\/wp\/v2\/posts\/62482\/revisions\/62486"}],"wp:featuredmedia":[{"embeddable":true,"href":"https:\/\/inces.gob.ve\/index.php\/wp-json\/wp\/v2\/media\/62484"}],"wp:attachment":[{"href":"https:\/\/inces.gob.ve\/index.php\/wp-json\/wp\/v2\/media?parent=62482"}],"wp:term":[{"taxonomy":"category","embeddable":true,"href":"https:\/\/inces.gob.ve\/index.php\/wp-json\/wp\/v2\/categories?post=62482"},{"taxonomy":"post_tag","embeddable":true,"href":"https:\/\/inces.gob.ve\/index.php\/wp-json\/wp\/v2\/tags?post=62482"}],"curies":[{"name":"wp","href":"https:\/\/api.w.org\/{rel}","templated":true}]}}