{"id":62509,"date":"2025-02-05T10:58:27","date_gmt":"2025-02-05T14:58:27","guid":{"rendered":"https:\/\/inces.gob.ve\/?p=62509"},"modified":"2025-02-05T11:11:02","modified_gmt":"2025-02-05T15:11:02","slug":"amazonas-pna-realiza-encuentro-para-fortalecer-alianzas","status":"publish","type":"post","link":"https:\/\/inces.gob.ve\/index.php\/2025\/02\/05\/amazonas-pna-realiza-encuentro-para-fortalecer-alianzas\/","title":{"rendered":"AMAZONAS | PNA realiza encuentro para fortalecer alianzas"},"content":{"rendered":"<p style=\"font-weight: 400; text-align: justify;\"><span style=\"font-family: helvetica, arial, sans-serif;\"><em><strong>** PNA del INCES enfocada y comprometida con el desarrollo del pa\u00eds<\/strong><\/em><\/span><br \/>\n<span style=\"font-family: helvetica, arial, sans-serif;\"><!--more--><\/span><\/p>\n<p style=\"font-weight: 400; text-align: justify;\"><span style=\"font-family: helvetica, arial, sans-serif;\">FELIX RUIZ<\/span><\/p>\n<p style=\"font-weight: 400; text-align: justify;\"><span style=\"font-family: helvetica, arial, sans-serif;\">El Programa Nacional de Aprendizaje (PNA) llev\u00f3 a cabo un encuentro con los diferentes representantes de las Entidades de Trabajo que forman parte del programa, con el objetivo de discutir temas clave para el fortalecimiento y desarrollo del PNA. El encuentro cont\u00f3 con la presencia de Yulaisy Arena, responsable del programa, quien junto a Kelin Caballero abordaron temas esenciales para el crecimiento y desarrollo del PNA, donde se destacaron las estrategias que buscan mejorar la calidad de la ense\u00f1anza, as\u00ed como la incorporaci\u00f3n de nuevas metodolog\u00edas pedag\u00f3gicas.<\/span><\/p>\n<p style=\"text-align: justify;\"><span style=\"font-family: helvetica, arial, sans-serif;\"><img loading=\"lazy\" decoding=\"async\" class=\"aligncenter wp-image-62510 size-full\" src=\"https:\/\/inces.gob.ve\/wp-content\/uploads\/2025\/02\/photo_2025-02-04_14-56-51-e1738766308160.jpg\" alt=\"\" width=\"800\" height=\"434\" \/> <\/span><\/p>\n<p style=\"font-weight: 400; text-align: justify;\"><span style=\"font-family: helvetica, arial, sans-serif;\">Por otro lado, se evaluaron y analizaron junto a las empresas los logros alcanzados durante el a\u00f1o 2024, ofreciendo valiosos comentarios y sugerencias para futuras mejoras. De esta manera, se establecieron objetivos claros para el a\u00f1o 2025, asegurando una educaci\u00f3n de calidad para los aprendices. Tambi\u00e9n se discuti\u00f3 la incorporaci\u00f3n de nuevos aprendices a las entidades de trabajo, garantizando as\u00ed un flujo constante de nuevos participantes. Este esfuerzo busca ampliar el alcance del PNA, ofrecer oportunidades a un mayor n\u00famero de j\u00f3venes.<\/span><\/p>\n<p style=\"font-weight: 400; text-align: justify;\"><span style=\"font-family: helvetica, arial, sans-serif;\">Es indispensable recalcar la colaboraci\u00f3n entre el Inces y las entidades de trabajo, la cual es fundamental para el \u00e9xito del PNA, garantizando de igual forma que los aprendices reciban una \u00f3ptima formaci\u00f3n. Cabe mencionar que los j\u00f3venes aprendices pertenecientes al Programa Nacional de Aprendizaje (PNA) son trabajadores que se preparan bajo un perfil productivo requerido por dicha entidad de trabajo, los cuales que se encuentran en formaci\u00f3n, bajo la modalidad de dual inter-empresa, enfocada y comprometida con el desarrollo del pa\u00eds.<\/span><span style=\"font-family: helvetica, arial, sans-serif;\"><img loading=\"lazy\" decoding=\"async\" class=\"aligncenter wp-image-62511 size-full\" src=\"https:\/\/inces.gob.ve\/wp-content\/uploads\/2025\/02\/photo_2025-02-04_14-56-56-e1738766353405.jpg\" alt=\"\" width=\"800\" height=\"540\" \/><\/span><\/p>\n<p style=\"font-weight: 400; text-align: justify;\"><span style=\"font-family: helvetica, arial, sans-serif;\">A esta importante actividad asistieron las siguientes entidades de trabajo: Acuarios Amazonas, Farma Amazonas, Servi Amazonas, Textiles Amazonas, Alimentos Amazonas, Bloques y Agregados Amazonas, Lubricantes Amazonas, Hidrol\u00f3gica de Amazonas, Asfalto y Pavimento Amazonas. Y por \u00faltimo la Escuela Yanomami del Alto Orinoco. La actividad se realiz\u00f3 en las instalaciones del Centro de Formaci\u00f3n Socialista (CFS) Cacique Aramare de la ciudad de Puerto Ayacucho.<\/span><\/p>\n","protected":false},"excerpt":{"rendered":"<p>** PNA del INCES enfocada y comprometida con el desarrollo del pa\u00eds<\/p>\n","protected":false},"author":15,"featured_media":62513,"comment_status":"closed","ping_status":"closed","sticky":false,"template":"","format":"standard","meta":{"footnotes":""},"categories":[2],"tags":[],"class_list":["post-62509","post","type-post","status-publish","format-standard","has-post-thumbnail","hentry","category-blog"],"_links":{"self":[{"href":"https:\/\/inces.gob.ve\/index.php\/wp-json\/wp\/v2\/posts\/62509","targetHints":{"allow":["GET"]}}],"collection":[{"href":"https:\/\/inces.gob.ve\/index.php\/wp-json\/wp\/v2\/posts"}],"about":[{"href":"https:\/\/inces.gob.ve\/index.php\/wp-json\/wp\/v2\/types\/post"}],"author":[{"embeddable":true,"href":"https:\/\/inces.gob.ve\/index.php\/wp-json\/wp\/v2\/users\/15"}],"replies":[{"embeddable":true,"href":"https:\/\/inces.gob.ve\/index.php\/wp-json\/wp\/v2\/comments?post=62509"}],"version-history":[{"count":3,"href":"https:\/\/inces.gob.ve\/index.php\/wp-json\/wp\/v2\/posts\/62509\/revisions"}],"predecessor-version":[{"id":62516,"href":"https:\/\/inces.gob.ve\/index.php\/wp-json\/wp\/v2\/posts\/62509\/revisions\/62516"}],"wp:featuredmedia":[{"embeddable":true,"href":"https:\/\/inces.gob.ve\/index.php\/wp-json\/wp\/v2\/media\/62513"}],"wp:attachment":[{"href":"https:\/\/inces.gob.ve\/index.php\/wp-json\/wp\/v2\/media?parent=62509"}],"wp:term":[{"taxonomy":"category","embeddable":true,"href":"https:\/\/inces.gob.ve\/index.php\/wp-json\/wp\/v2\/categories?post=62509"},{"taxonomy":"post_tag","embeddable":true,"href":"https:\/\/inces.gob.ve\/index.php\/wp-json\/wp\/v2\/tags?post=62509"}],"curies":[{"name":"wp","href":"https:\/\/api.w.org\/{rel}","templated":true}]}}